{"id":15372,"date":"2026-03-10T16:19:57","date_gmt":"2026-03-10T14:19:57","guid":{"rendered":"https:\/\/www.miamedicalitalia.it\/?p=15372"},"modified":"2026-03-10T16:19:58","modified_gmt":"2026-03-10T14:19:58","slug":"paralimpiadi-invernali-2026-lo-sport-incontra-linnovazione","status":"publish","type":"post","link":"https:\/\/www.miamedicalitalia.it\/zh\/paralimpiadi-invernali-2026-lo-sport-incontra-linnovazione\/","title":{"rendered":"Paralimpiadi Invernali 2026: lo Sport incontra l\u2019Innovazione"},"content":{"rendered":"<p>I&nbsp;<strong>Giochi Paralimpici Invernali&nbsp;<\/strong>rappresentano uno degli eventi sportivi pi\u00f9 importanti a livello internazionale dedicati agli&nbsp;<strong>atleti con disabilit\u00e0<\/strong>. Per due settimane, sportivi provenienti da tutto il mondo si confrontano in diverse discipline sulla neve e sul ghiaccio, dimostrando come lo&nbsp;<strong>\u4f53\u80b2<\/strong>&nbsp;possa essere uno&nbsp;<strong>strumento concreto di inclusione, autonomia e superamento delle barriere.<\/strong><\/p>\n\n\n\n<p>Oltre alla dimensione sportiva, le&nbsp;<strong>Paralimpiadi<\/strong>&nbsp;hanno un forte&nbsp;<strong>valore sociale e culturale<\/strong>: contribuiscono ad aumentare la&nbsp;<strong>consapevolezza<\/strong>&nbsp;sulle tematiche della&nbsp;<strong>\u6b8b\u75be<\/strong>&nbsp;e a promuovere una&nbsp;<strong>rappresentazione<\/strong>&nbsp;pi\u00f9 corretta delle capacit\u00e0 e delle potenzialit\u00e0 delle persone.<\/p>\n\n\n\n<p>Per chi, come&nbsp;<strong><a href=\"https:\/\/www.miamedicalitalia.it\/zh\/\" type=\"link\" id=\"https:\/\/www.miamedicalitalia.it\/\">\u610f\u5927\u5229\u7c73\u5a05\u533b\u7597\u4e2d\u5fc3&nbsp;<\/a><\/strong>, lavora ogni giorno nel settore degli ausili e della mobilit\u00e0, questo evento rappresenta anche un\u2019occasione per riflettere sul ruolo dell\u2019innovazione tecnologica nel migliorare la qualit\u00e0 della vita e favorire una partecipazione pi\u00f9 ampia allo sport e alla vita quotidiana.<\/p>\n\n\n\n<p>Questa edizione delle&nbsp;<strong>Paralimpiadi Invernali<\/strong>&nbsp;si terr\u00e0&nbsp;<strong>dal 6 al 15 marzo 2026<\/strong>&nbsp;tra&nbsp;<strong>Milano, Cortina d\u2019Ampezzo e la Val di Fiemme (Tesero)<\/strong>. Per dieci giorni, atleti provenienti da tutto il mondo si confronteranno nelle sei discipline paralimpiche invernali, offrendo uno spettacolo sportivo di altissimo livello.&nbsp;<\/p>\n\n\n\n<p><a href=\"https:\/\/www.olympics.com\/it\/milano-cortina-2026\/giochi-paralimpici\/notizie\/paralimpiadi-invernali-milano-cortina-2026-programma-calendario-gare-medaglie-dove-vedere\">Consulta il programma completo ufficiale e scopri come seguire da casa l\u2019emozione di queste gare.<\/a><\/p>\n\n\n\n<h2 class=\"wp-block-heading\" id=\"h-le-discipline-delle-paralimpiadi-invernali-2026\"><strong>Le discipline delle Paralimpiadi invernali<\/strong> 2026<\/h2>\n\n\n\n<p>Il programma dei&nbsp;<strong>Giochi Paralimpici Invernali 2026<\/strong>, comprende sei discipline ufficiali. Ognuna di esse \u00e8 stata adattata per permettere ad atleti con diverse tipologie di disabilit\u00e0 di competere in modo equo.<\/p>\n\n\n\n<p>Alla base delle competizioni paralimpiche c\u2019\u00e8 infatti un sistema di&nbsp;<strong>classificazione sportiva<\/strong>, sviluppato dalla&nbsp;<strong>Commissione Internazionale Paralimpica<\/strong>, che suddivide gli atleti in categorie in base al tipo e al grado di disabilit\u00e0. Nelle discipline sulla neve le principali categorie sono:<\/p>\n\n\n\n<ul class=\"wp-block-list\">\n<li><strong>Standing<\/strong>: atleti con disabilit\u00e0 agli arti inferiori o superiori che gareggiano in posizione eretta, spesso con attrezzature adattate o protesi sportive.<\/li>\n\n\n\n<li><strong>Sitting<\/strong>: atleti con disabilit\u00e0 che coinvolgono gli arti inferiori e che competono utilizzando attrezzature come il sit-ski.<\/li>\n\n\n\n<li><strong>Visually impaired<\/strong>: atleti con disabilit\u00e0 visiva che gareggiano con il supporto di una guida, fondamentale per orientamento e sicurezza.<\/li>\n<\/ul>\n\n\n\n<p>Questa classificazione consente di garantire competizioni equilibrate, valorizzando al massimo le capacit\u00e0 atletiche di ciascun partecipante.<\/p>\n\n\n\n<p><a href=\"https:\/\/www.olympics.com\/it\/milano-cortina-2026\/giochi-paralimpici\/notizie\/italia-paralimpiadi-invernali-milano-cortina-2026-convocati-atleti-atlete-squadra-finale\">Scopri chi sono tutti gli atleti italiani che prenderanno parte alle gare!<\/a><\/p>\n\n\n\n<h3 class=\"wp-block-heading\" id=\"h-sci-alpino-paralimpico\"><strong>Sci alpino paralimpico<\/strong><\/h3>\n\n\n\n<figure class=\"wp-block-image size-full\"><img loading=\"lazy\" decoding=\"async\" width=\"2560\" height=\"1706\" src=\"https:\/\/www.miamedicalitalia.it\/wp-content\/uploads\/2026\/03\/IMG_5508-scaled.jpeg\" alt=\"\" class=\"wp-image-15387\" srcset=\"https:\/\/www.miamedicalitalia.it\/wp-content\/uploads\/2026\/03\/IMG_5508-scaled.jpeg 2560w, https:\/\/www.miamedicalitalia.it\/wp-content\/uploads\/2026\/03\/IMG_5508-1536x1024.jpeg 1536w, https:\/\/www.miamedicalitalia.it\/wp-content\/uploads\/2026\/03\/IMG_5508-2048x1365.jpeg 2048w, https:\/\/www.miamedicalitalia.it\/wp-content\/uploads\/2026\/03\/IMG_5508-18x12.jpeg 18w, https:\/\/www.miamedicalitalia.it\/wp-content\/uploads\/2026\/03\/IMG_5508-500x333.jpeg 500w, https:\/\/www.miamedicalitalia.it\/wp-content\/uploads\/2026\/03\/IMG_5508-700x467.jpeg 700w\" sizes=\"auto, (max-width: 2560px) 100vw, 2560px\" \/><figcaption class=\"wp-element-caption\">Credits: Foto Mauro Ujetto\/LaPresse 14-03-2018 Pyeongchang, Korea <\/figcaption><\/figure>\n\n\n\n<p>\u7f57 <strong>sci alpino<\/strong> \u00e8 una delle discipline pi\u00f9 spettacolari delle Paralimpiadi invernali. Le gare si terranno dal <strong>7 al 15 marzo<\/strong> presso il <strong><em>Tofane Alpine Skiing Centre<\/em><\/strong>, dove gli atleti si confronteranno in diverse specialit\u00e0, tra cui <strong>discesa libera<\/strong>, <strong>super-G<\/strong>, <strong>slalom gigante<\/strong> e <strong>slalom speciale<\/strong>.<\/p>\n\n\n\n<p>Le gare sono aperte a tutte e tre le categorie principali:<\/p>\n\n\n\n<ul class=\"wp-block-list\">\n<li><strong>Standing<\/strong>, per atleti che sciano in piedi con eventuali adattamenti dell\u2019attrezzatura;<\/li>\n\n\n\n<li><strong>Sitting<\/strong>, per atleti che utilizzano un&nbsp;<strong>sit-ski<\/strong>, una seduta montata su uno sci che permette di affrontare la pista mantenendo stabilit\u00e0 e controllo;<\/li>\n\n\n\n<li><strong>Visually impaired<\/strong>, in cui l\u2019atleta scende lungo la pista seguendo le indicazioni vocali della guida che lo precede.<\/li>\n<\/ul>\n\n\n\n<p><a href=\"https:\/\/www.olympics.com\/it\/milano-cortina-2026\/paralympic-games\/schedule\/alp\">Dai un\u2019occhiata al programma completo dello scii alpino Paralimpico sul sito ufficiale di Milano Cortina 2026<\/a>.<\/p>\n\n\n\n<h3 class=\"wp-block-heading\" id=\"h-sci-di-fondo-paralimpico\"><strong>Sci di fondo paralimpico<\/strong><\/h3>\n\n\n\n<figure class=\"wp-block-image size-full\"><img loading=\"lazy\" decoding=\"async\" width=\"800\" height=\"537\" src=\"https:\/\/www.miamedicalitalia.it\/wp-content\/uploads\/2026\/03\/IMG_5509.jpeg\" alt=\"\" class=\"wp-image-15389\" srcset=\"https:\/\/www.miamedicalitalia.it\/wp-content\/uploads\/2026\/03\/IMG_5509.jpeg 800w, https:\/\/www.miamedicalitalia.it\/wp-content\/uploads\/2026\/03\/IMG_5509-18x12.jpeg 18w, https:\/\/www.miamedicalitalia.it\/wp-content\/uploads\/2026\/03\/IMG_5509-500x336.jpeg 500w, https:\/\/www.miamedicalitalia.it\/wp-content\/uploads\/2026\/03\/IMG_5509-700x470.jpeg 700w\" sizes=\"auto, (max-width: 800px) 100vw, 800px\" \/><figcaption class=\"wp-element-caption\">Credits: Galleria immagini Comitato Italiano Paralimpico, Pechino 2022<\/figcaption><\/figure>\n\n\n\n<p>\u7f57 <strong>sci di fondo paralimpico<\/strong>, che si svolger\u00e0 a <strong>Tesero<\/strong> dal <strong>10 al 15 marzo<\/strong>, \u00e8 una specialit\u00e0 che richiede grande resistenza fisica e capacit\u00e0 tecnica. Gli atleti percorreranno tracciati di diversa lunghezza su terreno variabile, mettendo alla prova resistenza, coordinazione e gestione dello sforzo. Tra le varie distanze troviamo lo <strong>sprint<\/strong>\uff0c\"...... <strong>10km<\/strong>, <strong>20km<\/strong> e staffetta <strong>4&#215;2,5km<\/strong>.<\/p>\n\n\n\n<p>Anche in questa disciplina sono presenti le tre categorie:<\/p>\n\n\n\n<ul class=\"wp-block-list\">\n<li><strong>Standing<\/strong>, con sci tradizionali e adattamenti tecnici;<\/li>\n\n\n\n<li><strong>Sitting<\/strong>, con l\u2019utilizzo di una slitta speciale dotata di sci;<\/li>\n\n\n\n<li><strong>Visually impaired<\/strong>, con il supporto di una guida che accompagna l\u2019atleta lungo il percorso.<\/li>\n<\/ul>\n\n\n\n<p><a href=\"https:\/\/www.olympics.com\/it\/milano-cortina-2026\/paralympic-games\/schedule\/ccs\">Qui trovi il programma completo dello sci di fondo Paralimpico per non perdere nemmeno un appuntamento<\/a>!<\/p>\n\n\n\n<h3 class=\"wp-block-heading\" id=\"h-biathlon-paralimpico\"><strong>Biathlon paralimpico<\/strong><\/h3>\n\n\n\n<figure class=\"wp-block-image size-full\"><img loading=\"lazy\" decoding=\"async\" width=\"1024\" height=\"581\" src=\"https:\/\/www.miamedicalitalia.it\/wp-content\/uploads\/2026\/03\/IMG_5511.jpeg\" alt=\"\" class=\"wp-image-15392\" srcset=\"https:\/\/www.miamedicalitalia.it\/wp-content\/uploads\/2026\/03\/IMG_5511.jpeg 1024w, https:\/\/www.miamedicalitalia.it\/wp-content\/uploads\/2026\/03\/IMG_5511-18x10.jpeg 18w, https:\/\/www.miamedicalitalia.it\/wp-content\/uploads\/2026\/03\/IMG_5511-500x284.jpeg 500w, https:\/\/www.miamedicalitalia.it\/wp-content\/uploads\/2026\/03\/IMG_5511-700x397.jpeg 700w\" sizes=\"auto, (max-width: 1024px) 100vw, 1024px\" \/><figcaption class=\"wp-element-caption\">Credits: Paralympics New Zealand <\/figcaption><\/figure>\n\n\n\n<p>L\u2019appuntamento per <strong>biathlon Paralimpico<\/strong> sar\u00e0 dal <strong>7 al 13 marzo<\/strong> presso il <strong><em>Tesero Cross-Country Skiing<\/em><\/strong> <strong><em>Stadium<\/em><\/strong>. Durante la gara gli atleti alternano tratti di sci a sessioni di tiro al bersaglio, che richiedono precisione e controllo del respiro dopo uno sforzo intenso. Per di pi\u00f9, gli atleti con disabilit\u00e0 visiva utilizzano un&nbsp;<strong>sistema di puntamento acustico<\/strong>&nbsp;che permette di orientarsi verso il bersaglio attraverso segnali sonori.<\/p>\n\n\n\n<p>Come nello sci di fondo, anche il biathlon prevede le categorie&nbsp;<strong>standing<\/strong>,&nbsp;<strong>sitting<\/strong>&nbsp;e&nbsp;<strong>visually impaired<\/strong>.&nbsp;<a href=\"https:\/\/www.olympics.com\/it\/milano-cortina-2026\/giochi-paralimpici\/schedule\/bth\">Visita il programma completo ufficiale del biathlon Paralimpico di Milano Cortina 2026.&nbsp;<\/a><\/p>\n\n\n\n<h3 class=\"wp-block-heading\" id=\"h-para-ice-hockey\"><strong>Para ice hockey<\/strong><\/h3>\n\n\n\n<figure class=\"wp-block-image size-full\"><img loading=\"lazy\" decoding=\"async\" width=\"735\" height=\"416\" src=\"https:\/\/www.miamedicalitalia.it\/wp-content\/uploads\/2026\/03\/IMG_5513.jpeg\" alt=\"\" class=\"wp-image-15394\" srcset=\"https:\/\/www.miamedicalitalia.it\/wp-content\/uploads\/2026\/03\/IMG_5513.jpeg 735w, https:\/\/www.miamedicalitalia.it\/wp-content\/uploads\/2026\/03\/IMG_5513-18x10.jpeg 18w, https:\/\/www.miamedicalitalia.it\/wp-content\/uploads\/2026\/03\/IMG_5513-500x283.jpeg 500w, https:\/\/www.miamedicalitalia.it\/wp-content\/uploads\/2026\/03\/IMG_5513-700x396.jpeg 700w\" sizes=\"auto, (max-width: 735px) 100vw, 735px\" \/><figcaption class=\"wp-element-caption\">Credits: LaRepubblica<\/figcaption><\/figure>\n\n\n\n<p>\u01de\u01de\u01de <strong>para ice hockey<\/strong> \u00e8 uno degli sport di squadra pi\u00f9 dinamici del programma paralimpico. Gli atleti si muovono sul ghiaccio utilizzando&nbsp;<strong>slitte dotate di lame<\/strong>, progettate per garantire stabilit\u00e0 e velocit\u00e0. Le competizioni si apriranno alla <strong><em>Milano Santa Giulia Ice Hockey Arena<\/em><\/strong> \u7684 <strong>7 marzo<\/strong>, con la categoria a squadre miste, per contendersi la medaglia d\u2019oro il <strong>15 marzo<\/strong>.&nbsp;<a href=\"https:\/\/www.olympics.com\/it\/milano-cortina-2026\/paralympic-games\/schedule\/iho\">Segui il programma completo ufficiale!<\/a><\/p>\n\n\n\n<h3 class=\"wp-block-heading\" id=\"h-snowboard-paralimpico\"><strong>Snowboard paralimpico<\/strong><\/h3>\n\n\n\n<figure class=\"wp-block-image size-full\"><img loading=\"lazy\" decoding=\"async\" width=\"720\" height=\"480\" src=\"https:\/\/www.miamedicalitalia.it\/wp-content\/uploads\/2026\/03\/IMG_5515.jpeg\" alt=\"\" class=\"wp-image-15395\" srcset=\"https:\/\/www.miamedicalitalia.it\/wp-content\/uploads\/2026\/03\/IMG_5515.jpeg 720w, https:\/\/www.miamedicalitalia.it\/wp-content\/uploads\/2026\/03\/IMG_5515-18x12.jpeg 18w, https:\/\/www.miamedicalitalia.it\/wp-content\/uploads\/2026\/03\/IMG_5515-500x333.jpeg 500w, https:\/\/www.miamedicalitalia.it\/wp-content\/uploads\/2026\/03\/IMG_5515-700x467.jpeg 700w\" sizes=\"auto, (max-width: 720px) 100vw, 720px\" \/><figcaption class=\"wp-element-caption\">Credits: Paralympic Team Belgium<\/figcaption><\/figure>\n\n\n\n<p>\u7f57 <strong>snowboard paralimpico<\/strong> \u00e8 una disciplina relativamente recente nel programma dei Giochi. Le gare si svolgeranno su percorsi tecnici e veloci che richiedono grande equilibrio, coordinazione e capacit\u00e0 di controllo della tavola al <strong><em>Cortina Para Snowboard Park<\/em><\/strong>, nelle discipline di <strong>banked slalom<\/strong> e <strong>snowboard cross<\/strong>. Attualmente la disciplina \u00e8 riservata ad atleti della categoria&nbsp;<strong>standing<\/strong>, spesso con amputazioni o altre disabilit\u00e0 agli arti inferiori.<\/p>\n\n\n\n<p><a href=\"https:\/\/www.olympics.com\/it\/milano-cortina-2026\/giochi-paralimpici\/schedule\/sbd\">Consulta il programma completo dello snowboard Paralimpico per non perdere nessun appuntamento importante.&nbsp;<\/a><\/p>\n\n\n\n<h3 class=\"wp-block-heading\" id=\"h-wheelchair-curling\"><strong>Wheelchair curling<\/strong><\/h3>\n\n\n\n<figure class=\"wp-block-image size-full\"><img loading=\"lazy\" decoding=\"async\" width=\"1200\" height=\"537\" src=\"https:\/\/www.miamedicalitalia.it\/wp-content\/uploads\/2026\/03\/IMG_5517.jpeg\" alt=\"\" class=\"wp-image-15396\" srcset=\"https:\/\/www.miamedicalitalia.it\/wp-content\/uploads\/2026\/03\/IMG_5517.jpeg 1200w, https:\/\/www.miamedicalitalia.it\/wp-content\/uploads\/2026\/03\/IMG_5517-18x8.jpeg 18w, https:\/\/www.miamedicalitalia.it\/wp-content\/uploads\/2026\/03\/IMG_5517-500x224.jpeg 500w, https:\/\/www.miamedicalitalia.it\/wp-content\/uploads\/2026\/03\/IMG_5517-700x313.jpeg 700w\" sizes=\"auto, (max-width: 1200px) 100vw, 1200px\" \/><figcaption class=\"wp-element-caption\">Credits: Canadian Paralympic Commitee<\/figcaption><\/figure>\n\n\n\n<p>\u01de\u01de\u01de <strong>wheelchair curling <\/strong>\u00e8 la versione adattata del curling tradizionale per atleti che utilizzano la <strong>\u8f6e\u6905<\/strong>. A differenza della versione olimpica, gli atleti non effettuano la fase di spazzolamento del ghiaccio dopo il lancio della pietra.<\/p>\n\n\n\n<p>Le competizioni si basano principalmente su&nbsp;<strong>precisione, strategia e lavoro di squadra<\/strong>, rendendo questa disciplina particolarmente tecnica e tattica. Le gare si prolungheranno fino al <strong>14 marzo<\/strong>.<\/p>\n\n\n\n<p><a href=\"https:\/\/www.olympics.com\/it\/milano-cortina-2026\/paralympic-games\/schedule\/cur\">Trovi qui il programma completo delle gare.&nbsp;<\/a><\/p>\n\n\n\n<h2 class=\"wp-block-heading\" id=\"h-il-ruolo-degli-ausili-e-della-tecnologia-nelle-paralimpiadi-invernali-2026\"><strong>Il ruolo degli ausili e della tecnologia nelle Paralimpiadi Invernali 2026<\/strong><\/h2>\n\n\n\n<figure class=\"wp-block-gallery has-nested-images columns-default is-cropped wp-block-gallery-1 is-layout-flex wp-block-gallery-is-layout-flex\">\n<figure class=\"wp-block-image size-large\"><img loading=\"lazy\" decoding=\"async\" width=\"500\" height=\"500\" data-id=\"15398\" src=\"https:\/\/www.miamedicalitalia.it\/wp-content\/uploads\/2026\/03\/IMG_5516.jpeg\" alt=\"\" class=\"wp-image-15398\" srcset=\"https:\/\/www.miamedicalitalia.it\/wp-content\/uploads\/2026\/03\/IMG_5516.jpeg 500w, https:\/\/www.miamedicalitalia.it\/wp-content\/uploads\/2026\/03\/IMG_5516-150x150.jpeg 150w, https:\/\/www.miamedicalitalia.it\/wp-content\/uploads\/2026\/03\/IMG_5516-12x12.jpeg 12w, https:\/\/www.miamedicalitalia.it\/wp-content\/uploads\/2026\/03\/IMG_5516-100x100.jpeg 100w\" sizes=\"auto, (max-width: 500px) 100vw, 500px\" \/><\/figure>\n\n\n\n<figure class=\"wp-block-image size-large\"><img loading=\"lazy\" decoding=\"async\" width=\"800\" height=\"520\" data-id=\"15399\" src=\"https:\/\/www.miamedicalitalia.it\/wp-content\/uploads\/2026\/03\/IMG_5518.jpeg\" alt=\"\" class=\"wp-image-15399\" srcset=\"https:\/\/www.miamedicalitalia.it\/wp-content\/uploads\/2026\/03\/IMG_5518.jpeg 800w, https:\/\/www.miamedicalitalia.it\/wp-content\/uploads\/2026\/03\/IMG_5518-18x12.jpeg 18w, https:\/\/www.miamedicalitalia.it\/wp-content\/uploads\/2026\/03\/IMG_5518-500x325.jpeg 500w, https:\/\/www.miamedicalitalia.it\/wp-content\/uploads\/2026\/03\/IMG_5518-700x455.jpeg 700w\" sizes=\"auto, (max-width: 800px) 100vw, 800px\" \/><\/figure>\n\n\n\n<figure class=\"wp-block-image size-large\"><img loading=\"lazy\" decoding=\"async\" width=\"1400\" height=\"600\" data-id=\"15400\" src=\"https:\/\/www.miamedicalitalia.it\/wp-content\/uploads\/2026\/03\/IMG_5520.jpeg\" alt=\"\" class=\"wp-image-15400\" srcset=\"https:\/\/www.miamedicalitalia.it\/wp-content\/uploads\/2026\/03\/IMG_5520.jpeg 1400w, https:\/\/www.miamedicalitalia.it\/wp-content\/uploads\/2026\/03\/IMG_5520-18x8.jpeg 18w, https:\/\/www.miamedicalitalia.it\/wp-content\/uploads\/2026\/03\/IMG_5520-500x214.jpeg 500w, https:\/\/www.miamedicalitalia.it\/wp-content\/uploads\/2026\/03\/IMG_5520-700x300.jpeg 700w\" sizes=\"auto, (max-width: 1400px) 100vw, 1400px\" \/><\/figure>\n<\/figure>\n\n\n\n<p>Uno degli aspetti pi\u00f9 interessanti delle\u00a0<strong>Paralimpiadi Invernali 2026<\/strong> \u00a0\u00e8 il ruolo fondamentale svolto dalla <strong>tecnologia<\/strong> e dagli <strong><a href=\"https:\/\/francobaldo.it\/protesi-e-sport-invernali-si-o-no\/\" type=\"link\" id=\"https:\/\/francobaldo.it\/protesi-e-sport-invernali-si-o-no\/\">ausili sportivi<\/a><\/strong>. In molte discipline paralimpiche, infatti, attrezzature progettate appositamente permettono agli atleti di competere ad alto livello, garantendo sicurezza, prestazioni e adattamento alle diverse esigenze.<\/p>\n\n\n\n<p>Negli ultimi anni la ricerca nel campo degli ausili sportivi ha fatto passi avanti significativi. <strong>Materiali innovativi<\/strong>, <strong>progettazione ergonomica<\/strong> e <strong>tecnologie sempre pi\u00f9 avanzate<\/strong> hanno contribuito a migliorare le performance degli atleti e a rendere lo <strong>sport accessibile<\/strong> a un numero crescente di persone.<\/p>\n\n\n\n<p>Tra le principali soluzioni utilizzate nelle discipline invernali troviamo diverse tipologie di ausili specifici.<\/p>\n\n\n\n<h3 class=\"wp-block-heading\" id=\"h-sit-ski\"><strong>Sit-ski<\/strong><\/h3>\n\n\n\n<p>\u01de\u01de\u01de&nbsp;<strong>sit-ski<\/strong>&nbsp;\u00e8 uno degli ausili pi\u00f9 rappresentativi dello sport paralimpico invernale. Si tratta di una struttura composta da una seduta montata su uno o due sci, progettata per permettere agli atleti con disabilit\u00e0 agli arti inferiori di praticare sci alpino o sci di fondo.<\/p>\n\n\n\n<p>La struttura \u00e8 studiata per garantire stabilit\u00e0, controllo e assorbimento degli urti durante la discesa o lungo i percorsi di gara. Gli atleti utilizzano inoltre due piccoli bastoni con stabilizzatori per mantenere l\u2019equilibrio e gestire le curve.<\/p>\n\n\n\n<h3 class=\"wp-block-heading\" id=\"h-protesi-sportive\"><strong>Protesi sportive<\/strong><\/h3>\n\n\n\n<p>In discipline come lo snowboard o nello sci alpino per la categoria standing, molti atleti utilizzano&nbsp;<strong>protesi sportive progettate specificamente per l\u2019attivit\u00e0 agonistica<\/strong>.<\/p>\n\n\n\n<p>Rispetto alle protesi utilizzate nella vita quotidiana, quelle sportive sono realizzate con materiali particolarmente leggeri e resistenti, come fibre composite e leghe avanzate. L\u2019obiettivo \u00e8 offrire maggiore reattivit\u00e0, stabilit\u00e0 e capacit\u00e0 di assorbimento delle sollecitazioni generate durante la pratica sportiva.<\/p>\n\n\n\n<h3 class=\"wp-block-heading\" id=\"h-sistemi-di-guida-per-atleti-con-disabilita-visiva\"><strong>Sistemi di guida per atleti con disabilit\u00e0 visiva<\/strong><\/h3>\n\n\n\n<p>Gli atleti con disabilit\u00e0 visiva partecipano alle gare con il supporto di una&nbsp;<strong>\u5411\u5bfc<\/strong>, figura fondamentale che li accompagna durante la competizione.Nelle discipline sulla neve la guida scia davanti all\u2019atleta e fornisce indicazioni costanti sulla direzione, sul ritmo e sugli eventuali cambi di pendenza. La comunicazione avviene tramite comandi vocali diretti oppure attraverso sistemi radio integrati nel casco.<\/p>\n\n\n\n<p>Nel biathlon, inoltre, vengono utilizzati&nbsp;<strong>sistemi di puntamento acustico<\/strong>, che permettono all\u2019atleta di individuare il bersaglio attraverso segnali sonori che diventano pi\u00f9 intensi man mano che la mira si avvicina al centro.<\/p>\n\n\n\n<h3 class=\"wp-block-heading\" id=\"h-slitte-per-para-ice-hockey\"><strong>Slitte per para ice hockey<\/strong><\/h3>\n\n\n\n<p>Nel&nbsp;<strong>para ice hockey<\/strong>&nbsp;gli atleti utilizzano una slitta dotata di due lame che consente di muoversi sul ghiaccio mantenendo stabilit\u00e0 e velocit\u00e0.<\/p>\n\n\n\n<p>I giocatori utilizzano due bastoni speciali: una estremit\u00e0 \u00e8 dotata di piccole punte metalliche per spingersi sul ghiaccio, mentre l\u2019altra \u00e8 utilizzata per controllare e colpire il disco. Questa configurazione permette movimenti rapidi e grande agilit\u00e0 durante il gioco.<\/p>\n\n\n\n<h2 class=\"wp-block-heading\" id=\"h-innovazione-e-accessibilita-alle-paralimpiadi-invernali-2026\"><strong>Innovazione e accessibilit\u00e0<\/strong> alle Paralimpiadi Invernali 2026<\/h2>\n\n\n\n<p>Le tecnologie utilizzate nello <strong>sport paralimpico<\/strong> rappresentano spesso un laboratorio di innovazione che ha <strong>ricadute positive anche nella vita quotidiana<\/strong>. Molte soluzioni sviluppate per l\u2019attivit\u00e0 sportiva contribuiscono infatti a migliorare la <strong>progettazione degli ausili per la mobilit\u00e0, favorendo maggiore autonomia e partecipazione<\/strong>.<\/p>\n\n\n\n<p>Per realt\u00e0 che operano nel settore degli ausili, come Mia Medical, il progresso tecnologico rappresenta un elemento centrale: innovazione, ricerca e attenzione alle esigenze delle persone sono strumenti fondamentali per promuovere una societ\u00e0 sempre pi\u00f9 accessibile e inclusiva.<\/p>\n\n\n\n<h2 class=\"wp-block-heading\" id=\"h-paralimpiadi-invernali-milano-cortina-2026-un-evento-sportivo-con-un-forte-impatto-sociale\">Paralimpiadi Invernali Milano Cortina 2026: <strong>Un evento sportivo con un forte impatto sociale<\/strong><\/h2>\n\n\n\n<p>\u01de\u01de\u01de <strong>Paralimpiadi<\/strong> rappresentano non solo una competizione sportiva di alto livello, ma anche un\u2019importante occasione di <strong>sensibilizzazione sul tema della disabilit\u00e0<\/strong>.<\/p>\n\n\n\n<p>Attraverso la visibilit\u00e0 degli atleti e delle loro performance, l\u2019evento contribuisce a <strong>contrastare stereotipi e pregiudizi ancora presenti nella societ\u00e0, promuovendo una cultura pi\u00f9 inclusiva.<\/strong><\/p>\n\n\n\n<p>Per realt\u00e0 impegnate nel settore degli ausili e della mobilit\u00e0 come <strong><a href=\"https:\/\/www.miamedicalitalia.it\/zh\/\" type=\"link\" id=\"https:\/\/www.miamedicalitalia.it\/\">\u7c73\u5a05\u533b\u7597<\/a><\/strong>, iniziative di questo tipo rappresentano un importante momento di riflessione sull\u2019importanza <strong>dell\u2019accessibilit\u00e0<\/strong>, <strong>dell\u2019innovazione<\/strong> e del <strong>diritto di tutte le persone a partecipare pienamente alla vita sociale e sportiva.<\/strong><\/p>\n\n\n\n<p>\u522b\u5fd8\u4e86\u8ba2\u9605\u6211\u4eec\u7684 <strong><a href=\"https:\/\/www.miamedicalitalia.it\/zh\/contatti\/\" type=\"link\" id=\"https:\/\/www.miamedicalitalia.it\/contatti\/\">\u901a\u8baf<\/a><\/strong>, in modo da non perdere nessuna novit\u00e0 sul mondo del turismo accessibile, disabilit\u00e0, ausili sanitari e molto altro ancora!<\/p>","protected":false},"excerpt":{"rendered":"<p>I&nbsp;Giochi Paralimpici Invernali&nbsp;rappresentano uno degli eventi sportivi pi\u00f9 importanti a livello internazionale [&hellip;]<\/p>\n","protected":false},"author":809,"featured_media":15386,"comment_status":"open","ping_status":"open","sticky":false,"template":"","format":"standard","meta":{"_acf_changed":false,"footnotes":""},"categories":[186],"tags":[554,551,308,552,548,545,546,547,550,549,553],"class_list":["post-15372","post","type-post","status-publish","format-standard","has-post-thumbnail","hentry","category-articoli-disabili","tag-ausili","tag-biathlon-paralimpico","tag-disabilita","tag-ice-hockey-paralimpico","tag-milano-cortina-2026","tag-paralimpiadi","tag-paralimpiadi-invernali","tag-paralimpiadi-invernali-2026","tag-sci-alpino-paralimpico","tag-sci-di-fondo-paralimpico","tag-snowboard-paralimpico"],"acf":[],"yoast_head":"<!-- This site is optimized with the Yoast SEO Premium plugin v27.5 (Yoast SEO v27.5) - https:\/\/yoast.com\/product\/yoast-seo-premium-wordpress\/ -->\n<title>Paralimpiadi Invernali 2026: lo Sport incontra l\u2019Innovazione - Mia Medical<\/title>\n<meta name=\"description\" content=\"Tutto quello che c\u2019\u00e8 da sapere sulle Paralimpiadi invernali di Milano Cortina 2026: curiosit\u00e0, specialit\u00e0, programma orario e atleti in gara.\" \/>\n<meta name=\"robots\" content=\"index, follow, max-snippet:-1, max-image-preview:large, max-video-preview:-1\" \/>\n<link rel=\"canonical\" href=\"https:\/\/www.miamedicalitalia.it\/zh\/paralimpiadi-invernali-2026-lo-sport-incontra-linnovazione\/\" \/>\n<meta property=\"og:locale\" content=\"zh_CN\" \/>\n<meta property=\"og:type\" content=\"article\" \/>\n<meta property=\"og:title\" content=\"Paralimpiadi Invernali 2026: lo Sport incontra l\u2019Innovazione - Mia Medical\" \/>\n<meta property=\"og:description\" content=\"Tutto quello che c\u2019\u00e8 da sapere sulle Paralimpiadi invernali di Milano Cortina 2026: curiosit\u00e0, specialit\u00e0, programma orario e atleti in gara.\" \/>\n<meta property=\"og:url\" content=\"https:\/\/www.miamedicalitalia.it\/zh\/paralimpiadi-invernali-2026-lo-sport-incontra-linnovazione\/\" \/>\n<meta property=\"og:site_name\" content=\"Mia Medical\" \/>\n<meta property=\"article:publisher\" content=\"https:\/\/www.facebook.com\/miamedicalitalia\" \/>\n<meta property=\"article:published_time\" content=\"2026-03-10T14:19:57+00:00\" \/>\n<meta property=\"article:modified_time\" content=\"2026-03-10T14:19:58+00:00\" \/>\n<meta property=\"og:image\" content=\"https:\/\/www.miamedicalitalia.it\/wp-content\/uploads\/2026\/03\/IMG_5507.png\" \/>\n\t<meta property=\"og:image:width\" content=\"1024\" \/>\n\t<meta property=\"og:image:height\" content=\"683\" \/>\n\t<meta property=\"og:image:type\" content=\"image\/png\" \/>\n<meta name=\"author\" content=\"Anna Norante\" \/>\n<meta name=\"twitter:card\" content=\"summary_large_image\" \/>\n<meta name=\"twitter:label1\" content=\"\u4f5c\u8005\" \/>\n\t<meta name=\"twitter:data1\" content=\"Anna Norante\" \/>\n\t<meta name=\"twitter:label2\" content=\"\u9884\u8ba1\u9605\u8bfb\u65f6\u95f4\" \/>\n\t<meta name=\"twitter:data2\" content=\"11 \u5206\" \/>\n<script type=\"application\/ld+json\" class=\"yoast-schema-graph\">{\"@context\":\"https:\\\/\\\/schema.org\",\"@graph\":[{\"@type\":\"Article\",\"@id\":\"https:\\\/\\\/www.miamedicalitalia.it\\\/paralimpiadi-invernali-2026-lo-sport-incontra-linnovazione\\\/#article\",\"isPartOf\":{\"@id\":\"https:\\\/\\\/www.miamedicalitalia.it\\\/paralimpiadi-invernali-2026-lo-sport-incontra-linnovazione\\\/\"},\"author\":{\"name\":\"Anna Norante\",\"@id\":\"https:\\\/\\\/www.miamedicalitalia.it\\\/#\\\/schema\\\/person\\\/04a65f5cdcc128d65095be90c183f35a\"},\"headline\":\"Paralimpiadi Invernali 2026: lo Sport incontra l\u2019Innovazione\",\"datePublished\":\"2026-03-10T14:19:57+00:00\",\"dateModified\":\"2026-03-10T14:19:58+00:00\",\"mainEntityOfPage\":{\"@id\":\"https:\\\/\\\/www.miamedicalitalia.it\\\/paralimpiadi-invernali-2026-lo-sport-incontra-linnovazione\\\/\"},\"wordCount\":1636,\"commentCount\":0,\"publisher\":{\"@id\":\"https:\\\/\\\/www.miamedicalitalia.it\\\/#organization\"},\"image\":{\"@id\":\"https:\\\/\\\/www.miamedicalitalia.it\\\/paralimpiadi-invernali-2026-lo-sport-incontra-linnovazione\\\/#primaryimage\"},\"thumbnailUrl\":\"https:\\\/\\\/www.miamedicalitalia.it\\\/wp-content\\\/uploads\\\/2026\\\/03\\\/IMG_5507.png\",\"keywords\":[\"ausili\",\"biathlon Paralimpico\",\"disabilit\u00e0\",\"ice hockey Paralimpico\",\"Milano Cortina 2026\",\"Paralimpiadi\",\"Paralimpiadi Invernali\",\"Paralimpiadi Invernali 2026\",\"sci alpino Paralimpico\",\"sci di fondo Paralimpico\",\"snowboard Paralimpico\"],\"articleSection\":[\"Disabili\"],\"inLanguage\":\"zh-Hans\",\"potentialAction\":[{\"@type\":\"CommentAction\",\"name\":\"Comment\",\"target\":[\"https:\\\/\\\/www.miamedicalitalia.it\\\/paralimpiadi-invernali-2026-lo-sport-incontra-linnovazione\\\/#respond\"]}]},{\"@type\":\"WebPage\",\"@id\":\"https:\\\/\\\/www.miamedicalitalia.it\\\/paralimpiadi-invernali-2026-lo-sport-incontra-linnovazione\\\/\",\"url\":\"https:\\\/\\\/www.miamedicalitalia.it\\\/paralimpiadi-invernali-2026-lo-sport-incontra-linnovazione\\\/\",\"name\":\"Paralimpiadi Invernali 2026: lo Sport incontra l\u2019Innovazione - Mia Medical\",\"isPartOf\":{\"@id\":\"https:\\\/\\\/www.miamedicalitalia.it\\\/#website\"},\"primaryImageOfPage\":{\"@id\":\"https:\\\/\\\/www.miamedicalitalia.it\\\/paralimpiadi-invernali-2026-lo-sport-incontra-linnovazione\\\/#primaryimage\"},\"image\":{\"@id\":\"https:\\\/\\\/www.miamedicalitalia.it\\\/paralimpiadi-invernali-2026-lo-sport-incontra-linnovazione\\\/#primaryimage\"},\"thumbnailUrl\":\"https:\\\/\\\/www.miamedicalitalia.it\\\/wp-content\\\/uploads\\\/2026\\\/03\\\/IMG_5507.png\",\"datePublished\":\"2026-03-10T14:19:57+00:00\",\"dateModified\":\"2026-03-10T14:19:58+00:00\",\"description\":\"Tutto quello che c\u2019\u00e8 da sapere sulle Paralimpiadi invernali di Milano Cortina 2026: curiosit\u00e0, specialit\u00e0, programma orario e atleti in gara.\",\"breadcrumb\":{\"@id\":\"https:\\\/\\\/www.miamedicalitalia.it\\\/paralimpiadi-invernali-2026-lo-sport-incontra-linnovazione\\\/#breadcrumb\"},\"inLanguage\":\"zh-Hans\",\"potentialAction\":[{\"@type\":\"ReadAction\",\"target\":[\"https:\\\/\\\/www.miamedicalitalia.it\\\/paralimpiadi-invernali-2026-lo-sport-incontra-linnovazione\\\/\"]}]},{\"@type\":\"ImageObject\",\"inLanguage\":\"zh-Hans\",\"@id\":\"https:\\\/\\\/www.miamedicalitalia.it\\\/paralimpiadi-invernali-2026-lo-sport-incontra-linnovazione\\\/#primaryimage\",\"url\":\"https:\\\/\\\/www.miamedicalitalia.it\\\/wp-content\\\/uploads\\\/2026\\\/03\\\/IMG_5507.png\",\"contentUrl\":\"https:\\\/\\\/www.miamedicalitalia.it\\\/wp-content\\\/uploads\\\/2026\\\/03\\\/IMG_5507.png\",\"width\":1536,\"height\":1024,\"caption\":\"Paralimpiadi Invernali Milano Cortina 2026\"},{\"@type\":\"BreadcrumbList\",\"@id\":\"https:\\\/\\\/www.miamedicalitalia.it\\\/paralimpiadi-invernali-2026-lo-sport-incontra-linnovazione\\\/#breadcrumb\",\"itemListElement\":[{\"@type\":\"ListItem\",\"position\":1,\"name\":\"Home\",\"item\":\"https:\\\/\\\/www.miamedicalitalia.it\\\/\"},{\"@type\":\"ListItem\",\"position\":2,\"name\":\"Paralimpiadi Invernali 2026: lo Sport incontra l\u2019Innovazione\"}]},{\"@type\":\"WebSite\",\"@id\":\"https:\\\/\\\/www.miamedicalitalia.it\\\/#website\",\"url\":\"https:\\\/\\\/www.miamedicalitalia.it\\\/\",\"name\":\"www.miamedicalitalia.it\",\"description\":\"Noleggio e Vendita Attrezzatura Sanitarie\",\"publisher\":{\"@id\":\"https:\\\/\\\/www.miamedicalitalia.it\\\/#organization\"},\"potentialAction\":[{\"@type\":\"SearchAction\",\"target\":{\"@type\":\"EntryPoint\",\"urlTemplate\":\"https:\\\/\\\/www.miamedicalitalia.it\\\/?s={search_term_string}\"},\"query-input\":{\"@type\":\"PropertyValueSpecification\",\"valueRequired\":true,\"valueName\":\"search_term_string\"}}],\"inLanguage\":\"zh-Hans\"},{\"@type\":\"Organization\",\"@id\":\"https:\\\/\\\/www.miamedicalitalia.it\\\/#organization\",\"name\":\"OLG\",\"url\":\"https:\\\/\\\/www.miamedicalitalia.it\\\/\",\"logo\":{\"@type\":\"ImageObject\",\"inLanguage\":\"zh-Hans\",\"@id\":\"https:\\\/\\\/www.miamedicalitalia.it\\\/#\\\/schema\\\/logo\\\/image\\\/\",\"url\":\"https:\\\/\\\/www.miamedicalitalia.it\\\/wp-content\\\/uploads\\\/2023\\\/04\\\/mia-medical-logo-free.png\",\"contentUrl\":\"https:\\\/\\\/www.miamedicalitalia.it\\\/wp-content\\\/uploads\\\/2023\\\/04\\\/mia-medical-logo-free.png\",\"width\":700,\"height\":700,\"caption\":\"OLG\"},\"image\":{\"@id\":\"https:\\\/\\\/www.miamedicalitalia.it\\\/#\\\/schema\\\/logo\\\/image\\\/\"},\"sameAs\":[\"https:\\\/\\\/www.facebook.com\\\/miamedicalitalia\"]},{\"@type\":\"Person\",\"@id\":\"https:\\\/\\\/www.miamedicalitalia.it\\\/#\\\/schema\\\/person\\\/04a65f5cdcc128d65095be90c183f35a\",\"name\":\"Anna Norante\",\"image\":{\"@type\":\"ImageObject\",\"inLanguage\":\"zh-Hans\",\"@id\":\"https:\\\/\\\/secure.gravatar.com\\\/avatar\\\/f0be0e99d2a735522752a5fe34e6262c835130f0de176393ad559698341f2d55?s=96&d=mm&r=g\",\"url\":\"https:\\\/\\\/secure.gravatar.com\\\/avatar\\\/f0be0e99d2a735522752a5fe34e6262c835130f0de176393ad559698341f2d55?s=96&d=mm&r=g\",\"contentUrl\":\"https:\\\/\\\/secure.gravatar.com\\\/avatar\\\/f0be0e99d2a735522752a5fe34e6262c835130f0de176393ad559698341f2d55?s=96&d=mm&r=g\",\"caption\":\"Anna Norante\"}}]}<\/script>\n<!-- \/ Yoast SEO Premium plugin. -->","yoast_head_json":{"title":"Paralimpiadi Invernali 2026: lo Sport incontra l\u2019Innovazione - Mia Medical","description":"Tutto quello che c\u2019\u00e8 da sapere sulle Paralimpiadi invernali di Milano Cortina 2026: curiosit\u00e0, specialit\u00e0, programma orario e atleti in gara.","robots":{"index":"index","follow":"follow","max-snippet":"max-snippet:-1","max-image-preview":"max-image-preview:large","max-video-preview":"max-video-preview:-1"},"canonical":"https:\/\/www.miamedicalitalia.it\/zh\/paralimpiadi-invernali-2026-lo-sport-incontra-linnovazione\/","og_locale":"zh_CN","og_type":"article","og_title":"Paralimpiadi Invernali 2026: lo Sport incontra l\u2019Innovazione - Mia Medical","og_description":"Tutto quello che c\u2019\u00e8 da sapere sulle Paralimpiadi invernali di Milano Cortina 2026: curiosit\u00e0, specialit\u00e0, programma orario e atleti in gara.","og_url":"https:\/\/www.miamedicalitalia.it\/zh\/paralimpiadi-invernali-2026-lo-sport-incontra-linnovazione\/","og_site_name":"Mia Medical","article_publisher":"https:\/\/www.facebook.com\/miamedicalitalia","article_published_time":"2026-03-10T14:19:57+00:00","article_modified_time":"2026-03-10T14:19:58+00:00","og_image":[{"url":"https:\/\/www.miamedicalitalia.it\/wp-content\/uploads\/2026\/03\/IMG_5507.png","width":1024,"height":683,"type":"image\/png"}],"author":"Anna Norante","twitter_card":"summary_large_image","twitter_misc":{"\u4f5c\u8005":"Anna Norante","\u9884\u8ba1\u9605\u8bfb\u65f6\u95f4":"11 \u5206"},"schema":{"@context":"https:\/\/schema.org","@graph":[{"@type":"Article","@id":"https:\/\/www.miamedicalitalia.it\/paralimpiadi-invernali-2026-lo-sport-incontra-linnovazione\/#article","isPartOf":{"@id":"https:\/\/www.miamedicalitalia.it\/paralimpiadi-invernali-2026-lo-sport-incontra-linnovazione\/"},"author":{"name":"Anna Norante","@id":"https:\/\/www.miamedicalitalia.it\/#\/schema\/person\/04a65f5cdcc128d65095be90c183f35a"},"headline":"Paralimpiadi Invernali 2026: lo Sport incontra l\u2019Innovazione","datePublished":"2026-03-10T14:19:57+00:00","dateModified":"2026-03-10T14:19:58+00:00","mainEntityOfPage":{"@id":"https:\/\/www.miamedicalitalia.it\/paralimpiadi-invernali-2026-lo-sport-incontra-linnovazione\/"},"wordCount":1636,"commentCount":0,"publisher":{"@id":"https:\/\/www.miamedicalitalia.it\/#organization"},"image":{"@id":"https:\/\/www.miamedicalitalia.it\/paralimpiadi-invernali-2026-lo-sport-incontra-linnovazione\/#primaryimage"},"thumbnailUrl":"https:\/\/www.miamedicalitalia.it\/wp-content\/uploads\/2026\/03\/IMG_5507.png","keywords":["ausili","biathlon Paralimpico","disabilit\u00e0","ice hockey Paralimpico","Milano Cortina 2026","Paralimpiadi","Paralimpiadi Invernali","Paralimpiadi Invernali 2026","sci alpino Paralimpico","sci di fondo Paralimpico","snowboard Paralimpico"],"articleSection":["Disabili"],"inLanguage":"zh-Hans","potentialAction":[{"@type":"CommentAction","name":"Comment","target":["https:\/\/www.miamedicalitalia.it\/paralimpiadi-invernali-2026-lo-sport-incontra-linnovazione\/#respond"]}]},{"@type":"WebPage","@id":"https:\/\/www.miamedicalitalia.it\/paralimpiadi-invernali-2026-lo-sport-incontra-linnovazione\/","url":"https:\/\/www.miamedicalitalia.it\/paralimpiadi-invernali-2026-lo-sport-incontra-linnovazione\/","name":"Paralimpiadi Invernali 2026: lo Sport incontra l\u2019Innovazione - Mia Medical","isPartOf":{"@id":"https:\/\/www.miamedicalitalia.it\/#website"},"primaryImageOfPage":{"@id":"https:\/\/www.miamedicalitalia.it\/paralimpiadi-invernali-2026-lo-sport-incontra-linnovazione\/#primaryimage"},"image":{"@id":"https:\/\/www.miamedicalitalia.it\/paralimpiadi-invernali-2026-lo-sport-incontra-linnovazione\/#primaryimage"},"thumbnailUrl":"https:\/\/www.miamedicalitalia.it\/wp-content\/uploads\/2026\/03\/IMG_5507.png","datePublished":"2026-03-10T14:19:57+00:00","dateModified":"2026-03-10T14:19:58+00:00","description":"Tutto quello che c\u2019\u00e8 da sapere sulle Paralimpiadi invernali di Milano Cortina 2026: curiosit\u00e0, specialit\u00e0, programma orario e atleti in gara.","breadcrumb":{"@id":"https:\/\/www.miamedicalitalia.it\/paralimpiadi-invernali-2026-lo-sport-incontra-linnovazione\/#breadcrumb"},"inLanguage":"zh-Hans","potentialAction":[{"@type":"ReadAction","target":["https:\/\/www.miamedicalitalia.it\/paralimpiadi-invernali-2026-lo-sport-incontra-linnovazione\/"]}]},{"@type":"ImageObject","inLanguage":"zh-Hans","@id":"https:\/\/www.miamedicalitalia.it\/paralimpiadi-invernali-2026-lo-sport-incontra-linnovazione\/#primaryimage","url":"https:\/\/www.miamedicalitalia.it\/wp-content\/uploads\/2026\/03\/IMG_5507.png","contentUrl":"https:\/\/www.miamedicalitalia.it\/wp-content\/uploads\/2026\/03\/IMG_5507.png","width":1536,"height":1024,"caption":"Paralimpiadi Invernali Milano Cortina 2026"},{"@type":"BreadcrumbList","@id":"https:\/\/www.miamedicalitalia.it\/paralimpiadi-invernali-2026-lo-sport-incontra-linnovazione\/#breadcrumb","itemListElement":[{"@type":"ListItem","position":1,"name":"Home","item":"https:\/\/www.miamedicalitalia.it\/"},{"@type":"ListItem","position":2,"name":"Paralimpiadi Invernali 2026: lo Sport incontra l\u2019Innovazione"}]},{"@type":"WebSite","@id":"https:\/\/www.miamedicalitalia.it\/#website","url":"https:\/\/www.miamedicalitalia.it\/","name":"www.miamedicalitalia.it","description":"\u536b\u751f\u8bbe\u5907\u7684\u79df\u8d41\u548c\u9500\u552e","publisher":{"@id":"https:\/\/www.miamedicalitalia.it\/#organization"},"potentialAction":[{"@type":"SearchAction","target":{"@type":"EntryPoint","urlTemplate":"https:\/\/www.miamedicalitalia.it\/?s={search_term_string}"},"query-input":{"@type":"PropertyValueSpecification","valueRequired":true,"valueName":"search_term_string"}}],"inLanguage":"zh-Hans"},{"@type":"Organization","@id":"https:\/\/www.miamedicalitalia.it\/#organization","name":"OLG","url":"https:\/\/www.miamedicalitalia.it\/","logo":{"@type":"ImageObject","inLanguage":"zh-Hans","@id":"https:\/\/www.miamedicalitalia.it\/#\/schema\/logo\/image\/","url":"https:\/\/www.miamedicalitalia.it\/wp-content\/uploads\/2023\/04\/mia-medical-logo-free.png","contentUrl":"https:\/\/www.miamedicalitalia.it\/wp-content\/uploads\/2023\/04\/mia-medical-logo-free.png","width":700,"height":700,"caption":"OLG"},"image":{"@id":"https:\/\/www.miamedicalitalia.it\/#\/schema\/logo\/image\/"},"sameAs":["https:\/\/www.facebook.com\/miamedicalitalia"]},{"@type":"Person","@id":"https:\/\/www.miamedicalitalia.it\/#\/schema\/person\/04a65f5cdcc128d65095be90c183f35a","name":"\u5b89\u5a1c-\u8bfa\u5170\u7279","image":{"@type":"ImageObject","inLanguage":"zh-Hans","@id":"https:\/\/secure.gravatar.com\/avatar\/f0be0e99d2a735522752a5fe34e6262c835130f0de176393ad559698341f2d55?s=96&d=mm&r=g","url":"https:\/\/secure.gravatar.com\/avatar\/f0be0e99d2a735522752a5fe34e6262c835130f0de176393ad559698341f2d55?s=96&d=mm&r=g","contentUrl":"https:\/\/secure.gravatar.com\/avatar\/f0be0e99d2a735522752a5fe34e6262c835130f0de176393ad559698341f2d55?s=96&d=mm&r=g","caption":"Anna Norante"}}]}},"_links":{"self":[{"href":"https:\/\/www.miamedicalitalia.it\/zh\/wp-json\/wp\/v2\/posts\/15372","targetHints":{"allow":["GET"]}}],"collection":[{"href":"https:\/\/www.miamedicalitalia.it\/zh\/wp-json\/wp\/v2\/posts"}],"about":[{"href":"https:\/\/www.miamedicalitalia.it\/zh\/wp-json\/wp\/v2\/types\/post"}],"author":[{"embeddable":true,"href":"https:\/\/www.miamedicalitalia.it\/zh\/wp-json\/wp\/v2\/users\/809"}],"replies":[{"embeddable":true,"href":"https:\/\/www.miamedicalitalia.it\/zh\/wp-json\/wp\/v2\/comments?post=15372"}],"version-history":[{"count":20,"href":"https:\/\/www.miamedicalitalia.it\/zh\/wp-json\/wp\/v2\/posts\/15372\/revisions"}],"predecessor-version":[{"id":15403,"href":"https:\/\/www.miamedicalitalia.it\/zh\/wp-json\/wp\/v2\/posts\/15372\/revisions\/15403"}],"wp:featuredmedia":[{"embeddable":true,"href":"https:\/\/www.miamedicalitalia.it\/zh\/wp-json\/wp\/v2\/media\/15386"}],"wp:attachment":[{"href":"https:\/\/www.miamedicalitalia.it\/zh\/wp-json\/wp\/v2\/media?parent=15372"}],"wp:term":[{"taxonomy":"category","embeddable":true,"href":"https:\/\/www.miamedicalitalia.it\/zh\/wp-json\/wp\/v2\/categories?post=15372"},{"taxonomy":"post_tag","embeddable":true,"href":"https:\/\/www.miamedicalitalia.it\/zh\/wp-json\/wp\/v2\/tags?post=15372"}],"curies":[{"name":"wp","href":"https:\/\/api.w.org\/{rel}","templated":true}]}}