{"id":14338,"date":"2025-09-07T20:44:31","date_gmt":"2025-09-07T18:44:31","guid":{"rendered":"https:\/\/www.miamedicalitalia.it\/?p=14338"},"modified":"2025-09-07T20:44:32","modified_gmt":"2025-09-07T18:44:32","slug":"disability-pride-roma-2025-tutto-quello-che-ce-da-sapere","status":"publish","type":"post","link":"https:\/\/www.miamedicalitalia.it\/zh\/disability-pride-roma-2025-tutto-quello-che-ce-da-sapere\/","title":{"rendered":"2025 \u5e74\u7f57\u9a6c\u6b8b\u75be\u4eba\u9a84\u50b2\uff1a\u4f60\u9700\u8981\u77e5\u9053\u7684\u4e00\u5207\u00a0"},"content":{"rendered":"<h4 class=\"wp-block-heading\" id=\"h-il-20-settembre-la-capitale-celebra-inclusione-e-diritti\">9 \u6708 20 \u65e5\uff0c\u9996\u90fd\u5e86\u795d\u5305\u5bb9\u4e0e\u6743\u5229 <\/h4>\n\n\n\n<figure class=\"wp-block-image size-full\"><img loading=\"lazy\" decoding=\"async\" width=\"2344\" height=\"1584\" src=\"https:\/\/www.miamedicalitalia.it\/wp-content\/uploads\/2025\/08\/IMG_4504.jpeg\" alt=\"DISABILITY PRIDE ROMA\" class=\"wp-image-14346\" srcset=\"https:\/\/www.miamedicalitalia.it\/wp-content\/uploads\/2025\/08\/IMG_4504.jpeg 2344w, https:\/\/www.miamedicalitalia.it\/wp-content\/uploads\/2025\/08\/IMG_4504-1536x1038.jpeg 1536w, https:\/\/www.miamedicalitalia.it\/wp-content\/uploads\/2025\/08\/IMG_4504-2048x1384.jpeg 2048w, https:\/\/www.miamedicalitalia.it\/wp-content\/uploads\/2025\/08\/IMG_4504-18x12.jpeg 18w, https:\/\/www.miamedicalitalia.it\/wp-content\/uploads\/2025\/08\/IMG_4504-500x338.jpeg 500w, https:\/\/www.miamedicalitalia.it\/wp-content\/uploads\/2025\/08\/IMG_4504-700x473.jpeg 700w\" sizes=\"auto, (max-width: 2344px) 100vw, 2344px\" \/><figcaption class=\"wp-element-caption\"><a href=\"https:\/\/www.rollingstone.it\/cultura\/ad-essere-disabili-sono-i-luoghi-non-le-persone-torna-il-disability-pride-italia\/671326\/\">\u6765\u81ea\u610f\u5927\u5229\u6eda\u77f3\u4e50\u961f<\/a>2022 \u5e74\u7f57\u9a6c\u6b8b\u75be\u4eba\u9a84\u50b2<\/figcaption><\/figure>\n\n\n\n<p>\u01de\u01de\u01de&nbsp;<strong>2025 \u5e74 9 \u6708 20 \u65e5<\/strong>&nbsp;\u8fd4\u56de\u7f57\u9a6c&nbsp;<strong>\u6b8b\u75be\u4eba\u7684\u9a84\u50b2<\/strong>\u8be5\u6d3b\u52a8\u65e8\u5728\u4fc3\u8fdb\u6b8b\u75be\u4eba\u7684\u6743\u5229\u3001\u5c0a\u91cd\u6559\u80b2\u548c\u5305\u5bb9\u3002\u8fd9\u9879\u6d3b\u52a8\u4e0d\u4ec5\u4ec5\u662f\u4e00\u6b21\u6e38\u884c\uff0c\u800c\u662f\u4e00\u4e2a\u771f\u6b63\u7684\u793e\u533a\u3001\u5206\u4eab\u548c\u53c2\u4e0e\u7684\u65f6\u523b\uff0c\u5411\u6240\u6709\u4eba\u5f00\u653e\u3002<\/p>\n\n\n\n<h3 class=\"wp-block-heading\" id=\"h-che-cos-e-il-disability-pride-e-perche-e-importante-partecipare-come-atto-di-consapevolezza-collettiva-nbsp\"><strong>\u4ec0\u4e48\u662f \"\u6b8b\u75be\u4eba\u9a84\u50b2\"\uff0c\u4e3a\u4ec0\u4e48\u5b83\u5f88\u91cd\u8981\uff1a\u53c2\u4e0e\u662f\u4e00\u79cd\u96c6\u4f53\u610f\u8bc6\u884c\u4e3a&nbsp;<\/strong><\/h3>\n\n\n\n<p>\u01de\u01de\u01de <strong><a href=\"https:\/\/www.disabilitypridesc.org\/home\">\u6b8b\u75be\u4eba\u7684\u9a84\u50b2 <\/a><\/strong>\u662f\u4e00\u9879\u56fd\u9645\u8fd0\u52a8\uff0c\u5176\u5b97\u65e8\u662f<\/p>\n\n\n\n<ul class=\"wp-block-list\">\n<li>\u589e\u5f3a\u6b8b\u75be\u4eba\u7684\u8ba4\u540c\u611f\u548c\u81ea\u8c6a\u611f\uff1b<\/li>\n\n\n\n<li>\u63d0\u9ad8\u5bf9\u6743\u5229\u548c\u5305\u5bb9\u7684\u8ba4\u8bc6\uff1b<\/li>\n\n\n\n<li>\u6253\u7834\u6587\u5316\u548c\u793e\u4f1a\u6210\u89c1\u4e0e\u969c\u788d\uff1b<\/li>\n<\/ul>\n\n\n\n<p>\u53c2\u52a0\u8fd9\u4e00\u5929\u610f\u5473\u7740&nbsp;<strong>\u4e3a\u5efa\u8bbe\u4e00\u4e2a\u66f4\u52a0\u5305\u5bb9\u7684\u793e\u4f1a\u800c\u594b\u6597<\/strong>\u6bcf\u4e2a\u4eba\u90fd\u80fd\u6709\u5e73\u7b49\u7684\u5c0a\u4e25\u548c\u673a\u4f1a\u751f\u6d3b\u5728\u5176\u4e2d\u3002<\/p>\n\n\n\n<h4 class=\"wp-block-heading\" id=\"h-la-storia-del-disability-pride-e-il-suo-messaggio-universale-diversita-come-risorsa-e-valore-per-l-intera-societa-nbsp\"><strong>\u6b8b\u75be\u4eba\u9a84\u50b2 \"\u7684\u5386\u53f2\u53ca\u5176\u666e\u904d\u4fe1\u606f\uff1a\u591a\u6837\u6027\u662f\u6574\u4e2a\u793e\u4f1a\u7684\u8d44\u6e90\u548c\u4ef7\u503c&nbsp;<\/strong><\/h4>\n\n\n\n<p>\u01de\u01de\u01de&nbsp;<strong>\u6b8b\u75be\u4eba\u7684\u9a84\u50b2<\/strong>&nbsp;\u8bde\u751f\u4e8e 20 \u4e16\u7eaa 90 \u5e74\u4ee3\u521d\u7684\u7f8e\u56fd\uff0c\u4ee5\u6c11\u6743\u8fd0\u52a8\u548c LGBTQ+ \u4e3a\u8363\u4e3a\u699c\u6837\u3002\u8fd9\u4e00\u7406\u5ff5\u975e\u5e38\u660e\u786e\uff1a&nbsp;<strong>\u5c06\u91cd\u70b9\u4ece\u5c06\u6b8b\u75be\u89c6\u4e3a\u4e00\u79cd\u9650\u5236\u8f6c\u53d8\u4e3a\u5c06\u6b8b\u75be\u89c6\u4e3a\u8eab\u4efd\u7684\u4e00\u90e8\u5206\uff0c\u5e76\u81ea\u8c6a\u800c\u6709\u5c0a\u4e25\u5730\u751f\u6d3b<\/strong>.<\/p>\n\n\n\n<p>\u5728\u610f\u5927\u5229\uff0c\u7b2c\u4e00\u7248\u53ef\u4ee5\u8ffd\u6eaf\u5230&nbsp;<strong>2015<\/strong>\u5728\u7f57\u9a6c\u4e3e\u884c\u7684\u6e38\u884c\u5f00\u521b\u4e86\u8fd9\u6761\u8def\u7ebf\uff0c\u73b0\u5728\u8d8a\u6765\u8d8a\u591a\u7684\u4eba\u53c2\u4e0e\u5176\u4e2d\uff0c\u5e76\u5728\u56fd\u5185\u548c\u56fd\u9645\u4e0a\u5f97\u5230\u8ba4\u53ef\u3002\u5982\u4eca\uff0c\u610f\u5927\u5229\u6b8b\u75be\u4eba\u9a84\u50b2\u7ec4\u7ec7\u5df2\u6210\u4e3a\u5728\u7ebd\u7ea6\u3001\u4f26\u6566\u3001\u67cf\u6797\u548c\u9a6c\u5fb7\u91cc\u7b49\u57ce\u5e02\u4e3e\u529e\u6d3b\u52a8\u7684\u5168\u7403\u7f51\u7edc\u7684\u4e00\u90e8\u5206\u3002<\/p>\n\n\n\n<h3 class=\"wp-block-heading\" id=\"h-disability-pride-roma-2025-come-partecipare\"><strong>2025 \u5e74\u7f57\u9a6c\u6b8b\u75be\u4eba\u9a84\u50b2\uff1a\u5982\u4f55\u53c2\u4e0e<\/strong><\/h3>\n\n\n\n<p><strong>\u65e5\u671f<\/strong>&nbsp;2025 \u5e74 9 \u6708 20 \u65e5\u661f\u671f\u516d<\/p>\n\n\n\n<p><strong>\u5730\u70b9\uff1a<\/strong>&nbsp;\u7f57\u9a6c\uff08\u5b98\u65b9\u6e38\u884c\u8def\u7ebf\u5c06\u5f88\u5feb\u5728\u7f51\u7ad9\u4e0a\u516c\u5e03&nbsp;<a href=\"https:\/\/www.disabilityprideitalia.org\/\">\u610f\u5927\u5229\u6b8b\u75be\u4eba\u9a84\u50b2<\/a>&nbsp;\u4ee5\u53ca\u6d3b\u52a8\u7684\u793e\u4ea4\u6e20\u9053\uff09\u3002<\/p>\n\n\n\n<figure class=\"wp-block-image size-full is-resized\"><img loading=\"lazy\" decoding=\"async\" width=\"674\" height=\"449\" src=\"https:\/\/www.miamedicalitalia.it\/wp-content\/uploads\/2025\/08\/IMG_4505-1.jpeg\" alt=\"\" class=\"wp-image-14354\" style=\"width:840px;height:auto\" srcset=\"https:\/\/www.miamedicalitalia.it\/wp-content\/uploads\/2025\/08\/IMG_4505-1.jpeg 674w, https:\/\/www.miamedicalitalia.it\/wp-content\/uploads\/2025\/08\/IMG_4505-1-18x12.jpeg 18w, https:\/\/www.miamedicalitalia.it\/wp-content\/uploads\/2025\/08\/IMG_4505-1-500x333.jpeg 500w\" sizes=\"auto, (max-width: 674px) 100vw, 674px\" \/><figcaption class=\"wp-element-caption\">\u7f57\u9a6c\u6b8b\u75be\u4eba\u81ea\u8c6a\u611f<\/figcaption><\/figure>\n\n\n\n<p>\u6d3b\u52a8\u5305\u62ec&nbsp;<strong><a href=\"https:\/\/www.superabile.it\/portale\/it\/storie-eventi-e-notizie\/news-disabilita\/dettaglio-notizia.2025.06.disability-pride-2025-roma-settembre.html\">\u6b8b\u75be\u4eba\u6e38\u884c<\/a><\/strong>,&nbsp;<strong>\u591a\u5f69\u7684\u8282\u65e5\u6e38\u884c<\/strong>&nbsp;\u8857\u9053\u4e4b\u95f4&nbsp;<strong>\u7f57\u9a6c\u5e02\u4e2d\u5fc3<\/strong>&nbsp;(\u4ece\u5723\u963f\u6ce2\u65af\u6258\u5229\u5e7f\u573a\uff08Piazza Santi Apostoli\uff09\u5230\u897f\u73ed\u7259\u5e7f\u573a\uff08Piazza di Spagna\uff09\u6216\u4eba\u6c11\u5e7f\u573a\uff08Piazza del Popolo\uff09\uff0c\u6709\u97f3\u4e50\u3001\u6f14\u8bb2\u3001\u89c1\u8bc1\u548c\u53cd\u601d\u3002\u6d3b\u52a8&nbsp;<strong>\u6b8b\u75be\u4eba\u6751<\/strong>&nbsp;\u5728\u5176\u4e2d\u4e00\u4e2a\u5386\u53f2\u60a0\u4e45\u7684\u5e7f\u573a\uff08\u897f\u73ed\u7259\u5e7f\u573a\u6216\u4eba\u6c11\u5e7f\u573a\uff09\uff0c\u60a8\u5c06\u6709\u673a\u4f1a\u53c2\u52a0\u4f17\u591a\u6d3b\u52a8\u3002<\/p>\n\n\n\n<p><strong>\u9080\u8bf7\u9762\u5411\u6240\u6709\u4eba\uff1a<\/strong> \u6b8b\u75be\u4eba\u3001\u62a4\u7406\u4eba\u5458\u3001\u5bb6\u5ead\u3001\u534f\u4f1a\u3001\u4e13\u4e1a\u4eba\u58eb\u548c\u516c\u6c11\uff0c\u4ed6\u4eec\u5e0c\u671b\u5171\u540c\u652f\u6301\u4e00\u4e2a\u66f4\u52a0\u516c\u6b63\u548c\u5305\u5bb9\u7684\u793e\u4f1a\u3002<\/p>\n\n\n\n<h3 class=\"wp-block-heading\" id=\"h-come-arrivare-con-la-metropolitana-e-mezzi-pubblici-informazioni-utili\"><strong>\u5982\u4f55\u4e58\u5750\u5730\u94c1\u548c\u516c\u5171\u4ea4\u901a\u5de5\u5177\u524d\u5f80\uff1a\u5b9e\u7528\u4fe1\u606f<\/strong><\/h3>\n\n\n\n<p>\u9057\u61be\u7684\u662f\uff0c\u6700\u9760\u8fd1\u8d77\u70b9\u7684\u8f66\u7ad9(<strong>\u897f\u73ed\u7259, \u5df4\u8d1d\u91cc\u5c3c, \u5171\u548c\u56fd<\/strong>)&nbsp;<strong>\u6ca1\u6709\u7535\u68af\u6216\u5de5\u4f5c\u5347\u964d\u68af<\/strong>.<\/p>\n\n\n\n<p>\u56e0\u6b64\uff0c\u5bf9\u4e8e\u8f6e\u6905\u4f7f\u7528\u8005\u6765\u8bf4\uff0c\u5730\u94c1\u5e76\u4e0d\u662f\u4e00\u4e2a\u5b9e\u7528\u7684\u89e3\u51b3\u65b9\u6848\u3002 <strong>\u5efa\u8bae\u7684\u66ff\u4ee3\u65b9\u6848<\/strong>: <strong><a href=\"https:\/\/www.atac.roma.it\/utility\/servizi-accessibili\">\u4f7f\u7528\u5e26\u624b\u52a8\u6216\u7535\u52a8\u811a\u8e0f\u677f\u7684\u5ba2\u8f66\u3002<\/a><\/strong><\/p>\n\n\n\n<p>- \u505c\u5728&nbsp;<strong>\u5a01\u5c3c\u65af\u5e7f\u573a<\/strong>&nbsp;(\u8ddd\u79bb\u5723\u963f\u6ce2\u65af\u6258\u5229\u5e7f\u573a\uff08Piazza Santi Apostoli\uff09200 \u7c73\uff09\uff1a&nbsp;<strong>40, 60, 64, 70, 80, 83, 85, 87, 118, 170, H<\/strong>\u90fd\u914d\u5907\u4e86\u65e0\u969c\u788d\u8bbe\u65bd\u3002<\/p>\n\n\n\n<p>\u5728 <strong>\u6c7d\u8f66<\/strong> \u4e3a\u62e5\u6709 <strong>\u6b8b\u75be\u4eba\u505c\u8f66\u548c\u901a\u884c\u5361<\/strong>\u8fd9\u662f\u6709\u53ef\u80fd\u7684\uff1a<\/p>\n\n\n\n<ul class=\"wp-block-list\">\n<li>\u8bbf\u95ee <strong>ZTL<\/strong> \u4e0d\u53d7\u9650\u5236\u5730\u6e38\u89c8\u5386\u53f2\u4e2d\u5fc3<\/li>\n\n\n\n<li> \u5c06\u8f66\u505c\u5728\u5a01\u5c3c\u65af\u5e7f\u573a\uff08Piazza Venezia\uff09\u548c\u5723\u963f\u6ce2\u65af\u6258\u5229\u5e7f\u573a\uff08Piazza Santi Apostoli\uff09\u9644\u8fd1\u8857\u9053\u7684\u9884\u7559\u505c\u8f66\u4f4d\u4e0a\u3002<\/li>\n<\/ul>\n\n\n\n<p><strong>\u5b9e\u7528\u5efa\u8bae<\/strong>\u00a0\u6700\u7b80\u5355\u4fbf\u6377\u7684\u65b9\u5f0f\u662f\u00a0<strong>\u7f57\u9a6c\u6b8b\u75be\u4eba\u9a84\u50b2<\/strong>\u00a0\u4e3a\u884c\u52a8\u4e0d\u4fbf\u8005\u63d0\u4f9b\u7684\u670d\u52a1\u662f\u00a0<strong>\u4e58\u6c7d\u8f66\u6216\u65e0\u969c\u788d\u5df4\u58eb\u5230\u8fbe\u5a01\u5c3c\u65af\u5e7f\u573a<\/strong>\u5e76\u4ece\u90a3\u91cc\u5411<a href=\"https:\/\/maps.apple.com\/?address=Piazza%20Santi%20Apostoli,%2000187%20Roma,%20Italia&amp;auid=14749013147826958395&amp;ll=41.897668,12.483063&amp;lsp=9902&amp;q=Piazza%20Santi%20Apostoli&amp;t=r\">\u00a0<strong>\u5723\u963f\u6ce2\u65af\u6258\u5229\u5e7f\u573a<\/strong><\/a>\u6e38\u884c\u7684\u8d77\u70b9\u3002<\/p>\n\n\n\n<h3 class=\"wp-block-heading\" id=\"h-il-ruolo-di-mia-medical-italia-al-fianco-delle-persone-con-disabilita-ogni-giorno\"><strong><a href=\"https:\/\/www.miamedicalitalia.it\/zh\/chi-siamo\/\">\u610f\u5927\u5229\u7c73\u5a05\u533b\u7597\u7684\u89d2\u8272\uff1a\u6bcf\u5929\u4e0e\u6b8b\u75be\u4eba\u5e76\u80a9\u4f5c\u6218<\/a><\/strong><\/h3>\n\n\n\n<p>\u5bf9\u4e8e <strong>\u610f\u5927\u5229\u7c73\u5a05\u533b\u7597\u4e2d\u5fc3 <\/strong>\u7684 <strong>\u6b8b\u75be\u4eba\u7684\u9a84\u50b2<\/strong> \u8fd9\u4e0d\u4ec5\u662f\u4e00\u5e74\u4e00\u5ea6\u7684\u7ea6\u4f1a\uff0c\u4e5f\u662f\u5bf9\u6211\u4eec\u65e5\u5e38\u627f\u8bfa\u7684\u63d0\u9192\uff1a\u00a0<strong>\u63d0\u4f9b\u81ea\u4e3b\u3001\u5b81\u9759\u548c\u798f\u7949<\/strong>\u00a0\u7ed9\u6700\u9700\u8981\u7684\u4eba\u3002\u591a\u5e74\u6765\uff0c\u6211\u4eec\u4e00\u76f4\u81f4\u529b\u4e8e\u63d0\u4f9b\u79fb\u52a8\u89e3\u51b3\u65b9\u6848\uff0c\u5207\u5b9e\u6539\u5584\u6b8b\u75be\u4eba\u7684\u751f\u6d3b\u3002<\/p>\n\n\n\n<p><a href=\"https:\/\/www.miamedicalitalia.it\/zh\/chi-siamo\/\">\u4e86\u89e3\u6211\u4eec\u662f\u8c01<\/a><\/p>\n\n\n\n<p>\u53c2\u4e0e\u548c\u652f\u6301\u5404\u79cd\u6d3b\u52a8\uff0c\u5982 <strong>\u7f57\u9a6c\u6b8b\u75be\u4eba\u9a84\u50b2<\/strong> \u610f\u5473\u7740\u91cd\u7533\u00a0<strong>\u5305\u5bb9\u548c\u6743\u5229\u662f\u6211\u4eec\u7684\u4f7f\u547d<\/strong>\u00a0\u5c31\u50cf\u6211\u4eec\u7684\u670d\u52a1\u6ce8\u91cd\u7ec6\u8282\u4e00\u6837\u3002 <a href=\"https:\/\/www.miamedicalitalia.it\/zh\/categoria\/affitto-e-noleggio-ausili\/\">\u8fdb\u4e00\u6b65\u4e86\u89e3\u6211\u4eec\u7684\u52a9\u884c\u5668\u5177\u548c\u7535\u52a8\u533b\u7597\u8bbe\u5907\u9500\u552e\u548c\u79df\u8d41\u670d\u52a1\u3002\u00a0<\/a><\/p>\n\n\n\n<figure class=\"wp-block-gallery has-nested-images columns-default is-cropped wp-block-gallery-1 is-layout-flex wp-block-gallery-is-layout-flex\">\n<figure class=\"wp-block-image size-large\"><img loading=\"lazy\" decoding=\"async\" width=\"691\" height=\"733\" data-id=\"14351\" src=\"https:\/\/www.miamedicalitalia.it\/wp-content\/uploads\/2025\/08\/IMG_4352.jpeg\" alt=\"\" class=\"wp-image-14351\" srcset=\"https:\/\/www.miamedicalitalia.it\/wp-content\/uploads\/2025\/08\/IMG_4352.jpeg 691w, https:\/\/www.miamedicalitalia.it\/wp-content\/uploads\/2025\/08\/IMG_4352-11x12.jpeg 11w, https:\/\/www.miamedicalitalia.it\/wp-content\/uploads\/2025\/08\/IMG_4352-500x530.jpeg 500w\" sizes=\"auto, (max-width: 691px) 100vw, 691px\" \/><figcaption class=\"wp-element-caption\">I <a href=\"https:\/\/www.miamedicalitalia.it\/zh\/categoria\/affitto-e-noleggio-ausili\/noleggio-e-affitto-carrozzina-elettrica-e-scooter\/\">\u6211\u4eec\u7684\u7535\u52a8\u6ed1\u677f\u8f66 <\/a><\/figcaption><\/figure>\n\n\n\n<figure class=\"wp-block-image size-large\"><img loading=\"lazy\" decoding=\"async\" width=\"1080\" height=\"1080\" data-id=\"14352\" src=\"https:\/\/www.miamedicalitalia.it\/wp-content\/uploads\/2025\/08\/IMG_4355.jpeg\" alt=\"\" class=\"wp-image-14352\" srcset=\"https:\/\/www.miamedicalitalia.it\/wp-content\/uploads\/2025\/08\/IMG_4355.jpeg 1080w, https:\/\/www.miamedicalitalia.it\/wp-content\/uploads\/2025\/08\/IMG_4355-150x150.jpeg 150w, https:\/\/www.miamedicalitalia.it\/wp-content\/uploads\/2025\/08\/IMG_4355-12x12.jpeg 12w, https:\/\/www.miamedicalitalia.it\/wp-content\/uploads\/2025\/08\/IMG_4355-500x500.jpeg 500w, https:\/\/www.miamedicalitalia.it\/wp-content\/uploads\/2025\/08\/IMG_4355-700x700.jpeg 700w, https:\/\/www.miamedicalitalia.it\/wp-content\/uploads\/2025\/08\/IMG_4355-100x100.jpeg 100w\" sizes=\"auto, (max-width: 1080px) 100vw, 1080px\" \/><figcaption class=\"wp-element-caption\">\u01de\u01de\u01de <a href=\"https:\/\/www.miamedicalitalia.it\/zh\/categoria\/affitto-e-noleggio-ausili\/noleggio-e-affitto-carrozzina-elettrica-e-scooter\/\">\u6211\u4eec\u7684\u8d85\u8f7b\u6298\u53e0\u7535\u52a8\u8f6e\u6905<\/a><\/figcaption><\/figure>\n\n\n\n<figure class=\"wp-block-image size-large\"><img loading=\"lazy\" decoding=\"async\" width=\"1000\" height=\"1000\" data-id=\"14350\" src=\"https:\/\/www.miamedicalitalia.it\/wp-content\/uploads\/2025\/08\/IMG_2158.jpeg\" alt=\"\" class=\"wp-image-14350\" srcset=\"https:\/\/www.miamedicalitalia.it\/wp-content\/uploads\/2025\/08\/IMG_2158.jpeg 1000w, https:\/\/www.miamedicalitalia.it\/wp-content\/uploads\/2025\/08\/IMG_2158-150x150.jpeg 150w, https:\/\/www.miamedicalitalia.it\/wp-content\/uploads\/2025\/08\/IMG_2158-12x12.jpeg 12w, https:\/\/www.miamedicalitalia.it\/wp-content\/uploads\/2025\/08\/IMG_2158-500x500.jpeg 500w, https:\/\/www.miamedicalitalia.it\/wp-content\/uploads\/2025\/08\/IMG_2158-700x700.jpeg 700w, https:\/\/www.miamedicalitalia.it\/wp-content\/uploads\/2025\/08\/IMG_2158-100x100.jpeg 100w\" sizes=\"auto, (max-width: 1000px) 100vw, 1000px\" \/><figcaption class=\"wp-element-caption\"><a href=\"https:\/\/www.miamedicalitalia.it\/zh\/categoria\/affitto-e-noleggio-ausili\/affitto-e-noleggio-carrozzina\/\">\u6211\u4eec\u7684\u6240\u6709\u8f6e\u6905\u578b\u53f7 <\/a><\/figcaption><\/figure>\n<\/figure>\n\n\n\n<p><strong>\u52a0\u5165 2025 \u5e74\u7f57\u9a6c\u6b8b\u75be\u4eba\u9a84\u50b2\u7ec4\u7ec7<\/strong>\u53c2\u4e0e\u3001\u5206\u4eab\uff0c\u53d1\u51fa\u4f60\u7684\u58f0\u97f3\u3002 <strong><a href=\"https:\/\/wa.me\/393926509237\">\u8054\u7cfb\u6211\u4eec<\/a><\/strong> \u73b0\u5728\u5c31\u53ef\u4ee5\u79df\u7528\u7535\u52a8\u4ee3\u6b65\u8f66\u3001\u8f6e\u6905\u7b49\uff0c\u53c2\u52a0\u8fd9\u4e00\u4e0d\u53ef\u9519\u8fc7\u7684\u6d3b\u52a8\uff01 <strong>\u81f4\u7535 +39 392 65 09 237<\/strong>.<\/p>\n\n\n\n<h3 class=\"wp-block-heading\" id=\"h-prossimo-appuntamento-disability-pride-firenze-2025\"><strong><a href=\"https:\/\/www.dptoscana.it\/\">\u4e0b\u4e00\u4e2a\u6d3b\u52a8\uff1a \u4f5b\u7f57\u4f26\u8428\u6b8b\u75be\u4eba\u9a84\u50b2 2025<\/a><\/strong><\/h3>\n\n\n\n<p>\u7ee7\u7f57\u9a6c\u4e4b\u540e\uff0c9 \u6708 27 \u65e5\u5c06\u8f6e\u5230\u4f5b\u7f57\u4f26\u8428\u3002&nbsp;<strong>\u6b8b\u75be\u4eba\u7684\u9a84\u50b2\u300b\u7b2c\u4e00\u7248<\/strong>.<\/p>\n\n\n\n<p>\u6211\u4eec\u5f88\u8363\u5e78\u5730\u83b7\u6089\u8fd9\u4e00\u6d88\u606f\uff0c\u5e76\u5c06\u5f88\u5feb\u5728\u6211\u4eec\u7684\u535a\u5ba2\u4e0a\u8fdb\u884c\u62a5\u9053\uff0c\u8fd9\u4e5f\u662f\u56e0\u4e3a\u7c73\u5a05\u533b\u7597\u7684\u603b\u90e8\u8bbe\u5728\u4f5b\u7f57\u4f26\u8428\uff0c\u6211\u4eec\u4e0d\u4f1a\u9519\u8fc7\u8fd9\u4e00\u65b0\u7684\u821e\u53f0\uff01&nbsp;<\/p>\n\n\n\n<p>\u8ba2\u9605\u6211\u4eec\u7684 <strong><a href=\"https:\/\/www.miamedicalitalia.it\/zh\/contatti\/\">\u901a\u8baf<\/a><\/strong> \u4e0d\u8981\u9519\u8fc7\u4efb\u4f55\u5173\u4e8e <strong>\u7f57\u9a6c\u548c\u4f5b\u7f57\u4f26\u8428\u7684\u65e0\u969c\u788d\u65c5\u6e38\u3001\u4e0d\u53ef\u9519\u8fc7\u7684\u52a9\u884c\u5668\u5177\u548c\u7535\u52a8\u533b\u7597\u8bbe\u5907\u4f18\u60e0\u3001\u5c0f\u8d34\u58eb\u7b49\uff01\u00a0<\/strong><\/p>","protected":false},"excerpt":{"rendered":"<p>Il 20 Settembre la Capitale celebra inclusione e diritti Il&nbsp;20 settembre 2025&nbsp;torna [&hellip;]<\/p>\n","protected":false},"author":809,"featured_media":14356,"comment_status":"open","ping_status":"open","sticky":false,"template":"","format":"standard","meta":{"_acf_changed":false,"footnotes":""},"categories":[183,186,176],"tags":[318,437,188,190,308,432,434,433,435,439,436,193,184],"class_list":["post-14338","post","type-post","status-publish","format-standard","has-post-thumbnail","hentry","category-articoli-anziani","category-articoli-disabili","category-news","tag-318","tag-accessibilita-mezzi-roma","tag-ausili-medicali","tag-benefici","tag-disabilita","tag-disability-pride","tag-disability-pride-parade-roma","tag-disability-pride-roma","tag-disability-village-roma","tag-inclusivita","tag-manifestazione-disabilita-roma","tag-noleggio","tag-turismo"],"acf":[],"yoast_head":"<!-- This site is optimized with the Yoast SEO Premium plugin v27.5 (Yoast SEO v27.5) - https:\/\/yoast.com\/product\/yoast-seo-premium-wordpress\/ -->\n<title>Disability Pride Roma 2025: tutto quello che c\u2019\u00e8 da sapere\u00a0 - Mia Medical<\/title>\n<meta name=\"description\" content=\"Il 20 settembre 2025 Roma torna ad ospitare il Disability Pride. Scopri tutto quello che c\u2019\u00e8 da sapere per partecipare alla manifestazione!\" \/>\n<meta name=\"robots\" content=\"index, follow, max-snippet:-1, max-image-preview:large, max-video-preview:-1\" \/>\n<link rel=\"canonical\" href=\"https:\/\/www.miamedicalitalia.it\/zh\/disability-pride-roma-2025-tutto-quello-che-ce-da-sapere\/\" \/>\n<meta property=\"og:locale\" content=\"zh_CN\" \/>\n<meta property=\"og:type\" content=\"article\" \/>\n<meta property=\"og:title\" content=\"Disability Pride Roma 2025: tutto quello che c\u2019\u00e8 da sapere\u00a0 - Mia Medical\" \/>\n<meta property=\"og:description\" content=\"Il 20 settembre 2025 Roma torna ad ospitare il Disability Pride. Scopri tutto quello che c\u2019\u00e8 da sapere per partecipare alla manifestazione!\" \/>\n<meta property=\"og:url\" content=\"https:\/\/www.miamedicalitalia.it\/zh\/disability-pride-roma-2025-tutto-quello-che-ce-da-sapere\/\" \/>\n<meta property=\"og:site_name\" content=\"Mia Medical\" \/>\n<meta property=\"article:publisher\" content=\"https:\/\/www.facebook.com\/miamedicalitalia\" \/>\n<meta property=\"article:published_time\" content=\"2025-09-07T18:44:31+00:00\" \/>\n<meta property=\"article:modified_time\" content=\"2025-09-07T18:44:32+00:00\" \/>\n<meta property=\"og:image\" content=\"https:\/\/www.miamedicalitalia.it\/wp-content\/uploads\/2025\/08\/D3Rk4hVXHS7SAAAAAElFTkSuQmCC.png\" \/>\n\t<meta property=\"og:image:width\" content=\"1024\" \/>\n\t<meta property=\"og:image:height\" content=\"1024\" \/>\n\t<meta property=\"og:image:type\" content=\"image\/png\" \/>\n<meta name=\"author\" content=\"Anna Norante\" \/>\n<meta name=\"twitter:card\" content=\"summary_large_image\" \/>\n<meta name=\"twitter:label1\" content=\"\u4f5c\u8005\" \/>\n\t<meta name=\"twitter:data1\" content=\"Anna Norante\" \/>\n\t<meta name=\"twitter:label2\" content=\"\u9884\u8ba1\u9605\u8bfb\u65f6\u95f4\" \/>\n\t<meta name=\"twitter:data2\" content=\"4 \u5206\" \/>\n<script type=\"application\/ld+json\" class=\"yoast-schema-graph\">{\"@context\":\"https:\\\/\\\/schema.org\",\"@graph\":[{\"@type\":\"Article\",\"@id\":\"https:\\\/\\\/www.miamedicalitalia.it\\\/disability-pride-roma-2025-tutto-quello-che-ce-da-sapere\\\/#article\",\"isPartOf\":{\"@id\":\"https:\\\/\\\/www.miamedicalitalia.it\\\/disability-pride-roma-2025-tutto-quello-che-ce-da-sapere\\\/\"},\"author\":{\"name\":\"Anna Norante\",\"@id\":\"https:\\\/\\\/www.miamedicalitalia.it\\\/#\\\/schema\\\/person\\\/04a65f5cdcc128d65095be90c183f35a\"},\"headline\":\"Disability Pride Roma 2025: tutto quello che c\u2019\u00e8 da sapere\u00a0\",\"datePublished\":\"2025-09-07T18:44:31+00:00\",\"dateModified\":\"2025-09-07T18:44:32+00:00\",\"mainEntityOfPage\":{\"@id\":\"https:\\\/\\\/www.miamedicalitalia.it\\\/disability-pride-roma-2025-tutto-quello-che-ce-da-sapere\\\/\"},\"wordCount\":822,\"commentCount\":0,\"publisher\":{\"@id\":\"https:\\\/\\\/www.miamedicalitalia.it\\\/#organization\"},\"image\":{\"@id\":\"https:\\\/\\\/www.miamedicalitalia.it\\\/disability-pride-roma-2025-tutto-quello-che-ce-da-sapere\\\/#primaryimage\"},\"thumbnailUrl\":\"https:\\\/\\\/www.miamedicalitalia.it\\\/wp-content\\\/uploads\\\/2025\\\/08\\\/D3Rk4hVXHS7SAAAAAElFTkSuQmCC.png\",\"keywords\":[\"2025\",\"accessibilit\u00e0 mezzi Roma\",\"ausili medicali\",\"benefici\",\"disabilit\u00e0\",\"Disability Pride\",\"Disability Pride Parade Roma\",\"Disability Pride Roma\",\"Disability Village Roma\",\"inclusivit\u00e0\",\"manifestazione disabilit\u00e0 Roma\",\"noleggio\",\"turismo\"],\"articleSection\":[\"Anziani\",\"Disabili\",\"News\"],\"inLanguage\":\"zh-Hans\",\"potentialAction\":[{\"@type\":\"CommentAction\",\"name\":\"Comment\",\"target\":[\"https:\\\/\\\/www.miamedicalitalia.it\\\/disability-pride-roma-2025-tutto-quello-che-ce-da-sapere\\\/#respond\"]}]},{\"@type\":\"WebPage\",\"@id\":\"https:\\\/\\\/www.miamedicalitalia.it\\\/disability-pride-roma-2025-tutto-quello-che-ce-da-sapere\\\/\",\"url\":\"https:\\\/\\\/www.miamedicalitalia.it\\\/disability-pride-roma-2025-tutto-quello-che-ce-da-sapere\\\/\",\"name\":\"Disability Pride Roma 2025: tutto quello che c\u2019\u00e8 da sapere\u00a0 - Mia Medical\",\"isPartOf\":{\"@id\":\"https:\\\/\\\/www.miamedicalitalia.it\\\/#website\"},\"primaryImageOfPage\":{\"@id\":\"https:\\\/\\\/www.miamedicalitalia.it\\\/disability-pride-roma-2025-tutto-quello-che-ce-da-sapere\\\/#primaryimage\"},\"image\":{\"@id\":\"https:\\\/\\\/www.miamedicalitalia.it\\\/disability-pride-roma-2025-tutto-quello-che-ce-da-sapere\\\/#primaryimage\"},\"thumbnailUrl\":\"https:\\\/\\\/www.miamedicalitalia.it\\\/wp-content\\\/uploads\\\/2025\\\/08\\\/D3Rk4hVXHS7SAAAAAElFTkSuQmCC.png\",\"datePublished\":\"2025-09-07T18:44:31+00:00\",\"dateModified\":\"2025-09-07T18:44:32+00:00\",\"description\":\"Il 20 settembre 2025 Roma torna ad ospitare il Disability Pride. Scopri tutto quello che c\u2019\u00e8 da sapere per partecipare alla manifestazione!\",\"breadcrumb\":{\"@id\":\"https:\\\/\\\/www.miamedicalitalia.it\\\/disability-pride-roma-2025-tutto-quello-che-ce-da-sapere\\\/#breadcrumb\"},\"inLanguage\":\"zh-Hans\",\"potentialAction\":[{\"@type\":\"ReadAction\",\"target\":[\"https:\\\/\\\/www.miamedicalitalia.it\\\/disability-pride-roma-2025-tutto-quello-che-ce-da-sapere\\\/\"]}]},{\"@type\":\"ImageObject\",\"inLanguage\":\"zh-Hans\",\"@id\":\"https:\\\/\\\/www.miamedicalitalia.it\\\/disability-pride-roma-2025-tutto-quello-che-ce-da-sapere\\\/#primaryimage\",\"url\":\"https:\\\/\\\/www.miamedicalitalia.it\\\/wp-content\\\/uploads\\\/2025\\\/08\\\/D3Rk4hVXHS7SAAAAAElFTkSuQmCC.png\",\"contentUrl\":\"https:\\\/\\\/www.miamedicalitalia.it\\\/wp-content\\\/uploads\\\/2025\\\/08\\\/D3Rk4hVXHS7SAAAAAElFTkSuQmCC.png\",\"width\":1024,\"height\":1024,\"caption\":\"DISABILITY PRIDE ROMA\"},{\"@type\":\"BreadcrumbList\",\"@id\":\"https:\\\/\\\/www.miamedicalitalia.it\\\/disability-pride-roma-2025-tutto-quello-che-ce-da-sapere\\\/#breadcrumb\",\"itemListElement\":[{\"@type\":\"ListItem\",\"position\":1,\"name\":\"Home\",\"item\":\"https:\\\/\\\/www.miamedicalitalia.it\\\/\"},{\"@type\":\"ListItem\",\"position\":2,\"name\":\"Disability Pride Roma 2025: tutto quello che c\u2019\u00e8 da sapere\u00a0\"}]},{\"@type\":\"WebSite\",\"@id\":\"https:\\\/\\\/www.miamedicalitalia.it\\\/#website\",\"url\":\"https:\\\/\\\/www.miamedicalitalia.it\\\/\",\"name\":\"www.miamedicalitalia.it\",\"description\":\"Noleggio e Vendita Attrezzatura Sanitarie\",\"publisher\":{\"@id\":\"https:\\\/\\\/www.miamedicalitalia.it\\\/#organization\"},\"potentialAction\":[{\"@type\":\"SearchAction\",\"target\":{\"@type\":\"EntryPoint\",\"urlTemplate\":\"https:\\\/\\\/www.miamedicalitalia.it\\\/?s={search_term_string}\"},\"query-input\":{\"@type\":\"PropertyValueSpecification\",\"valueRequired\":true,\"valueName\":\"search_term_string\"}}],\"inLanguage\":\"zh-Hans\"},{\"@type\":\"Organization\",\"@id\":\"https:\\\/\\\/www.miamedicalitalia.it\\\/#organization\",\"name\":\"OLG\",\"url\":\"https:\\\/\\\/www.miamedicalitalia.it\\\/\",\"logo\":{\"@type\":\"ImageObject\",\"inLanguage\":\"zh-Hans\",\"@id\":\"https:\\\/\\\/www.miamedicalitalia.it\\\/#\\\/schema\\\/logo\\\/image\\\/\",\"url\":\"https:\\\/\\\/www.miamedicalitalia.it\\\/wp-content\\\/uploads\\\/2023\\\/04\\\/mia-medical-logo-free.png\",\"contentUrl\":\"https:\\\/\\\/www.miamedicalitalia.it\\\/wp-content\\\/uploads\\\/2023\\\/04\\\/mia-medical-logo-free.png\",\"width\":700,\"height\":700,\"caption\":\"OLG\"},\"image\":{\"@id\":\"https:\\\/\\\/www.miamedicalitalia.it\\\/#\\\/schema\\\/logo\\\/image\\\/\"},\"sameAs\":[\"https:\\\/\\\/www.facebook.com\\\/miamedicalitalia\"]},{\"@type\":\"Person\",\"@id\":\"https:\\\/\\\/www.miamedicalitalia.it\\\/#\\\/schema\\\/person\\\/04a65f5cdcc128d65095be90c183f35a\",\"name\":\"Anna Norante\",\"image\":{\"@type\":\"ImageObject\",\"inLanguage\":\"zh-Hans\",\"@id\":\"https:\\\/\\\/secure.gravatar.com\\\/avatar\\\/f0be0e99d2a735522752a5fe34e6262c835130f0de176393ad559698341f2d55?s=96&d=mm&r=g\",\"url\":\"https:\\\/\\\/secure.gravatar.com\\\/avatar\\\/f0be0e99d2a735522752a5fe34e6262c835130f0de176393ad559698341f2d55?s=96&d=mm&r=g\",\"contentUrl\":\"https:\\\/\\\/secure.gravatar.com\\\/avatar\\\/f0be0e99d2a735522752a5fe34e6262c835130f0de176393ad559698341f2d55?s=96&d=mm&r=g\",\"caption\":\"Anna Norante\"}}]}<\/script>\n<!-- \/ Yoast SEO Premium plugin. -->","yoast_head_json":{"title":"2025 \u5e74\u7f57\u9a6c\u6b8b\u75be\u4eba\u9a84\u50b2\uff1a\u60a8\u9700\u8981\u4e86\u89e3\u7684\u4e00\u5207 - Mia Medical","description":"2025 \u5e74 9 \u6708 20 \u65e5\uff0c\u7f57\u9a6c\u5c06\u518d\u6b21\u4e3e\u529e\u6b8b\u75be\u4eba\u9a84\u50b2\u6d3b\u52a8\u3002\u4e86\u89e3\u53c2\u52a0\u8be5\u6d3b\u52a8\u6240\u9700\u7684\u4e00\u5207\u4fe1\u606f\uff01","robots":{"index":"index","follow":"follow","max-snippet":"max-snippet:-1","max-image-preview":"max-image-preview:large","max-video-preview":"max-video-preview:-1"},"canonical":"https:\/\/www.miamedicalitalia.it\/zh\/disability-pride-roma-2025-tutto-quello-che-ce-da-sapere\/","og_locale":"zh_CN","og_type":"article","og_title":"Disability Pride Roma 2025: tutto quello che c\u2019\u00e8 da sapere\u00a0 - Mia Medical","og_description":"Il 20 settembre 2025 Roma torna ad ospitare il Disability Pride. Scopri tutto quello che c\u2019\u00e8 da sapere per partecipare alla manifestazione!","og_url":"https:\/\/www.miamedicalitalia.it\/zh\/disability-pride-roma-2025-tutto-quello-che-ce-da-sapere\/","og_site_name":"Mia Medical","article_publisher":"https:\/\/www.facebook.com\/miamedicalitalia","article_published_time":"2025-09-07T18:44:31+00:00","article_modified_time":"2025-09-07T18:44:32+00:00","og_image":[{"url":"https:\/\/www.miamedicalitalia.it\/wp-content\/uploads\/2025\/08\/D3Rk4hVXHS7SAAAAAElFTkSuQmCC.png","width":1024,"height":1024,"type":"image\/png"}],"author":"Anna Norante","twitter_card":"summary_large_image","twitter_misc":{"\u4f5c\u8005":"Anna Norante","\u9884\u8ba1\u9605\u8bfb\u65f6\u95f4":"4 \u5206"},"schema":{"@context":"https:\/\/schema.org","@graph":[{"@type":"Article","@id":"https:\/\/www.miamedicalitalia.it\/disability-pride-roma-2025-tutto-quello-che-ce-da-sapere\/#article","isPartOf":{"@id":"https:\/\/www.miamedicalitalia.it\/disability-pride-roma-2025-tutto-quello-che-ce-da-sapere\/"},"author":{"name":"Anna Norante","@id":"https:\/\/www.miamedicalitalia.it\/#\/schema\/person\/04a65f5cdcc128d65095be90c183f35a"},"headline":"Disability Pride Roma 2025: tutto quello che c\u2019\u00e8 da sapere\u00a0","datePublished":"2025-09-07T18:44:31+00:00","dateModified":"2025-09-07T18:44:32+00:00","mainEntityOfPage":{"@id":"https:\/\/www.miamedicalitalia.it\/disability-pride-roma-2025-tutto-quello-che-ce-da-sapere\/"},"wordCount":822,"commentCount":0,"publisher":{"@id":"https:\/\/www.miamedicalitalia.it\/#organization"},"image":{"@id":"https:\/\/www.miamedicalitalia.it\/disability-pride-roma-2025-tutto-quello-che-ce-da-sapere\/#primaryimage"},"thumbnailUrl":"https:\/\/www.miamedicalitalia.it\/wp-content\/uploads\/2025\/08\/D3Rk4hVXHS7SAAAAAElFTkSuQmCC.png","keywords":["2025","accessibilit\u00e0 mezzi Roma","ausili medicali","benefici","disabilit\u00e0","Disability Pride","Disability Pride Parade Roma","Disability Pride Roma","Disability Village Roma","inclusivit\u00e0","manifestazione disabilit\u00e0 Roma","noleggio","turismo"],"articleSection":["Anziani","Disabili","News"],"inLanguage":"zh-Hans","potentialAction":[{"@type":"CommentAction","name":"Comment","target":["https:\/\/www.miamedicalitalia.it\/disability-pride-roma-2025-tutto-quello-che-ce-da-sapere\/#respond"]}]},{"@type":"WebPage","@id":"https:\/\/www.miamedicalitalia.it\/disability-pride-roma-2025-tutto-quello-che-ce-da-sapere\/","url":"https:\/\/www.miamedicalitalia.it\/disability-pride-roma-2025-tutto-quello-che-ce-da-sapere\/","name":"2025 \u5e74\u7f57\u9a6c\u6b8b\u75be\u4eba\u9a84\u50b2\uff1a\u60a8\u9700\u8981\u4e86\u89e3\u7684\u4e00\u5207 - Mia Medical","isPartOf":{"@id":"https:\/\/www.miamedicalitalia.it\/#website"},"primaryImageOfPage":{"@id":"https:\/\/www.miamedicalitalia.it\/disability-pride-roma-2025-tutto-quello-che-ce-da-sapere\/#primaryimage"},"image":{"@id":"https:\/\/www.miamedicalitalia.it\/disability-pride-roma-2025-tutto-quello-che-ce-da-sapere\/#primaryimage"},"thumbnailUrl":"https:\/\/www.miamedicalitalia.it\/wp-content\/uploads\/2025\/08\/D3Rk4hVXHS7SAAAAAElFTkSuQmCC.png","datePublished":"2025-09-07T18:44:31+00:00","dateModified":"2025-09-07T18:44:32+00:00","description":"2025 \u5e74 9 \u6708 20 \u65e5\uff0c\u7f57\u9a6c\u5c06\u518d\u6b21\u4e3e\u529e\u6b8b\u75be\u4eba\u9a84\u50b2\u6d3b\u52a8\u3002\u4e86\u89e3\u53c2\u52a0\u8be5\u6d3b\u52a8\u6240\u9700\u7684\u4e00\u5207\u4fe1\u606f\uff01","breadcrumb":{"@id":"https:\/\/www.miamedicalitalia.it\/disability-pride-roma-2025-tutto-quello-che-ce-da-sapere\/#breadcrumb"},"inLanguage":"zh-Hans","potentialAction":[{"@type":"ReadAction","target":["https:\/\/www.miamedicalitalia.it\/disability-pride-roma-2025-tutto-quello-che-ce-da-sapere\/"]}]},{"@type":"ImageObject","inLanguage":"zh-Hans","@id":"https:\/\/www.miamedicalitalia.it\/disability-pride-roma-2025-tutto-quello-che-ce-da-sapere\/#primaryimage","url":"https:\/\/www.miamedicalitalia.it\/wp-content\/uploads\/2025\/08\/D3Rk4hVXHS7SAAAAAElFTkSuQmCC.png","contentUrl":"https:\/\/www.miamedicalitalia.it\/wp-content\/uploads\/2025\/08\/D3Rk4hVXHS7SAAAAAElFTkSuQmCC.png","width":1024,"height":1024,"caption":"DISABILITY PRIDE ROMA"},{"@type":"BreadcrumbList","@id":"https:\/\/www.miamedicalitalia.it\/disability-pride-roma-2025-tutto-quello-che-ce-da-sapere\/#breadcrumb","itemListElement":[{"@type":"ListItem","position":1,"name":"Home","item":"https:\/\/www.miamedicalitalia.it\/"},{"@type":"ListItem","position":2,"name":"Disability Pride Roma 2025: tutto quello che c\u2019\u00e8 da sapere\u00a0"}]},{"@type":"WebSite","@id":"https:\/\/www.miamedicalitalia.it\/#website","url":"https:\/\/www.miamedicalitalia.it\/","name":"www.miamedicalitalia.it","description":"\u536b\u751f\u8bbe\u5907\u7684\u79df\u8d41\u548c\u9500\u552e","publisher":{"@id":"https:\/\/www.miamedicalitalia.it\/#organization"},"potentialAction":[{"@type":"SearchAction","target":{"@type":"EntryPoint","urlTemplate":"https:\/\/www.miamedicalitalia.it\/?s={search_term_string}"},"query-input":{"@type":"PropertyValueSpecification","valueRequired":true,"valueName":"search_term_string"}}],"inLanguage":"zh-Hans"},{"@type":"Organization","@id":"https:\/\/www.miamedicalitalia.it\/#organization","name":"OLG","url":"https:\/\/www.miamedicalitalia.it\/","logo":{"@type":"ImageObject","inLanguage":"zh-Hans","@id":"https:\/\/www.miamedicalitalia.it\/#\/schema\/logo\/image\/","url":"https:\/\/www.miamedicalitalia.it\/wp-content\/uploads\/2023\/04\/mia-medical-logo-free.png","contentUrl":"https:\/\/www.miamedicalitalia.it\/wp-content\/uploads\/2023\/04\/mia-medical-logo-free.png","width":700,"height":700,"caption":"OLG"},"image":{"@id":"https:\/\/www.miamedicalitalia.it\/#\/schema\/logo\/image\/"},"sameAs":["https:\/\/www.facebook.com\/miamedicalitalia"]},{"@type":"Person","@id":"https:\/\/www.miamedicalitalia.it\/#\/schema\/person\/04a65f5cdcc128d65095be90c183f35a","name":"\u5b89\u5a1c-\u8bfa\u5170\u7279","image":{"@type":"ImageObject","inLanguage":"zh-Hans","@id":"https:\/\/secure.gravatar.com\/avatar\/f0be0e99d2a735522752a5fe34e6262c835130f0de176393ad559698341f2d55?s=96&d=mm&r=g","url":"https:\/\/secure.gravatar.com\/avatar\/f0be0e99d2a735522752a5fe34e6262c835130f0de176393ad559698341f2d55?s=96&d=mm&r=g","contentUrl":"https:\/\/secure.gravatar.com\/avatar\/f0be0e99d2a735522752a5fe34e6262c835130f0de176393ad559698341f2d55?s=96&d=mm&r=g","caption":"Anna Norante"}}]}},"_links":{"self":[{"href":"https:\/\/www.miamedicalitalia.it\/zh\/wp-json\/wp\/v2\/posts\/14338","targetHints":{"allow":["GET"]}}],"collection":[{"href":"https:\/\/www.miamedicalitalia.it\/zh\/wp-json\/wp\/v2\/posts"}],"about":[{"href":"https:\/\/www.miamedicalitalia.it\/zh\/wp-json\/wp\/v2\/types\/post"}],"author":[{"embeddable":true,"href":"https:\/\/www.miamedicalitalia.it\/zh\/wp-json\/wp\/v2\/users\/809"}],"replies":[{"embeddable":true,"href":"https:\/\/www.miamedicalitalia.it\/zh\/wp-json\/wp\/v2\/comments?post=14338"}],"version-history":[{"count":11,"href":"https:\/\/www.miamedicalitalia.it\/zh\/wp-json\/wp\/v2\/posts\/14338\/revisions"}],"predecessor-version":[{"id":14355,"href":"https:\/\/www.miamedicalitalia.it\/zh\/wp-json\/wp\/v2\/posts\/14338\/revisions\/14355"}],"wp:featuredmedia":[{"embeddable":true,"href":"https:\/\/www.miamedicalitalia.it\/zh\/wp-json\/wp\/v2\/media\/14356"}],"wp:attachment":[{"href":"https:\/\/www.miamedicalitalia.it\/zh\/wp-json\/wp\/v2\/media?parent=14338"}],"wp:term":[{"taxonomy":"category","embeddable":true,"href":"https:\/\/www.miamedicalitalia.it\/zh\/wp-json\/wp\/v2\/categories?post=14338"},{"taxonomy":"post_tag","embeddable":true,"href":"https:\/\/www.miamedicalitalia.it\/zh\/wp-json\/wp\/v2\/tags?post=14338"}],"curies":[{"name":"wp","href":"https:\/\/api.w.org\/{rel}","templated":true}]}}