{"id":8624,"date":"2022-09-05T14:48:02","date_gmt":"2022-09-05T12:48:02","guid":{"rendered":"https:\/\/www.miamedicalitalia.it\/clone-of-attivita-ricreative-per-disabili\/"},"modified":"2024-03-18T18:53:05","modified_gmt":"2024-03-18T16:53:05","slug":"visitare-musei-vaticani-disabilita-10-domande-risposte","status":"publish","type":"post","link":"https:\/\/www.miamedicalitalia.it\/pt\/visitare-musei-vaticani-disabilita-10-domande-risposte\/","title":{"rendered":"Visitando os Museus com Defici\u00eancia do Vaticano: 10 Perguntas e Respostas\u00a0"},"content":{"rendered":"<h5 class=\"wp-block-heading has-vivid-cyan-blue-color has-text-color\" id=\"h-i-musei-vaticani-sono-un-luogo-accessibile-per-tutti-e-alla-portata-di-chiunque-abbia-voglia-di-spendere-qualche-ora-all-insegna-della-cultura-un-attrazione-vasta-e-bellissima-che-richiede-ore-per-essere-visitata-e-nonostante-questo-potreste-avere-l-impressione-di-non-averla-vista-come-avreste-davvero-voluto-si-tratta-di-recarsi-a-visitare-una-delle-raccolte-piu-grandi-del-mondo-nonche-tra-le-piu-belle-in-assoluto-grazie-ai-suoi-veri-e-propri-tesori-con-questo-articolo-vogliamo-fare-chiarezza-e-rispondere-ad-alcune-delle-domande-piu-comuni-che-si-possono-avere-prima-di-visitare-questo-posto-meraviglioso-con-una-persona-con-disabilita-nbsp\"><strong><strong>Os Museus do Vaticano s\u00e3o um lugar acess\u00edvel a todos <\/strong>e ao alcance de qualquer pessoa disposta a passar algumas horas na busca da cultura. \u00c9 uma atrac\u00e7\u00e3o vasta e bela que leva horas a visitar e, apesar disso, pode ter a impress\u00e3o de n\u00e3o a ter visto como realmente desejava: trata-se de visitar uma das maiores colec\u00e7\u00f5es do mundo, bem como uma das mais belas do mundo gra\u00e7as aos seus verdadeiros tesouros. Com este artigo queremos esclarecer e responder a algumas das perguntas mais comuns que possa ter antes de visitar este maravilhoso lugar com uma pessoa portadora de uma defici\u00eancia.&nbsp;<\/strong><\/h5>\n\n\n\n<div class=\"wp-block-spacer\" style=\"height: 55px;\" aria-hidden=\"true\">\u00a0<\/div>\n\n\n\n<h3 class=\"wp-block-heading has-vivid-cyan-blue-color has-text-color\" id=\"h-1-come-funziona-l-ingresso-ai-musei-vaticani-per-persone-con-disabilita-nbsp-nbsp-nbsp\"><strong><strong><strong><strong>1. <strong>Como funciona a admiss\u00e3o nos Museus do Vaticano para pessoas com defici\u00eancia?&nbsp;<\/strong>&nbsp;<\/strong><\/strong><\/strong>&nbsp;<\/strong><\/h3>\n\n\n\n<p>Os Museus do Vaticano concedem entrada gratuita a todos os visitantes com defici\u00eancia que apresentem um certificado que ateste um <strong>defici\u00eancia superior a 74%<\/strong>.&nbsp;&nbsp;<\/p>\n\n\n\n<h3 class=\"wp-block-heading has-vivid-cyan-blue-color has-text-color\" id=\"h-2-una-persona-disabile-deve-prenotare-la-sua-visita-online-nbsp\"><strong>2. Deve uma pessoa deficiente marcar a sua visita online?&nbsp;<\/strong><\/h3>\n\n\n\n<p>N\u00e3o. Estes tipos de visitas n\u00e3o t\u00eam de ser reservadas online. Para entrar gratuitamente, basta ir directamente aos balc\u00f5es com o seu documento de defici\u00eancia na \u00e1rea de 'autoriza\u00e7\u00f5es especiais' ou ao balc\u00e3o da recep\u00e7\u00e3o no \u00e1trio do museu. Sem ficar na fila, pode entrar e obter um bilhete gratuito!&nbsp;&nbsp;<\/p>\n\n\n\n<h3 class=\"wp-block-heading has-vivid-cyan-blue-color has-text-color\" id=\"h-3-e-possibile-l-accesso-gratuito-per-l-accompagnatore-nbsp\"><strong>3. <strong>\u00c9 poss\u00edvel o acesso livre para a pessoa que o acompanha?&nbsp;<\/strong><\/strong><\/h3>\n\n\n\n<p>\u00c9 claro! Se a pessoa n\u00e3o for auto-suficiente, a entrada nos Museus do Vaticano ser\u00e1 tamb\u00e9m gratuita para a pessoa que a acompanha.&nbsp;&nbsp;<\/p>\n\n\n\n<h3 class=\"wp-block-heading has-vivid-cyan-blue-color has-text-color\" id=\"h-4-ci-sono-sedie-a-rotelle-disponibili-in-loco-nbsp\"><strong>4. H\u00e1 cadeiras de rodas dispon\u00edveis no local?&nbsp;<\/strong><\/h3>\n\n\n\n<p>Sabia que os Museus do Vaticano oferecem um <strong>servi\u00e7o gratuito de aluguer de cadeiras de rodas? <\/strong>Isto significa que n\u00e3o tem de se preocupar em trazer consigo a sua cadeira de rodas. Para poder utilizar o servi\u00e7o, tudo o que tem de fazer \u00e9 mostrar o seu cart\u00e3o de identifica\u00e7\u00e3o.&nbsp;<\/p>\n\n\n\n<h3 class=\"wp-block-heading has-vivid-cyan-blue-color has-text-color\" id=\"h-5-i-musei-vaticani-sono-accessibili-con-lo-scooter-elettrico-e-sedie-a-rotelle-elettriche-nbsp\"><strong>5. <strong>Os Museus do Vaticano s\u00e3o acess\u00edveis com trotinetas el\u00e9ctricas e cadeiras de rodas el\u00e9ctricas?&nbsp;<\/strong><\/strong><\/h3>\n\n\n\n<p>\u00c9 claro que sim. \u00c9 importante saber que <strong>o acesso n\u00e3o \u00e9 permitido em certas \u00e1reas<\/strong>muitas vezes devido ao seu tamanho. Neste caso, o visitante ser\u00e1 convidado a utilizar uma cadeira el\u00e9ctrica tradicional em vez da cadeira el\u00e9ctrica que, como mencionado anteriormente, pode ser alugada \u00e0 entrada.<\/p>\n\n\n\n<h5 class=\"wp-block-heading\" id=\"h-volete-visitare-roma-in-sedia-a-rotelle-mia-medical-italia-offre-la-possibilita-di-noleggio-di-carrozzine-anche-ai-turisti-nbsp\"><strong>Gostaria de visitar Roma numa cadeira de rodas? A Mia Medical Italia oferece tamb\u00e9m o aluguer de cadeiras de rodas para turistas.&nbsp;<\/strong><\/h5>\n\n\n\n<div class=\"wp-block-buttons is-layout-flex wp-block-buttons-is-layout-flex\">\n<div class=\"wp-block-button\"><a class=\"wp-block-button__link wp-element-button\" href=\"https:\/\/www.miamedicalitalia.it\/pt\/carrozzine-e-deambulatori\/\"><strong>ALUGUE AGORA UMA CADEIRA DE RODAS PARA A SUA VIAGEM&nbsp;<\/strong><\/a><\/div>\n<\/div>\n\n\n\n<h3 class=\"wp-block-heading has-vivid-cyan-blue-color has-text-color\" id=\"h-6-esistono-dei-percorsi-ad-hoc-per-disabili-nei-musei-vaticani-nbsp\"><strong><strong>6. <strong>Existem rotas especiais para os deficientes nos Museus do Vaticano?&nbsp;<\/strong><\/strong><\/strong><\/h3>\n\n\n\n<p>A fim de tornar a experi\u00eancia de visitar os Museus do Vaticano \u00fanica tamb\u00e9m para as pessoas com defici\u00eancias motoras ou sensoriais, a organiza\u00e7\u00e3o criou uma <strong>Itiner\u00e1rio de visita sem barreiras<\/strong>. Isto torna o acesso a pontos de interesse e outros servi\u00e7os, tais como casas de banho, mais f\u00e1cil e mais acess\u00edvel.&nbsp;<\/p>\n\n\n\n<h3 class=\"wp-block-heading has-vivid-cyan-blue-color has-text-color\" id=\"h-7-e-possibile-usufruire-di-un-servizio-di-visite-guidate-per-disabili-nbsp\"><strong><strong>7. <strong>\u00c9 poss\u00edvel utilizar um servi\u00e7o de visita guiada para pessoas com defici\u00eancia?&nbsp;<\/strong><\/strong><\/strong><\/h3>\n\n\n\n<p>Infelizmente, a <strong>n\u00e3o s\u00e3o permitidas visitas guiadas para utilizadores de cadeiras de rodas<\/strong>. A \u00fanica solu\u00e7\u00e3o \u00e9 poder visitar os \"Jardins do Vaticano sem Barreiras\", uma visita guiada ad-hoc que tamb\u00e9m \u00e9 acess\u00edvel aos utilizadores de cadeiras de rodas e \u00e0s pessoas com defici\u00eancias de mobilidade.&nbsp;<\/p>\n\n\n\n<h3 class=\"wp-block-heading has-vivid-cyan-blue-color has-text-color\" id=\"h-8-dove-si-trovano-i-musei-vaticani-e-come-arrivare-nbsp-nbsp-nbsp\"><strong><strong>8. <strong><strong>Onde est\u00e3o os Museus do Vaticano e como l\u00e1 chegar?&nbsp;<\/strong>&nbsp;<\/strong>&nbsp;<\/strong><\/strong><\/h3>\n\n\n\n<p>A Cidade do Vaticano est\u00e1 localizada a norte do centro da cidade de Roma e pode ser alcan\u00e7ada a partir do centro hist\u00f3rico e do distrito de Prati. <br>A esta\u00e7\u00e3o de metro mais pr\u00f3xima \u00e9 <strong>Ottaviano <\/strong>a cerca de 10 minutos a p\u00e9 de S\u00e3o Pedro, enquanto de comboio deve descer na paragem <strong>S\u00e3o Pedro<\/strong>que est\u00e1 um pouco mais longe, ou seja, a 20 minutos a p\u00e9 dos Museus. <br>Os Museus do Vaticano tamb\u00e9m podem ser contactados por l<strong>inea 64 e 40 do autocarro<\/strong>que ligam a esta\u00e7\u00e3o Termini com a de S\u00e3o Pedro.&nbsp;<\/p>\n\n\n\n<h3 class=\"wp-block-heading has-vivid-cyan-blue-color has-text-color\" id=\"h-9-quali-sono-gli-orari-per-visitare-i-musei-vaticani-nbsp\"><strong>9. Quais s\u00e3o os hor\u00e1rios de abertura para visitar os Museus do Vaticano?&nbsp;<\/strong><\/h3>\n\n\n\n<p>Os museus est\u00e3o abertos de segunda a s\u00e1bado com diferentes hor\u00e1rios de funcionamento:<br>- De segunda a quinta-feira, das 8h30 \u00e0s 18h30 (\u00faltimo acesso \u00e0s 16h00). <br>- Sextas-feiras e s\u00e1bados, das 8h30 \u00e0s 22h30 <br>- No \u00faltimo domingo do m\u00eas, est\u00e1 aberto das 8h30 \u00e0s 14h00 (\u00faltima entrada \u00e0s 12h30) e a entrada \u00e9 gratuita. Nos restantes domingos, est\u00e1 encerrada. <br>- Os museus est\u00e3o encerrados nos dias 1 e 6 de janeiro, 11 de fevereiro, 19 de mar\u00e7o, 12 e 13 de abril, 1 e 21 de maio, 29 de junho, 16 de agosto, 8, 25 e 26 de dezembro.<\/p>\n\n\n\n<h3 class=\"wp-block-heading has-vivid-cyan-blue-color has-text-color\" id=\"h-10-consigli-utili-per-quando-ci-si-reca-ai-musei-vaticani-nbsp\"><strong>10. <strong>Dicas \u00fateis quando se visita os Museus do Vaticano?&nbsp;<\/strong><\/strong><\/h3>\n\n\n\n<ul class=\"wp-block-list\">\n<li>Recomendamos a utiliza\u00e7\u00e3o de <strong>vestu\u00e1rio apropriado <\/strong>caso contr\u00e1rio poder\u00e1 ser-lhe negado o acesso: sem cal\u00e7\u00f5es, tops, saias que n\u00e3o cubram o joelho, com os ombros descal\u00e7os. Se estiver calor l\u00e1 fora, \u00e9 melhor levar um xaile na mala para se cobrir assim que entrar nas instala\u00e7\u00f5es e n\u00e3o ter quaisquer problemas.<\/li>\n\n\n\n<li>Se o tempo e as suas capacidades o permitirem, recomendamos que dedique um dia inteiro ao Vaticano, combinando o <strong>Museus do Vaticano com a Bas\u00edlica de S\u00e3o Pedro<\/strong>. A entrada na Bas\u00edlica de S\u00e3o Pedro \u00e9 gratuita e acess\u00edvel a pessoas com defici\u00eancia atrav\u00e9s de um elevador que vai do n\u00edvel da pra\u00e7a at\u00e9 ao \u00e1trio da Bas\u00edlica. As naves e o terra\u00e7o da c\u00fapula tamb\u00e9m s\u00e3o acess\u00edveis por elevador. Agora que lhe fornecemos todas estas informa\u00e7\u00f5es, s\u00f3 tem de ir aos Museus do Vaticano e desfrutar da sua visita!&nbsp;<\/li>\n<\/ul>\n\n\n\n<h5 class=\"wp-block-heading has-vivid-cyan-blue-color has-text-color\" id=\"h-ora-che-vi-abbiamo-fornito-tutte-queste-informazioni-non-dovete-fare-altro-che-recarvi-ai-musei-vaticani-e-godervi-la-vostra-visita\">Agora que lhe fornecemos toda esta informa\u00e7\u00e3o, tudo o que tem de fazer \u00e9 ir aos Museus do Vaticano e desfrutar da sua visita!<\/h5>\n\n\n\n<h5 class=\"wp-block-heading has-vivid-cyan-blue-color has-text-color\" id=\"h-volete-sapere-di-piu-sugli-ausili-a-noleggio-per-disabili-a-roma-nbsp-nbsp\"><strong>Gostaria de saber mais sobre as ajudas de aluguer para pessoas com defici\u00eancia em Roma?&nbsp;<\/strong>&nbsp;<\/h5>\n\n\n\n<div class=\"wp-block-buttons is-layout-flex wp-block-buttons-is-layout-flex\">\n<div class=\"wp-block-button has-custom-font-size has-medium-font-size\"><a class=\"wp-block-button__link wp-element-button\" href=\"https:\/\/www.miamedicalitalia.it\/pt\/shop.html\/\">VAI AGORA<\/a><\/div>\n<\/div>","protected":false},"excerpt":{"rendered":"<p>I Musei Vaticani sono un luogo accessibile per tutti e alla portata [&hellip;]<\/p>\n","protected":false},"author":3,"featured_media":9530,"comment_status":"closed","ping_status":"closed","sticky":false,"template":"","format":"standard","meta":{"_acf_changed":false,"footnotes":""},"categories":[200],"tags":[],"class_list":["post-8624","post","type-post","status-publish","format-standard","has-post-thumbnail","hentry","category-articoli-turismo-accessibile"],"acf":[],"yoast_head":"<!-- This site is optimized with the Yoast SEO Premium plugin v27.5 (Yoast SEO v27.5) - https:\/\/yoast.com\/product\/yoast-seo-premium-wordpress\/ -->\n<title>Visitare i Musei Vaticani con Disabilit\u00e0: 10 Domande e Risposte\u00a0 - Mia Medical<\/title>\n<meta name=\"description\" content=\"I Musei Vaticani assicurano l\u2019entrata gratuita a tutti i visitatori con disabilit\u00e0 chepresentino un certificato che attesti una disabilit\u00e0 maggiore al 74%.\" \/>\n<meta name=\"robots\" content=\"index, follow, max-snippet:-1, max-image-preview:large, max-video-preview:-1\" \/>\n<link rel=\"canonical\" href=\"https:\/\/www.miamedicalitalia.it\/pt\/visitare-musei-vaticani-disabilita-10-domande-risposte\/\" \/>\n<meta property=\"og:locale\" content=\"pt_PT\" \/>\n<meta property=\"og:type\" content=\"article\" \/>\n<meta property=\"og:title\" content=\"Visitare i Musei Vaticani con Disabilit\u00e0: 10 Domande e Risposte\u00a0 - Mia Medical\" \/>\n<meta property=\"og:description\" content=\"I Musei Vaticani assicurano l\u2019entrata gratuita a tutti i visitatori con disabilit\u00e0 chepresentino un certificato che attesti una disabilit\u00e0 maggiore al 74%.\" \/>\n<meta property=\"og:url\" content=\"https:\/\/www.miamedicalitalia.it\/pt\/visitare-musei-vaticani-disabilita-10-domande-risposte\/\" \/>\n<meta property=\"og:site_name\" content=\"Mia Medical\" \/>\n<meta property=\"article:publisher\" content=\"https:\/\/www.facebook.com\/miamedicalitalia\" \/>\n<meta property=\"article:published_time\" content=\"2022-09-05T12:48:02+00:00\" \/>\n<meta property=\"article:modified_time\" content=\"2024-03-18T16:53:05+00:00\" \/>\n<meta name=\"author\" content=\"Ingrid Stefanazzi\" \/>\n<meta name=\"twitter:card\" content=\"summary_large_image\" \/>\n<meta name=\"twitter:image\" content=\"https:\/\/www.miamedicalitalia.it\/wp-content\/uploads\/2022\/09\/Musei-Vaticani-in-Carrozzina.jpg\" \/>\n<meta name=\"twitter:label1\" content=\"Escrito por\" \/>\n\t<meta name=\"twitter:data1\" content=\"Ingrid Stefanazzi\" \/>\n\t<meta name=\"twitter:label2\" content=\"Tempo estimado de leitura\" \/>\n\t<meta name=\"twitter:data2\" content=\"11 minutos\" \/>\n<script type=\"application\/ld+json\" class=\"yoast-schema-graph\">{\"@context\":\"https:\\\/\\\/schema.org\",\"@graph\":[{\"@type\":\"Article\",\"@id\":\"https:\\\/\\\/www.miamedicalitalia.it\\\/visitare-musei-vaticani-disabilita-10-domande-risposte\\\/#article\",\"isPartOf\":{\"@id\":\"https:\\\/\\\/www.miamedicalitalia.it\\\/visitare-musei-vaticani-disabilita-10-domande-risposte\\\/\"},\"author\":{\"name\":\"Ingrid Stefanazzi\",\"@id\":\"https:\\\/\\\/www.miamedicalitalia.it\\\/#\\\/schema\\\/person\\\/24e10484bdd8eed1e8631309ffcf4ccf\"},\"headline\":\"Visitare i Musei Vaticani con Disabilit\u00e0: 10 Domande e Risposte\u00a0\",\"datePublished\":\"2022-09-05T12:48:02+00:00\",\"dateModified\":\"2024-03-18T16:53:05+00:00\",\"mainEntityOfPage\":{\"@id\":\"https:\\\/\\\/www.miamedicalitalia.it\\\/visitare-musei-vaticani-disabilita-10-domande-risposte\\\/\"},\"wordCount\":863,\"publisher\":{\"@id\":\"https:\\\/\\\/www.miamedicalitalia.it\\\/#organization\"},\"image\":{\"@id\":\"https:\\\/\\\/www.miamedicalitalia.it\\\/visitare-musei-vaticani-disabilita-10-domande-risposte\\\/#primaryimage\"},\"thumbnailUrl\":\"https:\\\/\\\/www.miamedicalitalia.it\\\/wp-content\\\/uploads\\\/2022\\\/09\\\/Musei-Vaticani-in-Carrozzina.jpg\",\"articleSection\":[\"Turismo accessibile\"],\"inLanguage\":\"pt-PT\"},{\"@type\":\"WebPage\",\"@id\":\"https:\\\/\\\/www.miamedicalitalia.it\\\/visitare-musei-vaticani-disabilita-10-domande-risposte\\\/\",\"url\":\"https:\\\/\\\/www.miamedicalitalia.it\\\/visitare-musei-vaticani-disabilita-10-domande-risposte\\\/\",\"name\":\"Visitare i Musei Vaticani con Disabilit\u00e0: 10 Domande e Risposte\u00a0 - Mia Medical\",\"isPartOf\":{\"@id\":\"https:\\\/\\\/www.miamedicalitalia.it\\\/#website\"},\"primaryImageOfPage\":{\"@id\":\"https:\\\/\\\/www.miamedicalitalia.it\\\/visitare-musei-vaticani-disabilita-10-domande-risposte\\\/#primaryimage\"},\"image\":{\"@id\":\"https:\\\/\\\/www.miamedicalitalia.it\\\/visitare-musei-vaticani-disabilita-10-domande-risposte\\\/#primaryimage\"},\"thumbnailUrl\":\"https:\\\/\\\/www.miamedicalitalia.it\\\/wp-content\\\/uploads\\\/2022\\\/09\\\/Musei-Vaticani-in-Carrozzina.jpg\",\"datePublished\":\"2022-09-05T12:48:02+00:00\",\"dateModified\":\"2024-03-18T16:53:05+00:00\",\"description\":\"I Musei Vaticani assicurano l\u2019entrata gratuita a tutti i visitatori con disabilit\u00e0 chepresentino un certificato che attesti una disabilit\u00e0 maggiore al 74%.\",\"breadcrumb\":{\"@id\":\"https:\\\/\\\/www.miamedicalitalia.it\\\/visitare-musei-vaticani-disabilita-10-domande-risposte\\\/#breadcrumb\"},\"inLanguage\":\"pt-PT\",\"potentialAction\":[{\"@type\":\"ReadAction\",\"target\":[\"https:\\\/\\\/www.miamedicalitalia.it\\\/visitare-musei-vaticani-disabilita-10-domande-risposte\\\/\"]}]},{\"@type\":\"ImageObject\",\"inLanguage\":\"pt-PT\",\"@id\":\"https:\\\/\\\/www.miamedicalitalia.it\\\/visitare-musei-vaticani-disabilita-10-domande-risposte\\\/#primaryimage\",\"url\":\"https:\\\/\\\/www.miamedicalitalia.it\\\/wp-content\\\/uploads\\\/2022\\\/09\\\/Musei-Vaticani-in-Carrozzina.jpg\",\"contentUrl\":\"https:\\\/\\\/www.miamedicalitalia.it\\\/wp-content\\\/uploads\\\/2022\\\/09\\\/Musei-Vaticani-in-Carrozzina.jpg\",\"width\":1344,\"height\":855,\"caption\":\"Musei-Vaticani-in-Carrozzina\"},{\"@type\":\"BreadcrumbList\",\"@id\":\"https:\\\/\\\/www.miamedicalitalia.it\\\/visitare-musei-vaticani-disabilita-10-domande-risposte\\\/#breadcrumb\",\"itemListElement\":[{\"@type\":\"ListItem\",\"position\":1,\"name\":\"Home\",\"item\":\"https:\\\/\\\/www.miamedicalitalia.it\\\/\"},{\"@type\":\"ListItem\",\"position\":2,\"name\":\"Visitare i Musei Vaticani con Disabilit\u00e0: 10 Domande e Risposte\u00a0\"}]},{\"@type\":\"WebSite\",\"@id\":\"https:\\\/\\\/www.miamedicalitalia.it\\\/#website\",\"url\":\"https:\\\/\\\/www.miamedicalitalia.it\\\/\",\"name\":\"www.miamedicalitalia.it\",\"description\":\"Noleggio e Vendita Attrezzatura Sanitarie\",\"publisher\":{\"@id\":\"https:\\\/\\\/www.miamedicalitalia.it\\\/#organization\"},\"potentialAction\":[{\"@type\":\"SearchAction\",\"target\":{\"@type\":\"EntryPoint\",\"urlTemplate\":\"https:\\\/\\\/www.miamedicalitalia.it\\\/?s={search_term_string}\"},\"query-input\":{\"@type\":\"PropertyValueSpecification\",\"valueRequired\":true,\"valueName\":\"search_term_string\"}}],\"inLanguage\":\"pt-PT\"},{\"@type\":\"Organization\",\"@id\":\"https:\\\/\\\/www.miamedicalitalia.it\\\/#organization\",\"name\":\"OLG\",\"url\":\"https:\\\/\\\/www.miamedicalitalia.it\\\/\",\"logo\":{\"@type\":\"ImageObject\",\"inLanguage\":\"pt-PT\",\"@id\":\"https:\\\/\\\/www.miamedicalitalia.it\\\/#\\\/schema\\\/logo\\\/image\\\/\",\"url\":\"https:\\\/\\\/www.miamedicalitalia.it\\\/wp-content\\\/uploads\\\/2023\\\/04\\\/mia-medical-logo-free.png\",\"contentUrl\":\"https:\\\/\\\/www.miamedicalitalia.it\\\/wp-content\\\/uploads\\\/2023\\\/04\\\/mia-medical-logo-free.png\",\"width\":700,\"height\":700,\"caption\":\"OLG\"},\"image\":{\"@id\":\"https:\\\/\\\/www.miamedicalitalia.it\\\/#\\\/schema\\\/logo\\\/image\\\/\"},\"sameAs\":[\"https:\\\/\\\/www.facebook.com\\\/miamedicalitalia\"]},{\"@type\":\"Person\",\"@id\":\"https:\\\/\\\/www.miamedicalitalia.it\\\/#\\\/schema\\\/person\\\/24e10484bdd8eed1e8631309ffcf4ccf\",\"name\":\"Ingrid Stefanazzi\",\"image\":{\"@type\":\"ImageObject\",\"inLanguage\":\"pt-PT\",\"@id\":\"https:\\\/\\\/secure.gravatar.com\\\/avatar\\\/0fd1a6239ca4b01464ddc932dade86b13d0fe3923037ec0aa1d6ff53208bfba7?s=96&d=mm&r=g\",\"url\":\"https:\\\/\\\/secure.gravatar.com\\\/avatar\\\/0fd1a6239ca4b01464ddc932dade86b13d0fe3923037ec0aa1d6ff53208bfba7?s=96&d=mm&r=g\",\"contentUrl\":\"https:\\\/\\\/secure.gravatar.com\\\/avatar\\\/0fd1a6239ca4b01464ddc932dade86b13d0fe3923037ec0aa1d6ff53208bfba7?s=96&d=mm&r=g\",\"caption\":\"Ingrid Stefanazzi\"}}]}<\/script>\n<!-- \/ Yoast SEO Premium plugin. -->","yoast_head_json":{"title":"Visitar os Museus do Vaticano com defici\u00eancia: 10 perguntas e respostas - Mia Medical","description":"Os Museus do Vaticano concedem entrada gratuita a todos os visitantes com defici\u00eancia que apresentem um certificado que ateste uma defici\u00eancia superior a 74%.","robots":{"index":"index","follow":"follow","max-snippet":"max-snippet:-1","max-image-preview":"max-image-preview:large","max-video-preview":"max-video-preview:-1"},"canonical":"https:\/\/www.miamedicalitalia.it\/pt\/visitare-musei-vaticani-disabilita-10-domande-risposte\/","og_locale":"pt_PT","og_type":"article","og_title":"Visitare i Musei Vaticani con Disabilit\u00e0: 10 Domande e Risposte\u00a0 - Mia Medical","og_description":"I Musei Vaticani assicurano l\u2019entrata gratuita a tutti i visitatori con disabilit\u00e0 chepresentino un certificato che attesti una disabilit\u00e0 maggiore al 74%.","og_url":"https:\/\/www.miamedicalitalia.it\/pt\/visitare-musei-vaticani-disabilita-10-domande-risposte\/","og_site_name":"Mia Medical","article_publisher":"https:\/\/www.facebook.com\/miamedicalitalia","article_published_time":"2022-09-05T12:48:02+00:00","article_modified_time":"2024-03-18T16:53:05+00:00","author":"Ingrid Stefanazzi","twitter_card":"summary_large_image","twitter_image":"https:\/\/www.miamedicalitalia.it\/wp-content\/uploads\/2022\/09\/Musei-Vaticani-in-Carrozzina.jpg","twitter_misc":{"Escrito por":"Ingrid Stefanazzi","Tempo estimado de leitura":"11 minutos"},"schema":{"@context":"https:\/\/schema.org","@graph":[{"@type":"Article","@id":"https:\/\/www.miamedicalitalia.it\/visitare-musei-vaticani-disabilita-10-domande-risposte\/#article","isPartOf":{"@id":"https:\/\/www.miamedicalitalia.it\/visitare-musei-vaticani-disabilita-10-domande-risposte\/"},"author":{"name":"Ingrid Stefanazzi","@id":"https:\/\/www.miamedicalitalia.it\/#\/schema\/person\/24e10484bdd8eed1e8631309ffcf4ccf"},"headline":"Visitare i Musei Vaticani con Disabilit\u00e0: 10 Domande e Risposte\u00a0","datePublished":"2022-09-05T12:48:02+00:00","dateModified":"2024-03-18T16:53:05+00:00","mainEntityOfPage":{"@id":"https:\/\/www.miamedicalitalia.it\/visitare-musei-vaticani-disabilita-10-domande-risposte\/"},"wordCount":863,"publisher":{"@id":"https:\/\/www.miamedicalitalia.it\/#organization"},"image":{"@id":"https:\/\/www.miamedicalitalia.it\/visitare-musei-vaticani-disabilita-10-domande-risposte\/#primaryimage"},"thumbnailUrl":"https:\/\/www.miamedicalitalia.it\/wp-content\/uploads\/2022\/09\/Musei-Vaticani-in-Carrozzina.jpg","articleSection":["Turismo accessibile"],"inLanguage":"pt-PT"},{"@type":"WebPage","@id":"https:\/\/www.miamedicalitalia.it\/visitare-musei-vaticani-disabilita-10-domande-risposte\/","url":"https:\/\/www.miamedicalitalia.it\/visitare-musei-vaticani-disabilita-10-domande-risposte\/","name":"Visitar os Museus do Vaticano com defici\u00eancia: 10 perguntas e respostas - Mia Medical","isPartOf":{"@id":"https:\/\/www.miamedicalitalia.it\/#website"},"primaryImageOfPage":{"@id":"https:\/\/www.miamedicalitalia.it\/visitare-musei-vaticani-disabilita-10-domande-risposte\/#primaryimage"},"image":{"@id":"https:\/\/www.miamedicalitalia.it\/visitare-musei-vaticani-disabilita-10-domande-risposte\/#primaryimage"},"thumbnailUrl":"https:\/\/www.miamedicalitalia.it\/wp-content\/uploads\/2022\/09\/Musei-Vaticani-in-Carrozzina.jpg","datePublished":"2022-09-05T12:48:02+00:00","dateModified":"2024-03-18T16:53:05+00:00","description":"Os Museus do Vaticano concedem entrada gratuita a todos os visitantes com defici\u00eancia que apresentem um certificado que ateste uma defici\u00eancia superior a 74%.","breadcrumb":{"@id":"https:\/\/www.miamedicalitalia.it\/visitare-musei-vaticani-disabilita-10-domande-risposte\/#breadcrumb"},"inLanguage":"pt-PT","potentialAction":[{"@type":"ReadAction","target":["https:\/\/www.miamedicalitalia.it\/visitare-musei-vaticani-disabilita-10-domande-risposte\/"]}]},{"@type":"ImageObject","inLanguage":"pt-PT","@id":"https:\/\/www.miamedicalitalia.it\/visitare-musei-vaticani-disabilita-10-domande-risposte\/#primaryimage","url":"https:\/\/www.miamedicalitalia.it\/wp-content\/uploads\/2022\/09\/Musei-Vaticani-in-Carrozzina.jpg","contentUrl":"https:\/\/www.miamedicalitalia.it\/wp-content\/uploads\/2022\/09\/Musei-Vaticani-in-Carrozzina.jpg","width":1344,"height":855,"caption":"Musei-Vaticani-in-Carrozzina"},{"@type":"BreadcrumbList","@id":"https:\/\/www.miamedicalitalia.it\/visitare-musei-vaticani-disabilita-10-domande-risposte\/#breadcrumb","itemListElement":[{"@type":"ListItem","position":1,"name":"Home","item":"https:\/\/www.miamedicalitalia.it\/"},{"@type":"ListItem","position":2,"name":"Visitare i Musei Vaticani con Disabilit\u00e0: 10 Domande e Risposte\u00a0"}]},{"@type":"WebSite","@id":"https:\/\/www.miamedicalitalia.it\/#website","url":"https:\/\/www.miamedicalitalia.it\/","name":"www.miamedicalitalia.it","description":"Aluguer e venda de equipamento sanit\u00e1rio","publisher":{"@id":"https:\/\/www.miamedicalitalia.it\/#organization"},"potentialAction":[{"@type":"SearchAction","target":{"@type":"EntryPoint","urlTemplate":"https:\/\/www.miamedicalitalia.it\/?s={search_term_string}"},"query-input":{"@type":"PropertyValueSpecification","valueRequired":true,"valueName":"search_term_string"}}],"inLanguage":"pt-PT"},{"@type":"Organization","@id":"https:\/\/www.miamedicalitalia.it\/#organization","name":"OLG","url":"https:\/\/www.miamedicalitalia.it\/","logo":{"@type":"ImageObject","inLanguage":"pt-PT","@id":"https:\/\/www.miamedicalitalia.it\/#\/schema\/logo\/image\/","url":"https:\/\/www.miamedicalitalia.it\/wp-content\/uploads\/2023\/04\/mia-medical-logo-free.png","contentUrl":"https:\/\/www.miamedicalitalia.it\/wp-content\/uploads\/2023\/04\/mia-medical-logo-free.png","width":700,"height":700,"caption":"OLG"},"image":{"@id":"https:\/\/www.miamedicalitalia.it\/#\/schema\/logo\/image\/"},"sameAs":["https:\/\/www.facebook.com\/miamedicalitalia"]},{"@type":"Person","@id":"https:\/\/www.miamedicalitalia.it\/#\/schema\/person\/24e10484bdd8eed1e8631309ffcf4ccf","name":"Ingrid Stefanazzi","image":{"@type":"ImageObject","inLanguage":"pt-PT","@id":"https:\/\/secure.gravatar.com\/avatar\/0fd1a6239ca4b01464ddc932dade86b13d0fe3923037ec0aa1d6ff53208bfba7?s=96&d=mm&r=g","url":"https:\/\/secure.gravatar.com\/avatar\/0fd1a6239ca4b01464ddc932dade86b13d0fe3923037ec0aa1d6ff53208bfba7?s=96&d=mm&r=g","contentUrl":"https:\/\/secure.gravatar.com\/avatar\/0fd1a6239ca4b01464ddc932dade86b13d0fe3923037ec0aa1d6ff53208bfba7?s=96&d=mm&r=g","caption":"Ingrid Stefanazzi"}}]}},"_links":{"self":[{"href":"https:\/\/www.miamedicalitalia.it\/pt\/wp-json\/wp\/v2\/posts\/8624","targetHints":{"allow":["GET"]}}],"collection":[{"href":"https:\/\/www.miamedicalitalia.it\/pt\/wp-json\/wp\/v2\/posts"}],"about":[{"href":"https:\/\/www.miamedicalitalia.it\/pt\/wp-json\/wp\/v2\/types\/post"}],"author":[{"embeddable":true,"href":"https:\/\/www.miamedicalitalia.it\/pt\/wp-json\/wp\/v2\/users\/3"}],"replies":[{"embeddable":true,"href":"https:\/\/www.miamedicalitalia.it\/pt\/wp-json\/wp\/v2\/comments?post=8624"}],"version-history":[{"count":0,"href":"https:\/\/www.miamedicalitalia.it\/pt\/wp-json\/wp\/v2\/posts\/8624\/revisions"}],"wp:featuredmedia":[{"embeddable":true,"href":"https:\/\/www.miamedicalitalia.it\/pt\/wp-json\/wp\/v2\/media\/9530"}],"wp:attachment":[{"href":"https:\/\/www.miamedicalitalia.it\/pt\/wp-json\/wp\/v2\/media?parent=8624"}],"wp:term":[{"taxonomy":"category","embeddable":true,"href":"https:\/\/www.miamedicalitalia.it\/pt\/wp-json\/wp\/v2\/categories?post=8624"},{"taxonomy":"post_tag","embeddable":true,"href":"https:\/\/www.miamedicalitalia.it\/pt\/wp-json\/wp\/v2\/tags?post=8624"}],"curies":[{"name":"wp","href":"https:\/\/api.w.org\/{rel}","templated":true}]}}