{"id":14464,"date":"2025-09-07T20:43:04","date_gmt":"2025-09-07T18:43:04","guid":{"rendered":"https:\/\/www.miamedicalitalia.it\/?p=14464"},"modified":"2026-03-30T18:21:33","modified_gmt":"2026-03-30T16:21:33","slug":"disability-pride-toscana-2025-la-prima-edizione-a-firenze","status":"publish","type":"post","link":"https:\/\/www.miamedicalitalia.it\/pt\/disability-pride-toscana-2025-la-prima-edizione-a-firenze\/","title":{"rendered":"Disability Pride Toscana 2025: a primeira edi\u00e7\u00e3o em Floren\u00e7a"},"content":{"rendered":"<p><strong>S\u00e1bado, 27 de setembro de 2025<\/strong>Floren\u00e7a vai escrever uma nova p\u00e1gina na hist\u00f3ria social e cultural: pela primeira vez, a Tosc\u00e2nia vai acolher a&nbsp;<strong>Orgulho das pessoas com defici\u00eancia<\/strong>um dia de <strong>orgulho e participa\u00e7\u00e3o colectiva<\/strong>. N\u00e3o se trata apenas de um evento dedicado \u00e0s pessoas com defici\u00eancia, mas de um encontro que re\u00fane toda a comunidade florentina!<\/p>\n\n\n\n<h4 class=\"wp-block-heading\" id=\"h-che-cos-e-il-disability-pride-e-perche-partecipare-significa-scegliere-l-inclusione\"><strong>O que \u00e9 o Orgulho da Defici\u00eancia e porque \u00e9 que participar significa escolher a inclus\u00e3o<\/strong><\/h4>\n\n\n\n<p>O&nbsp;<strong>Orgulho das pessoas com defici\u00eancia<\/strong>&nbsp;\u00e9 um movimento internacional que nasceu com o objetivo de:<\/p>\n\n\n\n<ul class=\"wp-block-list\">\n<li>valorizar a identidade e o orgulho das pessoas com defici\u00eancia,<\/li>\n\n\n\n<li>sensibiliza\u00e7\u00e3o colectiva para os direitos e a inclus\u00e3o,<\/li>\n\n\n\n<li>ultrapassar as barreiras culturais e sociais que ainda limitam a plena participa\u00e7\u00e3o.<\/li>\n<\/ul>\n\n\n\n<p>Participar no Orgulho da Defici\u00eancia significa fazer um&nbsp;<strong>ato de cidadania consciente<\/strong>dizer sim a uma sociedade em que todos possam viver com&nbsp;<strong>igual dignidade, liberdade e, sobretudo, oportunidades<\/strong>.<\/p>\n\n\n\n<figure class=\"wp-block-image size-full\"><img loading=\"lazy\" decoding=\"async\" width=\"2048\" height=\"1367\" src=\"https:\/\/www.miamedicalitalia.it\/wp-content\/uploads\/2025\/09\/IMG_4525.jpeg\" alt=\"\" class=\"wp-image-14471\" srcset=\"https:\/\/www.miamedicalitalia.it\/wp-content\/uploads\/2025\/09\/IMG_4525.jpeg 2048w, https:\/\/www.miamedicalitalia.it\/wp-content\/uploads\/2025\/09\/IMG_4525-1536x1025.jpeg 1536w, https:\/\/www.miamedicalitalia.it\/wp-content\/uploads\/2025\/09\/IMG_4525-18x12.jpeg 18w, https:\/\/www.miamedicalitalia.it\/wp-content\/uploads\/2025\/09\/IMG_4525-500x334.jpeg 500w, https:\/\/www.miamedicalitalia.it\/wp-content\/uploads\/2025\/09\/IMG_4525-700x467.jpeg 700w\" sizes=\"auto, (max-width: 2048px) 100vw, 2048px\" \/><figcaption class=\"wp-element-caption\">Fotos de <a href=\"https:\/\/www.facebook.com\/DisabilityPrideITA\/\">Orgulho da Defici\u00eancia em It\u00e1lia.<\/a><\/figcaption><\/figure>\n\n\n\n<h4 class=\"wp-block-heading\" id=\"h-la-storia-del-disability-pride-dalla-nascita-negli-usa-alla-rete-globale\"><strong>A hist\u00f3ria do Orgulho das Pessoas com Defici\u00eancia: do seu nascimento nos EUA \u00e0 rede global<\/strong><\/h4>\n\n\n\n<p>O movimento nasceu na&nbsp;<strong>Estados Unidos na d\u00e9cada de 1990<\/strong>inspirado nos grandes movimentos civis e no Orgulho LGBTQ+. A inten\u00e7\u00e3o era clara: deixar de ver a defici\u00eancia como uma falta, mas como uma&nbsp;<strong>uma parte integrante da identidade<\/strong>para ser vivida com orgulho e sem medo.<\/p>\n\n\n\n<p>Em It\u00e1lia, o primeiro&nbsp;<strong>Orgulho das pessoas com defici\u00eancia<\/strong>&nbsp;teve lugar em&nbsp;<strong>Roma em 2015<\/strong>. Desde ent\u00e3o, o evento tem vindo a fortalecer-se, tornando-se parte de uma rede mundial com eventos em&nbsp;<strong>Nova Iorque, Londres, Berlim e Madrid<\/strong>.<\/p>\n\n\n\n<p>A edi\u00e7\u00e3o florentina representa um novo marco<strong>&nbsp;e&nbsp;<\/strong>uma oportunidade para afirmar que a diversidade n\u00e3o \u00e9 um obst\u00e1culo, mas&nbsp;<strong>recursos valiosos para toda a sociedade<\/strong>.<\/p>\n\n\n\n<h3 class=\"wp-block-heading\" id=\"h-programma-della-giornata-del-disability-pride-toscana-2025-a-firenze\"><strong><a href=\"https:\/\/www.dptoscana.it\/programma\/\">Programa da jornada Disability Pride Toscana 2025 em Floren\u00e7a<\/a><\/strong><\/h3>\n\n\n\n<p><strong>Palazzo degli Affari, Piazza Adua 1<\/strong><\/p>\n\n\n\n<p>- <strong>9h30 - Confer\u00eancia<\/strong><\/p>\n\n\n\n<p>Debate com acad\u00e9micos, peritos e jornalistas sobre&nbsp;<strong>direitos, acessibilidade e igualdade de oportunidades<\/strong>. <a href=\"https:\/\/www.dptoscana.it\/programma\/\">Clique aqui para descobrir a lista completa.<\/a><\/p>\n\n\n\n<p>- <strong>15:00 - Prociss\u00e3o a partir do centro hist\u00f3rico<\/strong><\/p>\n\n\n\n<p>O momento mais marcante do dia, o <strong>prociss\u00e3o colorida<\/strong> partindo do maravilhoso <a href=\"https:\/\/www.visitflorence.com\/florence-monuments\/piazza-santa-maria-novella.html\"><strong>Quadrado de<\/strong> <strong>Santa Maria Novella<\/strong><\/a>, que atravessar\u00e1 o <strong>ruas do centro da cidade<\/strong>para levar \u00e0s ruas uma mensagem de <strong>solidariedade e inclus\u00e3o<\/strong>.<\/p>\n\n\n\n<p>- <strong>17:45 - Atua\u00e7\u00e3o de dan\u00e7a no <a href=\"http:\/\/www.firenzefiera.it\/\">Pal\u00e1cio dos Neg\u00f3cios<\/a><\/strong><\/p>\n\n\n\n<p>Um momento de partilha art\u00edstica e cultural para terminar o dia em conjunto.<\/p>\n\n\n\n<p>Ver o <strong><a href=\"https:\/\/www.dptoscana.it\/contatti\/\">canais sociais oficiais<\/a><\/strong> para receber as \u00faltimas not\u00edcias e consultar o <strong><a href=\"https:\/\/www.dptoscana.it\/programma\/\">programa de dia inteiro<\/a><\/strong>.&nbsp;<\/p>\n\n\n\n<figure class=\"wp-block-image size-full\"><img loading=\"lazy\" decoding=\"async\" width=\"2360\" height=\"1344\" src=\"https:\/\/www.miamedicalitalia.it\/wp-content\/uploads\/2025\/09\/IMG_4527.jpeg\" alt=\"\" class=\"wp-image-14472\" srcset=\"https:\/\/www.miamedicalitalia.it\/wp-content\/uploads\/2025\/09\/IMG_4527.jpeg 2360w, https:\/\/www.miamedicalitalia.it\/wp-content\/uploads\/2025\/09\/IMG_4527-1536x875.jpeg 1536w, https:\/\/www.miamedicalitalia.it\/wp-content\/uploads\/2025\/09\/IMG_4527-2048x1166.jpeg 2048w, https:\/\/www.miamedicalitalia.it\/wp-content\/uploads\/2025\/09\/IMG_4527-18x10.jpeg 18w, https:\/\/www.miamedicalitalia.it\/wp-content\/uploads\/2025\/09\/IMG_4527-500x285.jpeg 500w, https:\/\/www.miamedicalitalia.it\/wp-content\/uploads\/2025\/09\/IMG_4527-700x399.jpeg 700w\" sizes=\"auto, (max-width: 2360px) 100vw, 2360px\" \/><figcaption class=\"wp-element-caption\">Fotos de <a href=\"https:\/\/www.rollingstone.it\/cultura\/ad-essere-disabili-sono-i-luoghi-non-le-persone-torna-il-disability-pride-italia\/671326\/\">Rolling Stones It\u00e1lia.<\/a><\/figcaption><\/figure>\n\n\n\n<h4 class=\"wp-block-heading\" id=\"h-come-raggiungere-l-evento-consigli-sulla-viabilita\">Como chegar ao evento: dicas de tr\u00e2nsito <\/h4>\n\n\n\n<p>A prociss\u00e3o ter\u00e1 in\u00edcio a partir de&nbsp;<strong>Piazza Santa Maria Novella<\/strong>&nbsp;e terminar\u00e1 novamente perto do&nbsp;<strong>Pal\u00e1cio dos Neg\u00f3cios<\/strong>tamb\u00e9m um ponto de refer\u00eancia para a confer\u00eancia e o espet\u00e1culo final. Eis alguns conselhos pr\u00e1ticos:<\/p>\n\n\n\n<p><strong>De comboio<\/strong>: o <a href=\"https:\/\/www.rfi.it\/it\/stazioni\/firenze-santa-maria-novella.html\"><strong>esta\u00e7\u00e3o<\/strong> por&nbsp;<strong>Floren\u00e7a Santa Maria Novella<\/strong><\/a>&nbsp;fica a uma curta dist\u00e2ncia a p\u00e9 da Piazza Santa Maria Novella e do Palazzo degli Affari. \u00c9 a forma mais conveniente para quem chega de fora da cidade. Quer reduzir o esfor\u00e7o ao m\u00ednimo? Alugue um <strong><a href=\"https:\/\/www.miamedicalitalia.it\/pt\/categoria\/affitto-e-noleggio-ausili\/affitto-e-noleggio-carrozzina\/\">cadeira de rodas<\/a><\/strong> ou um <strong><a href=\"https:\/\/www.miamedicalitalia.it\/pt\/categoria\/affitto-e-noleggio-ausili\/noleggio-e-affitto-carrozzina-elettrica-e-scooter\/\">trotinete el\u00e9ctrica da M.I.A. Medical Italy<\/a><\/strong> com recolha diretamente na esta\u00e7\u00e3o e chegada ao ponto de encontro de forma segura e confort\u00e1vel. <\/p>\n\n\n\n<p><strong>Por el\u00e9trico<\/strong>: As linhas <strong><a href=\"https:\/\/www.firenzetramvia.it\/\">T1 e T2<\/a><\/strong> da paragem de rua em frente \u00e0 esta\u00e7\u00e3o, assegurando <strong>liga\u00e7\u00f5es r\u00e1pidas<\/strong> de todas as zonas de Floren\u00e7a. Estes <strong>as linhas s\u00e3o acess\u00edveis a pessoas com defici\u00eancia<\/strong>incluindo o <strong>passageiros em cadeiras de rodas<\/strong> e os que t\u00eam <strong>defici\u00eancia visual<\/strong>. Os el\u00e9ctricos t\u00eam um <strong>zerar a diferen\u00e7a de altura entre a plataforma e o vag\u00e3o para facilitar o acesso<\/strong> e t\u00eam<strong> pontos de fixa\u00e7\u00e3o especiais para cadeiras de rodas<\/strong>. Le <strong>os abrigos de autocarro est\u00e3o equipados com indicadores ac\u00fasticos para as paragens de autocarro e sinais em Braille nos pain\u00e9is de bot\u00f5es de press\u00e3o<\/strong>enquanto os percursos para pessoas com defici\u00eancia visual, denominados \"<strong>Caminhos de registo\".<\/strong>est\u00e3o presentes nas estradas de acesso \u00e0s paragens.&nbsp;<br><\/p>\n\n\n\n<p><strong>Por autom\u00f3vel<\/strong>Recomenda-se a utiliza\u00e7\u00e3o do <strong>parques de estacionamento<\/strong> perto da esta\u00e7\u00e3o, da Fortezza Fiera, da esta\u00e7\u00e3o Santa Maria Novella, da Villa Costanza com liga\u00e7\u00e3o ao el\u00e9trico-via para evitar o tr\u00e2nsito no centro da cidade. Tamb\u00e9m com o <strong>marca<\/strong> para a desloca\u00e7\u00e3o de pessoas com defici\u00eancia, \u00e9 poss\u00edvel entrar no <strong>Zona de tr\u00e1fego restrito<\/strong> de <strong>centro hist\u00f3rico<\/strong>mas \u00e9 necess\u00e1rio <strong>registo da chapa de matr\u00edcula<\/strong> do ve\u00edculo utilizado em <strong><a href=\"https:\/\/www.serviziallastrada.it\/\">Firenze Servizi alla Strada S.p.A.<\/a><\/strong> antes de iniciar a sess\u00e3o, ou nas 48 horas seguintes. O registo pode ser efectuado em linha.<\/p>\n\n\n\n<h3 class=\"wp-block-heading\" id=\"h-m-i-a-medical-italia-il-nostro-impegno-quotidiano\">M.I.A. MEDICAL ITALIA: o nosso compromisso quotidiano <\/h3>\n\n\n\n<figure class=\"wp-block-gallery has-nested-images columns-default is-cropped wp-block-gallery-1 is-layout-flex wp-block-gallery-is-layout-flex\">\n<figure class=\"wp-block-image size-large\"><img loading=\"lazy\" decoding=\"async\" width=\"1227\" height=\"1614\" data-id=\"13255\" src=\"https:\/\/www.miamedicalitalia.it\/wp-content\/uploads\/2024\/11\/IMG_2343.jpeg\" alt=\"\" class=\"wp-image-13255\" srcset=\"https:\/\/www.miamedicalitalia.it\/wp-content\/uploads\/2024\/11\/IMG_2343.jpeg 1227w, https:\/\/www.miamedicalitalia.it\/wp-content\/uploads\/2024\/11\/IMG_2343-1168x1536.jpeg 1168w, https:\/\/www.miamedicalitalia.it\/wp-content\/uploads\/2024\/11\/IMG_2343-9x12.jpeg 9w, https:\/\/www.miamedicalitalia.it\/wp-content\/uploads\/2024\/11\/IMG_2343-500x658.jpeg 500w, https:\/\/www.miamedicalitalia.it\/wp-content\/uploads\/2024\/11\/IMG_2343-700x921.jpeg 700w\" sizes=\"auto, (max-width: 1227px) 100vw, 1227px\" \/><\/figure>\n\n\n\n<figure class=\"wp-block-image size-large\"><img loading=\"lazy\" decoding=\"async\" width=\"1224\" height=\"1600\" data-id=\"13250\" src=\"https:\/\/www.miamedicalitalia.it\/wp-content\/uploads\/2024\/11\/IMG_2341.jpeg\" alt=\"\" class=\"wp-image-13250\" srcset=\"https:\/\/www.miamedicalitalia.it\/wp-content\/uploads\/2024\/11\/IMG_2341.jpeg 1224w, https:\/\/www.miamedicalitalia.it\/wp-content\/uploads\/2024\/11\/IMG_2341-1175x1536.jpeg 1175w, https:\/\/www.miamedicalitalia.it\/wp-content\/uploads\/2024\/11\/IMG_2341-9x12.jpeg 9w, https:\/\/www.miamedicalitalia.it\/wp-content\/uploads\/2024\/11\/IMG_2341-500x654.jpeg 500w, https:\/\/www.miamedicalitalia.it\/wp-content\/uploads\/2024\/11\/IMG_2341-700x915.jpeg 700w\" sizes=\"auto, (max-width: 1224px) 100vw, 1224px\" \/><\/figure>\n\n\n\n<figure class=\"wp-block-image size-large\"><img loading=\"lazy\" decoding=\"async\" width=\"1223\" height=\"1561\" data-id=\"13234\" src=\"https:\/\/www.miamedicalitalia.it\/wp-content\/uploads\/2024\/11\/IMG_2337.jpeg\" alt=\"\" class=\"wp-image-13234\" srcset=\"https:\/\/www.miamedicalitalia.it\/wp-content\/uploads\/2024\/11\/IMG_2337.jpeg 1223w, https:\/\/www.miamedicalitalia.it\/wp-content\/uploads\/2024\/11\/IMG_2337-1203x1536.jpeg 1203w, https:\/\/www.miamedicalitalia.it\/wp-content\/uploads\/2024\/11\/IMG_2337-9x12.jpeg 9w, https:\/\/www.miamedicalitalia.it\/wp-content\/uploads\/2024\/11\/IMG_2337-500x638.jpeg 500w, https:\/\/www.miamedicalitalia.it\/wp-content\/uploads\/2024\/11\/IMG_2337-700x893.jpeg 700w\" sizes=\"auto, (max-width: 1223px) 100vw, 1223px\" \/><\/figure>\n<\/figure>\n\n\n\n<p>Participar no&nbsp;<strong>Orgulho da defici\u00eancia Toscana 2025<\/strong>&nbsp;significa acreditar numa sociedade em que a autonomia e a dignidade s\u00e3o direitos garantidos a todos. \u00c9 a mesma miss\u00e3o que n\u00f3s da&nbsp;<strong><a href=\"https:\/\/www.miamedicalitalia.it\/pt\/chi-siamo\/\">Mia Medical<\/a><\/strong>&nbsp;que realizamos diariamente.<\/p>\n\n\n\n<p>Com os nossos escrit\u00f3rios em It\u00e1lia, e o de&nbsp;<strong>Floren\u00e7a<\/strong>&nbsp;perto do cora\u00e7\u00e3o do evento, trabalhamos para oferecer:<\/p>\n\n\n\n<ul class=\"wp-block-list\">\n<li><a href=\"https:\/\/www.miamedicalitalia.it\/pt\/categoria\/affitto-e-noleggio-ausili\/\"><strong>Aluguer e venda de auxiliares de mobilidade e equipamentos electrom\u00e9dicos<\/strong>&nbsp;<\/a>tais como cadeiras de rodas el\u00e9ctricas e n\u00e3o el\u00e9ctricas, camas ortop\u00e9dicas, colch\u00f5es de dec\u00fabito, andarilhos e muito mais para cuidados e assist\u00eancia ao domic\u00edlio;<\/li>\n\n\n\n<li><a href=\"https:\/\/www.miamedicalitalia.it\/pt\/categoria\/affitto-e-noleggio-ausili\/\"><strong>Elevadores de escadas e elevadores el\u00e9ctricos<\/strong>&nbsp;<\/a>para tornar a habita\u00e7\u00e3o mais acess\u00edvel;<\/li>\n\n\n\n<li><strong>Apoio t\u00e9cnico e aconselhamento personalizado<\/strong>porque cada pessoa tem necessidades diferentes e merece solu\u00e7\u00f5es \u00e0 medida;<\/li>\n\n\n\n<li><strong>Servi\u00e7os r\u00e1pidos e flex\u00edveis<\/strong>Concebido para fam\u00edlias, prestadores de cuidados e estabelecimentos de sa\u00fade.<\/li>\n<\/ul>\n\n\n\n<p>O nosso objetivo \u00e9 simples e claro,&nbsp;<strong>quebrar as barreiras, mesmo dentro de casa, e restaurar a liberdade de movimentos e a serenidade na vida quotidiana<\/strong>. Para n\u00f3s, apoiar o Disability Pride Toscana significa reafirmar que a inclus\u00e3o n\u00e3o \u00e9 um ideal abstrato, mas um objetivo que tamb\u00e9m se constr\u00f3i atrav\u00e9s de servi\u00e7os concretos, inovadores e acess\u00edveis.<\/p>\n\n\n\n<p>N\u00e3o se esque\u00e7a de subscrever a nossa <strong><a href=\"https:\/\/www.miamedicalitalia.it\/pt\/contatti\/\">Boletim informativo<\/a><\/strong> para se manter atualizado com todas as not\u00edcias do mundo da acessibilidade, turismo, estilo de vida e muito mais!<\/p>","protected":false},"excerpt":{"rendered":"<p>Sabato 27 settembre 2025, Firenze scriver\u00e0 una nuova pagina di storia sociale [&hellip;]<\/p>\n","protected":false},"author":809,"featured_media":14475,"comment_status":"open","ping_status":"open","sticky":false,"template":"","format":"standard","meta":{"_acf_changed":false,"footnotes":""},"categories":[183,186,176],"tags":[318,188,180,308,432,453,451,452,455,456,184],"class_list":["post-14464","post","type-post","status-publish","format-standard","has-post-thumbnail","hentry","category-articoli-anziani","category-articoli-disabili","category-news","tag-318","tag-ausili-medicali","tag-carrozzine","tag-disabilita","tag-disability-pride","tag-disability-pride-firenze","tag-disability-pride-italia","tag-disability-pride-toscana","tag-noleggio-ausili-medicali-firenze","tag-noleggio-scooter-elettrico-firenze","tag-turismo"],"acf":[],"yoast_head":"<!-- This site is optimized with the Yoast SEO Premium plugin v27.5 (Yoast SEO v27.5) - https:\/\/yoast.com\/product\/yoast-seo-premium-wordpress\/ -->\n<title>Disability Pride Toscana 2025: la prima edizione a Firenze - Mia Medical<\/title>\n<meta name=\"description\" content=\"Firenze nel 2025 apre le proprie strade alla prima edizione del Disability Pride Toscana. Scopri di cosa si tratta e come partecipare!\" \/>\n<meta name=\"robots\" content=\"index, follow, max-snippet:-1, max-image-preview:large, max-video-preview:-1\" \/>\n<link rel=\"canonical\" href=\"https:\/\/www.miamedicalitalia.it\/pt\/disability-pride-toscana-2025-la-prima-edizione-a-firenze\/\" \/>\n<meta property=\"og:locale\" content=\"pt_PT\" \/>\n<meta property=\"og:type\" content=\"article\" \/>\n<meta property=\"og:title\" content=\"Disability Pride Toscana 2025: la prima edizione a Firenze - Mia Medical\" \/>\n<meta property=\"og:description\" content=\"Firenze nel 2025 apre le proprie strade alla prima edizione del Disability Pride Toscana. Scopri di cosa si tratta e come partecipare!\" \/>\n<meta property=\"og:url\" content=\"https:\/\/www.miamedicalitalia.it\/pt\/disability-pride-toscana-2025-la-prima-edizione-a-firenze\/\" \/>\n<meta property=\"og:site_name\" content=\"Mia Medical\" \/>\n<meta property=\"article:publisher\" content=\"https:\/\/www.facebook.com\/miamedicalitalia\" \/>\n<meta property=\"article:published_time\" content=\"2025-09-07T18:43:04+00:00\" \/>\n<meta property=\"article:modified_time\" content=\"2026-03-30T16:21:33+00:00\" \/>\n<meta property=\"og:image\" content=\"https:\/\/www.miamedicalitalia.it\/wp-content\/uploads\/2025\/09\/2Q.jpeg\" \/>\n\t<meta property=\"og:image:width\" content=\"1024\" \/>\n\t<meta property=\"og:image:height\" content=\"1024\" \/>\n\t<meta property=\"og:image:type\" content=\"image\/jpeg\" \/>\n<meta name=\"author\" content=\"Anna Norante\" \/>\n<meta name=\"twitter:card\" content=\"summary_large_image\" \/>\n<meta name=\"twitter:label1\" content=\"Escrito por\" \/>\n\t<meta name=\"twitter:data1\" content=\"Anna Norante\" \/>\n\t<meta name=\"twitter:label2\" content=\"Tempo estimado de leitura\" \/>\n\t<meta name=\"twitter:data2\" content=\"6 minutos\" \/>\n<script type=\"application\/ld+json\" class=\"yoast-schema-graph\">{\"@context\":\"https:\\\/\\\/schema.org\",\"@graph\":[{\"@type\":\"Article\",\"@id\":\"https:\\\/\\\/www.miamedicalitalia.it\\\/disability-pride-toscana-2025-la-prima-edizione-a-firenze\\\/#article\",\"isPartOf\":{\"@id\":\"https:\\\/\\\/www.miamedicalitalia.it\\\/disability-pride-toscana-2025-la-prima-edizione-a-firenze\\\/\"},\"author\":{\"name\":\"Anna Norante\",\"@id\":\"https:\\\/\\\/www.miamedicalitalia.it\\\/#\\\/schema\\\/person\\\/04a65f5cdcc128d65095be90c183f35a\"},\"headline\":\"Disability Pride Toscana 2025: la prima edizione a Firenze\",\"datePublished\":\"2025-09-07T18:43:04+00:00\",\"dateModified\":\"2026-03-30T16:21:33+00:00\",\"mainEntityOfPage\":{\"@id\":\"https:\\\/\\\/www.miamedicalitalia.it\\\/disability-pride-toscana-2025-la-prima-edizione-a-firenze\\\/\"},\"wordCount\":920,\"commentCount\":0,\"publisher\":{\"@id\":\"https:\\\/\\\/www.miamedicalitalia.it\\\/#organization\"},\"image\":{\"@id\":\"https:\\\/\\\/www.miamedicalitalia.it\\\/disability-pride-toscana-2025-la-prima-edizione-a-firenze\\\/#primaryimage\"},\"thumbnailUrl\":\"https:\\\/\\\/www.miamedicalitalia.it\\\/wp-content\\\/uploads\\\/2025\\\/09\\\/2Q.jpeg\",\"keywords\":[\"2025\",\"ausili medicali\",\"carrozzine\",\"disabilit\u00e0\",\"Disability Pride\",\"Disability Pride Firenze\",\"Disability Pride Italia\",\"Disability Pride Toscana\",\"noleggio ausili medicali Firenze\",\"noleggio scooter elettrico Firenze\",\"turismo\"],\"articleSection\":[\"Anziani\",\"Disabili\",\"News\"],\"inLanguage\":\"pt-PT\",\"potentialAction\":[{\"@type\":\"CommentAction\",\"name\":\"Comment\",\"target\":[\"https:\\\/\\\/www.miamedicalitalia.it\\\/disability-pride-toscana-2025-la-prima-edizione-a-firenze\\\/#respond\"]}]},{\"@type\":\"WebPage\",\"@id\":\"https:\\\/\\\/www.miamedicalitalia.it\\\/disability-pride-toscana-2025-la-prima-edizione-a-firenze\\\/\",\"url\":\"https:\\\/\\\/www.miamedicalitalia.it\\\/disability-pride-toscana-2025-la-prima-edizione-a-firenze\\\/\",\"name\":\"Disability Pride Toscana 2025: la prima edizione a Firenze - Mia Medical\",\"isPartOf\":{\"@id\":\"https:\\\/\\\/www.miamedicalitalia.it\\\/#website\"},\"primaryImageOfPage\":{\"@id\":\"https:\\\/\\\/www.miamedicalitalia.it\\\/disability-pride-toscana-2025-la-prima-edizione-a-firenze\\\/#primaryimage\"},\"image\":{\"@id\":\"https:\\\/\\\/www.miamedicalitalia.it\\\/disability-pride-toscana-2025-la-prima-edizione-a-firenze\\\/#primaryimage\"},\"thumbnailUrl\":\"https:\\\/\\\/www.miamedicalitalia.it\\\/wp-content\\\/uploads\\\/2025\\\/09\\\/2Q.jpeg\",\"datePublished\":\"2025-09-07T18:43:04+00:00\",\"dateModified\":\"2026-03-30T16:21:33+00:00\",\"description\":\"Firenze nel 2025 apre le proprie strade alla prima edizione del Disability Pride Toscana. Scopri di cosa si tratta e come partecipare!\",\"breadcrumb\":{\"@id\":\"https:\\\/\\\/www.miamedicalitalia.it\\\/disability-pride-toscana-2025-la-prima-edizione-a-firenze\\\/#breadcrumb\"},\"inLanguage\":\"pt-PT\",\"potentialAction\":[{\"@type\":\"ReadAction\",\"target\":[\"https:\\\/\\\/www.miamedicalitalia.it\\\/disability-pride-toscana-2025-la-prima-edizione-a-firenze\\\/\"]}]},{\"@type\":\"ImageObject\",\"inLanguage\":\"pt-PT\",\"@id\":\"https:\\\/\\\/www.miamedicalitalia.it\\\/disability-pride-toscana-2025-la-prima-edizione-a-firenze\\\/#primaryimage\",\"url\":\"https:\\\/\\\/www.miamedicalitalia.it\\\/wp-content\\\/uploads\\\/2025\\\/09\\\/2Q.jpeg\",\"contentUrl\":\"https:\\\/\\\/www.miamedicalitalia.it\\\/wp-content\\\/uploads\\\/2025\\\/09\\\/2Q.jpeg\",\"width\":1024,\"height\":1024,\"caption\":\"Disability Pride Toscana 2025\"},{\"@type\":\"BreadcrumbList\",\"@id\":\"https:\\\/\\\/www.miamedicalitalia.it\\\/disability-pride-toscana-2025-la-prima-edizione-a-firenze\\\/#breadcrumb\",\"itemListElement\":[{\"@type\":\"ListItem\",\"position\":1,\"name\":\"Home\",\"item\":\"https:\\\/\\\/www.miamedicalitalia.it\\\/\"},{\"@type\":\"ListItem\",\"position\":2,\"name\":\"Disability Pride Toscana 2025: la prima edizione a Firenze\"}]},{\"@type\":\"WebSite\",\"@id\":\"https:\\\/\\\/www.miamedicalitalia.it\\\/#website\",\"url\":\"https:\\\/\\\/www.miamedicalitalia.it\\\/\",\"name\":\"www.miamedicalitalia.it\",\"description\":\"Noleggio e Vendita Attrezzatura Sanitarie\",\"publisher\":{\"@id\":\"https:\\\/\\\/www.miamedicalitalia.it\\\/#organization\"},\"potentialAction\":[{\"@type\":\"SearchAction\",\"target\":{\"@type\":\"EntryPoint\",\"urlTemplate\":\"https:\\\/\\\/www.miamedicalitalia.it\\\/?s={search_term_string}\"},\"query-input\":{\"@type\":\"PropertyValueSpecification\",\"valueRequired\":true,\"valueName\":\"search_term_string\"}}],\"inLanguage\":\"pt-PT\"},{\"@type\":\"Organization\",\"@id\":\"https:\\\/\\\/www.miamedicalitalia.it\\\/#organization\",\"name\":\"OLG\",\"url\":\"https:\\\/\\\/www.miamedicalitalia.it\\\/\",\"logo\":{\"@type\":\"ImageObject\",\"inLanguage\":\"pt-PT\",\"@id\":\"https:\\\/\\\/www.miamedicalitalia.it\\\/#\\\/schema\\\/logo\\\/image\\\/\",\"url\":\"https:\\\/\\\/www.miamedicalitalia.it\\\/wp-content\\\/uploads\\\/2023\\\/04\\\/mia-medical-logo-free.png\",\"contentUrl\":\"https:\\\/\\\/www.miamedicalitalia.it\\\/wp-content\\\/uploads\\\/2023\\\/04\\\/mia-medical-logo-free.png\",\"width\":700,\"height\":700,\"caption\":\"OLG\"},\"image\":{\"@id\":\"https:\\\/\\\/www.miamedicalitalia.it\\\/#\\\/schema\\\/logo\\\/image\\\/\"},\"sameAs\":[\"https:\\\/\\\/www.facebook.com\\\/miamedicalitalia\"]},{\"@type\":\"Person\",\"@id\":\"https:\\\/\\\/www.miamedicalitalia.it\\\/#\\\/schema\\\/person\\\/04a65f5cdcc128d65095be90c183f35a\",\"name\":\"Anna Norante\",\"image\":{\"@type\":\"ImageObject\",\"inLanguage\":\"pt-PT\",\"@id\":\"https:\\\/\\\/secure.gravatar.com\\\/avatar\\\/f0be0e99d2a735522752a5fe34e6262c835130f0de176393ad559698341f2d55?s=96&d=mm&r=g\",\"url\":\"https:\\\/\\\/secure.gravatar.com\\\/avatar\\\/f0be0e99d2a735522752a5fe34e6262c835130f0de176393ad559698341f2d55?s=96&d=mm&r=g\",\"contentUrl\":\"https:\\\/\\\/secure.gravatar.com\\\/avatar\\\/f0be0e99d2a735522752a5fe34e6262c835130f0de176393ad559698341f2d55?s=96&d=mm&r=g\",\"caption\":\"Anna Norante\"}}]}<\/script>\n<!-- \/ Yoast SEO Premium plugin. -->","yoast_head_json":{"title":"Disability Pride Toscana 2025: a primeira edi\u00e7\u00e3o em Floren\u00e7a - Mia Medical","description":"Floren\u00e7a em 2025 abre as suas ruas \u00e0 primeira edi\u00e7\u00e3o do Disability Pride Toscana. Descubra o que \u00e9 e como participar!","robots":{"index":"index","follow":"follow","max-snippet":"max-snippet:-1","max-image-preview":"max-image-preview:large","max-video-preview":"max-video-preview:-1"},"canonical":"https:\/\/www.miamedicalitalia.it\/pt\/disability-pride-toscana-2025-la-prima-edizione-a-firenze\/","og_locale":"pt_PT","og_type":"article","og_title":"Disability Pride Toscana 2025: la prima edizione a Firenze - Mia Medical","og_description":"Firenze nel 2025 apre le proprie strade alla prima edizione del Disability Pride Toscana. Scopri di cosa si tratta e come partecipare!","og_url":"https:\/\/www.miamedicalitalia.it\/pt\/disability-pride-toscana-2025-la-prima-edizione-a-firenze\/","og_site_name":"Mia Medical","article_publisher":"https:\/\/www.facebook.com\/miamedicalitalia","article_published_time":"2025-09-07T18:43:04+00:00","article_modified_time":"2026-03-30T16:21:33+00:00","og_image":[{"width":1024,"height":1024,"url":"https:\/\/www.miamedicalitalia.it\/wp-content\/uploads\/2025\/09\/2Q.jpeg","type":"image\/jpeg"}],"author":"Anna Norante","twitter_card":"summary_large_image","twitter_misc":{"Escrito por":"Anna Norante","Tempo estimado de leitura":"6 minutos"},"schema":{"@context":"https:\/\/schema.org","@graph":[{"@type":"Article","@id":"https:\/\/www.miamedicalitalia.it\/disability-pride-toscana-2025-la-prima-edizione-a-firenze\/#article","isPartOf":{"@id":"https:\/\/www.miamedicalitalia.it\/disability-pride-toscana-2025-la-prima-edizione-a-firenze\/"},"author":{"name":"Anna Norante","@id":"https:\/\/www.miamedicalitalia.it\/#\/schema\/person\/04a65f5cdcc128d65095be90c183f35a"},"headline":"Disability Pride Toscana 2025: la prima edizione a Firenze","datePublished":"2025-09-07T18:43:04+00:00","dateModified":"2026-03-30T16:21:33+00:00","mainEntityOfPage":{"@id":"https:\/\/www.miamedicalitalia.it\/disability-pride-toscana-2025-la-prima-edizione-a-firenze\/"},"wordCount":920,"commentCount":0,"publisher":{"@id":"https:\/\/www.miamedicalitalia.it\/#organization"},"image":{"@id":"https:\/\/www.miamedicalitalia.it\/disability-pride-toscana-2025-la-prima-edizione-a-firenze\/#primaryimage"},"thumbnailUrl":"https:\/\/www.miamedicalitalia.it\/wp-content\/uploads\/2025\/09\/2Q.jpeg","keywords":["2025","ausili medicali","carrozzine","disabilit\u00e0","Disability Pride","Disability Pride Firenze","Disability Pride Italia","Disability Pride Toscana","noleggio ausili medicali Firenze","noleggio scooter elettrico Firenze","turismo"],"articleSection":["Anziani","Disabili","News"],"inLanguage":"pt-PT","potentialAction":[{"@type":"CommentAction","name":"Comment","target":["https:\/\/www.miamedicalitalia.it\/disability-pride-toscana-2025-la-prima-edizione-a-firenze\/#respond"]}]},{"@type":"WebPage","@id":"https:\/\/www.miamedicalitalia.it\/disability-pride-toscana-2025-la-prima-edizione-a-firenze\/","url":"https:\/\/www.miamedicalitalia.it\/disability-pride-toscana-2025-la-prima-edizione-a-firenze\/","name":"Disability Pride Toscana 2025: a primeira edi\u00e7\u00e3o em Floren\u00e7a - Mia Medical","isPartOf":{"@id":"https:\/\/www.miamedicalitalia.it\/#website"},"primaryImageOfPage":{"@id":"https:\/\/www.miamedicalitalia.it\/disability-pride-toscana-2025-la-prima-edizione-a-firenze\/#primaryimage"},"image":{"@id":"https:\/\/www.miamedicalitalia.it\/disability-pride-toscana-2025-la-prima-edizione-a-firenze\/#primaryimage"},"thumbnailUrl":"https:\/\/www.miamedicalitalia.it\/wp-content\/uploads\/2025\/09\/2Q.jpeg","datePublished":"2025-09-07T18:43:04+00:00","dateModified":"2026-03-30T16:21:33+00:00","description":"Floren\u00e7a em 2025 abre as suas ruas \u00e0 primeira edi\u00e7\u00e3o do Disability Pride Toscana. Descubra o que \u00e9 e como participar!","breadcrumb":{"@id":"https:\/\/www.miamedicalitalia.it\/disability-pride-toscana-2025-la-prima-edizione-a-firenze\/#breadcrumb"},"inLanguage":"pt-PT","potentialAction":[{"@type":"ReadAction","target":["https:\/\/www.miamedicalitalia.it\/disability-pride-toscana-2025-la-prima-edizione-a-firenze\/"]}]},{"@type":"ImageObject","inLanguage":"pt-PT","@id":"https:\/\/www.miamedicalitalia.it\/disability-pride-toscana-2025-la-prima-edizione-a-firenze\/#primaryimage","url":"https:\/\/www.miamedicalitalia.it\/wp-content\/uploads\/2025\/09\/2Q.jpeg","contentUrl":"https:\/\/www.miamedicalitalia.it\/wp-content\/uploads\/2025\/09\/2Q.jpeg","width":1024,"height":1024,"caption":"Disability Pride Toscana 2025"},{"@type":"BreadcrumbList","@id":"https:\/\/www.miamedicalitalia.it\/disability-pride-toscana-2025-la-prima-edizione-a-firenze\/#breadcrumb","itemListElement":[{"@type":"ListItem","position":1,"name":"Home","item":"https:\/\/www.miamedicalitalia.it\/"},{"@type":"ListItem","position":2,"name":"Disability Pride Toscana 2025: la prima edizione a Firenze"}]},{"@type":"WebSite","@id":"https:\/\/www.miamedicalitalia.it\/#website","url":"https:\/\/www.miamedicalitalia.it\/","name":"www.miamedicalitalia.it","description":"Aluguer e venda de equipamento sanit\u00e1rio","publisher":{"@id":"https:\/\/www.miamedicalitalia.it\/#organization"},"potentialAction":[{"@type":"SearchAction","target":{"@type":"EntryPoint","urlTemplate":"https:\/\/www.miamedicalitalia.it\/?s={search_term_string}"},"query-input":{"@type":"PropertyValueSpecification","valueRequired":true,"valueName":"search_term_string"}}],"inLanguage":"pt-PT"},{"@type":"Organization","@id":"https:\/\/www.miamedicalitalia.it\/#organization","name":"OLG","url":"https:\/\/www.miamedicalitalia.it\/","logo":{"@type":"ImageObject","inLanguage":"pt-PT","@id":"https:\/\/www.miamedicalitalia.it\/#\/schema\/logo\/image\/","url":"https:\/\/www.miamedicalitalia.it\/wp-content\/uploads\/2023\/04\/mia-medical-logo-free.png","contentUrl":"https:\/\/www.miamedicalitalia.it\/wp-content\/uploads\/2023\/04\/mia-medical-logo-free.png","width":700,"height":700,"caption":"OLG"},"image":{"@id":"https:\/\/www.miamedicalitalia.it\/#\/schema\/logo\/image\/"},"sameAs":["https:\/\/www.facebook.com\/miamedicalitalia"]},{"@type":"Person","@id":"https:\/\/www.miamedicalitalia.it\/#\/schema\/person\/04a65f5cdcc128d65095be90c183f35a","name":"Anna Norante","image":{"@type":"ImageObject","inLanguage":"pt-PT","@id":"https:\/\/secure.gravatar.com\/avatar\/f0be0e99d2a735522752a5fe34e6262c835130f0de176393ad559698341f2d55?s=96&d=mm&r=g","url":"https:\/\/secure.gravatar.com\/avatar\/f0be0e99d2a735522752a5fe34e6262c835130f0de176393ad559698341f2d55?s=96&d=mm&r=g","contentUrl":"https:\/\/secure.gravatar.com\/avatar\/f0be0e99d2a735522752a5fe34e6262c835130f0de176393ad559698341f2d55?s=96&d=mm&r=g","caption":"Anna Norante"}}]}},"_links":{"self":[{"href":"https:\/\/www.miamedicalitalia.it\/pt\/wp-json\/wp\/v2\/posts\/14464","targetHints":{"allow":["GET"]}}],"collection":[{"href":"https:\/\/www.miamedicalitalia.it\/pt\/wp-json\/wp\/v2\/posts"}],"about":[{"href":"https:\/\/www.miamedicalitalia.it\/pt\/wp-json\/wp\/v2\/types\/post"}],"author":[{"embeddable":true,"href":"https:\/\/www.miamedicalitalia.it\/pt\/wp-json\/wp\/v2\/users\/809"}],"replies":[{"embeddable":true,"href":"https:\/\/www.miamedicalitalia.it\/pt\/wp-json\/wp\/v2\/comments?post=14464"}],"version-history":[{"count":8,"href":"https:\/\/www.miamedicalitalia.it\/pt\/wp-json\/wp\/v2\/posts\/14464\/revisions"}],"predecessor-version":[{"id":14474,"href":"https:\/\/www.miamedicalitalia.it\/pt\/wp-json\/wp\/v2\/posts\/14464\/revisions\/14474"}],"wp:featuredmedia":[{"embeddable":true,"href":"https:\/\/www.miamedicalitalia.it\/pt\/wp-json\/wp\/v2\/media\/14475"}],"wp:attachment":[{"href":"https:\/\/www.miamedicalitalia.it\/pt\/wp-json\/wp\/v2\/media?parent=14464"}],"wp:term":[{"taxonomy":"category","embeddable":true,"href":"https:\/\/www.miamedicalitalia.it\/pt\/wp-json\/wp\/v2\/categories?post=14464"},{"taxonomy":"post_tag","embeddable":true,"href":"https:\/\/www.miamedicalitalia.it\/pt\/wp-json\/wp\/v2\/tags?post=14464"}],"curies":[{"name":"wp","href":"https:\/\/api.w.org\/{rel}","templated":true}]}}