{"id":14338,"date":"2025-09-07T20:44:31","date_gmt":"2025-09-07T18:44:31","guid":{"rendered":"https:\/\/www.miamedicalitalia.it\/?p=14338"},"modified":"2025-09-07T20:44:32","modified_gmt":"2025-09-07T18:44:32","slug":"disability-pride-roma-2025-tutto-quello-che-ce-da-sapere","status":"publish","type":"post","link":"https:\/\/www.miamedicalitalia.it\/pt\/disability-pride-roma-2025-tutto-quello-che-ce-da-sapere\/","title":{"rendered":"Orgulho da Defici\u00eancia Roma 2025: tudo o que precisa saber\u00a0"},"content":{"rendered":"<h4 class=\"wp-block-heading\" id=\"h-il-20-settembre-la-capitale-celebra-inclusione-e-diritti\">No dia 20 de setembro, a capital celebra a inclus\u00e3o e os direitos <\/h4>\n\n\n\n<figure class=\"wp-block-image size-full\"><img loading=\"lazy\" decoding=\"async\" width=\"2344\" height=\"1584\" src=\"https:\/\/www.miamedicalitalia.it\/wp-content\/uploads\/2025\/08\/IMG_4504.jpeg\" alt=\"DISABILITY PRIDE ROMA\" class=\"wp-image-14346\" srcset=\"https:\/\/www.miamedicalitalia.it\/wp-content\/uploads\/2025\/08\/IMG_4504.jpeg 2344w, https:\/\/www.miamedicalitalia.it\/wp-content\/uploads\/2025\/08\/IMG_4504-1536x1038.jpeg 1536w, https:\/\/www.miamedicalitalia.it\/wp-content\/uploads\/2025\/08\/IMG_4504-2048x1384.jpeg 2048w, https:\/\/www.miamedicalitalia.it\/wp-content\/uploads\/2025\/08\/IMG_4504-18x12.jpeg 18w, https:\/\/www.miamedicalitalia.it\/wp-content\/uploads\/2025\/08\/IMG_4504-500x338.jpeg 500w, https:\/\/www.miamedicalitalia.it\/wp-content\/uploads\/2025\/08\/IMG_4504-700x473.jpeg 700w\" sizes=\"auto, (max-width: 2344px) 100vw, 2344px\" \/><figcaption class=\"wp-element-caption\"><a href=\"https:\/\/www.rollingstone.it\/cultura\/ad-essere-disabili-sono-i-luoghi-non-le-persone-torna-il-disability-pride-italia\/671326\/\">De Rolling Stones It\u00e1lia<\/a>, Orgulho da Defici\u00eancia Roma 2022<\/figcaption><\/figure>\n\n\n\n<p>O&nbsp;<strong>20 de setembro de 2025<\/strong>&nbsp;regressa a Roma em&nbsp;<strong>Orgulho das pessoas com defici\u00eancia<\/strong>o evento que promove os direitos, o respeito, a educa\u00e7\u00e3o e a inclus\u00e3o das pessoas com defici\u00eancia. Um evento que n\u00e3o \u00e9 apenas um desfile, mas um verdadeiro momento de comunidade, partilha e participa\u00e7\u00e3o aberto a todos.<\/p>\n\n\n\n<h3 class=\"wp-block-heading\" id=\"h-che-cos-e-il-disability-pride-e-perche-e-importante-partecipare-come-atto-di-consapevolezza-collettiva-nbsp\"><strong>O que \u00e9 o Orgulho da Defici\u00eancia e porque \u00e9 importante: participar como um ato de consci\u00eancia colectiva&nbsp;<\/strong><\/h3>\n\n\n\n<p>O <strong><a href=\"https:\/\/www.disabilitypridesc.org\/home\">Orgulho das pessoas com defici\u00eancia <\/a><\/strong>\u00e9 um movimento internacional que nasceu com o objetivo de:<\/p>\n\n\n\n<ul class=\"wp-block-list\">\n<li>refor\u00e7ar a identidade e o orgulho das pessoas com defici\u00eancia;<\/li>\n\n\n\n<li>sensibiliza\u00e7\u00e3o para os direitos e a inclus\u00e3o;<\/li>\n\n\n\n<li>quebrar estere\u00f3tipos e barreiras culturais e sociais;<\/li>\n<\/ul>\n\n\n\n<p>Participar nesta jornada significa&nbsp;<strong>em defesa de uma sociedade mais inclusiva<\/strong>em que todas as pessoas possam viver com igual dignidade e oportunidades.<\/p>\n\n\n\n<h4 class=\"wp-block-heading\" id=\"h-la-storia-del-disability-pride-e-il-suo-messaggio-universale-diversita-come-risorsa-e-valore-per-l-intera-societa-nbsp\"><strong>A hist\u00f3ria do Orgulho da Defici\u00eancia e a sua mensagem universal: a diversidade como um recurso e um valor para toda a sociedade&nbsp;<\/strong><\/h4>\n\n\n\n<p>O&nbsp;<strong>Orgulho das pessoas com defici\u00eancia<\/strong>&nbsp;nasceu nos Estados Unidos no in\u00edcio dos anos 90, seguindo o exemplo dos movimentos dos direitos civis e do Orgulho LGBTQ+. A ideia era clara:&nbsp;<strong>mudar o foco da defici\u00eancia vista como uma limita\u00e7\u00e3o para a defici\u00eancia como parte da identidade, a ser vivida com orgulho e dignidade<\/strong>.<\/p>\n\n\n\n<p>Em It\u00e1lia, a primeira edi\u00e7\u00e3o data de&nbsp;<strong>2015<\/strong>com um desfile em Roma que inaugurou um percurso que \u00e9 agora cada vez mais participado e reconhecido a n\u00edvel nacional e internacional. Atualmente, o Disability Pride Italy faz parte de uma rede global que organiza eventos em cidades como Nova Iorque, Londres, Berlim e Madrid.<\/p>\n\n\n\n<h3 class=\"wp-block-heading\" id=\"h-disability-pride-roma-2025-come-partecipare\"><strong>Orgulho da Defici\u00eancia Roma 2025: como participar<\/strong><\/h3>\n\n\n\n<p><strong>Data:<\/strong>&nbsp;S\u00e1bado, 20 de setembro de 2025<\/p>\n\n\n\n<p><strong>Localiza\u00e7\u00e3o:<\/strong>&nbsp;Roma (o percurso oficial do desfile ser\u00e1 publicado em breve no s\u00edtio Web&nbsp;<a href=\"https:\/\/www.disabilityprideitalia.org\/\">Orgulho da defici\u00eancia em It\u00e1lia<\/a>&nbsp;e nos canais sociais do evento).<\/p>\n\n\n\n<figure class=\"wp-block-image size-full is-resized\"><img loading=\"lazy\" decoding=\"async\" width=\"674\" height=\"449\" src=\"https:\/\/www.miamedicalitalia.it\/wp-content\/uploads\/2025\/08\/IMG_4505-1.jpeg\" alt=\"\" class=\"wp-image-14354\" style=\"width:840px;height:auto\" srcset=\"https:\/\/www.miamedicalitalia.it\/wp-content\/uploads\/2025\/08\/IMG_4505-1.jpeg 674w, https:\/\/www.miamedicalitalia.it\/wp-content\/uploads\/2025\/08\/IMG_4505-1-18x12.jpeg 18w, https:\/\/www.miamedicalitalia.it\/wp-content\/uploads\/2025\/08\/IMG_4505-1-500x333.jpeg 500w\" sizes=\"auto, (max-width: 674px) 100vw, 674px\" \/><figcaption class=\"wp-element-caption\">ORGULHO DOS DEFICIENTES EM ROMA<\/figcaption><\/figure>\n\n\n\n<p>O evento inclui a&nbsp;<strong><a href=\"https:\/\/www.superabile.it\/portale\/it\/storie-eventi-e-notizie\/news-disabilita\/dettaglio-notizia.2025.06.disability-pride-2025-roma-settembre.html\">Desfile das pessoas com defici\u00eancia<\/a><\/strong>,&nbsp;<strong>prociss\u00e3o colorida e festiva<\/strong>&nbsp;entre as ruas de&nbsp;<strong>centro hist\u00f3rico de Roma<\/strong>&nbsp;(da Piazza Santi Apostoli \u00e0 Piazza di Spagna ou Piazza del Popolo), com m\u00fasica, discursos, testemunhos e momentos de reflex\u00e3o. Os&nbsp;<strong>Aldeia das pessoas com defici\u00eancia<\/strong>&nbsp;numa das pra\u00e7as hist\u00f3ricas (Piazza di Spagna ou Piazza del Popolo), onde ter\u00e1 a oportunidade de participar em numerosas actividades.<\/p>\n\n\n\n<p><strong>O convite est\u00e1 aberto a todos:<\/strong> pessoas com defici\u00eancia, prestadores de cuidados, fam\u00edlias, associa\u00e7\u00f5es, profissionais e cidad\u00e3os que queiram unir-se para apoiar uma sociedade mais justa e inclusiva.<\/p>\n\n\n\n<h3 class=\"wp-block-heading\" id=\"h-come-arrivare-con-la-metropolitana-e-mezzi-pubblici-informazioni-utili\"><strong>Como chegar de metro e transportes p\u00fablicos: Informa\u00e7\u00f5es \u00fateis<\/strong><\/h3>\n\n\n\n<p>Infelizmente, as esta\u00e7\u00f5es mais pr\u00f3ximas do ponto de partida (<strong>Espanha, Barberini, Rep\u00fablica<\/strong>)&nbsp;<strong>n\u00e3o s\u00e3o acess\u00edveis por elevador ou escada elevat\u00f3ria<\/strong>.<\/p>\n\n\n\n<p>Para os utilizadores de cadeiras de rodas, o metro n\u00e3o \u00e9, portanto, uma solu\u00e7\u00e3o pr\u00e1tica. <strong>Alternativa recomendada<\/strong>: <strong><a href=\"https:\/\/www.atac.roma.it\/utility\/servizi-accessibili\">utilizar autocarros com estribos manuais ou el\u00e9ctricos.<\/a><\/strong><\/p>\n\n\n\n<p>- As linhas que param em&nbsp;<strong>Piazza Venezia<\/strong>&nbsp;(a 200 metros da Piazza Santi Apostoli):&nbsp;<strong>40, 60, 64, 70, 80, 83, 85, 87, 118, 170, H<\/strong>todos equipados com meios acess\u00edveis.<\/p>\n\n\n\n<p>Em <strong>carros<\/strong> para quem tem o <strong>cart\u00e3o de estacionamento e de circula\u00e7\u00e3o para pessoas com defici\u00eancia<\/strong>\u00e9 poss\u00edvel:<\/p>\n\n\n\n<ul class=\"wp-block-list\">\n<li>Aceder ao <strong>ZTL<\/strong> do centro hist\u00f3rico sem restri\u00e7\u00f5es<\/li>\n\n\n\n<li> Estacionar nos lugares de estacionamento reservados ao longo das ruas adjacentes \u00e0 Piazza Venezia e \u00e0 Piazza Santi Apostoli.<\/li>\n<\/ul>\n\n\n\n<p><strong>Conselhos pr\u00e1ticos<\/strong>\u00a0A maneira mais f\u00e1cil e mais conveniente de chegar ao\u00a0<strong>Orgulho da defici\u00eancia em Roma<\/strong>\u00a0para as pessoas com mobilidade reduzida \u00e9\u00a0<strong>chegar \u00e0 Piazza Venezia de carro ou de autocarro acess\u00edvel<\/strong>e, a partir da\u00ed, avan\u00e7ar alguns metros em dire\u00e7\u00e3o a<a href=\"https:\/\/maps.apple.com\/?address=Piazza%20Santi%20Apostoli,%2000187%20Roma,%20Italia&amp;auid=14749013147826958395&amp;ll=41.897668,12.483063&amp;lsp=9902&amp;q=Piazza%20Santi%20Apostoli&amp;t=r\">\u00a0<strong>Piazza Santi Apostoli<\/strong><\/a>ponto de partida da prociss\u00e3o.<\/p>\n\n\n\n<h3 class=\"wp-block-heading\" id=\"h-il-ruolo-di-mia-medical-italia-al-fianco-delle-persone-con-disabilita-ogni-giorno\"><strong><a href=\"https:\/\/www.miamedicalitalia.it\/pt\/chi-siamo\/\">O papel da Mia Medical Italia: acompanhar diariamente as pessoas com defici\u00eancia<\/a><\/strong><\/h3>\n\n\n\n<p>Para <strong>Mia Medical It\u00e1lia <\/strong>o <strong>Orgulho das pessoas com defici\u00eancia<\/strong> n\u00e3o \u00e9 apenas um encontro anual, mas um lembrete do nosso compromisso di\u00e1rio:\u00a0<strong>Proporcionar autonomia, serenidade e bem-estar<\/strong>\u00a0para aqueles que mais precisam. H\u00e1 anos que trabalhamos no terreno para oferecer solu\u00e7\u00f5es de mobilidade que melhoram concretamente a vida das pessoas com defici\u00eancia.<\/p>\n\n\n\n<p><a href=\"https:\/\/www.miamedicalitalia.it\/pt\/chi-siamo\/\">Saiba quem somos<\/a><\/p>\n\n\n\n<p>Participar e apoiar eventos como o <strong>Orgulho da defici\u00eancia em Roma<\/strong> significa reafirmar que\u00a0<strong>a inclus\u00e3o e os direitos s\u00e3o a nossa miss\u00e3o<\/strong>\u00a0tanto quanto a aten\u00e7\u00e3o aos pormenores dos nossos servi\u00e7os. <a href=\"https:\/\/www.miamedicalitalia.it\/pt\/categoria\/affitto-e-noleggio-ausili\/\">Saiba mais sobre os nossos servi\u00e7os de venda e aluguer de auxiliares de mobilidade e equipamento electrom\u00e9dico.\u00a0<\/a><\/p>\n\n\n\n<figure class=\"wp-block-gallery has-nested-images columns-default is-cropped wp-block-gallery-1 is-layout-flex wp-block-gallery-is-layout-flex\">\n<figure class=\"wp-block-image size-large\"><img loading=\"lazy\" decoding=\"async\" width=\"691\" height=\"733\" data-id=\"14351\" src=\"https:\/\/www.miamedicalitalia.it\/wp-content\/uploads\/2025\/08\/IMG_4352.jpeg\" alt=\"\" class=\"wp-image-14351\" srcset=\"https:\/\/www.miamedicalitalia.it\/wp-content\/uploads\/2025\/08\/IMG_4352.jpeg 691w, https:\/\/www.miamedicalitalia.it\/wp-content\/uploads\/2025\/08\/IMG_4352-11x12.jpeg 11w, https:\/\/www.miamedicalitalia.it\/wp-content\/uploads\/2025\/08\/IMG_4352-500x530.jpeg 500w\" sizes=\"auto, (max-width: 691px) 100vw, 691px\" \/><figcaption class=\"wp-element-caption\">I <a href=\"https:\/\/www.miamedicalitalia.it\/pt\/categoria\/affitto-e-noleggio-ausili\/noleggio-e-affitto-carrozzina-elettrica-e-scooter\/\">as nossas trotinetes el\u00e9ctricas <\/a><\/figcaption><\/figure>\n\n\n\n<figure class=\"wp-block-image size-large\"><img loading=\"lazy\" decoding=\"async\" width=\"1080\" height=\"1080\" data-id=\"14352\" src=\"https:\/\/www.miamedicalitalia.it\/wp-content\/uploads\/2025\/08\/IMG_4355.jpeg\" alt=\"\" class=\"wp-image-14352\" srcset=\"https:\/\/www.miamedicalitalia.it\/wp-content\/uploads\/2025\/08\/IMG_4355.jpeg 1080w, https:\/\/www.miamedicalitalia.it\/wp-content\/uploads\/2025\/08\/IMG_4355-150x150.jpeg 150w, https:\/\/www.miamedicalitalia.it\/wp-content\/uploads\/2025\/08\/IMG_4355-12x12.jpeg 12w, https:\/\/www.miamedicalitalia.it\/wp-content\/uploads\/2025\/08\/IMG_4355-500x500.jpeg 500w, https:\/\/www.miamedicalitalia.it\/wp-content\/uploads\/2025\/08\/IMG_4355-700x700.jpeg 700w, https:\/\/www.miamedicalitalia.it\/wp-content\/uploads\/2025\/08\/IMG_4355-100x100.jpeg 100w\" sizes=\"auto, (max-width: 1080px) 100vw, 1080px\" \/><figcaption class=\"wp-element-caption\">Le <a href=\"https:\/\/www.miamedicalitalia.it\/pt\/categoria\/affitto-e-noleggio-ausili\/noleggio-e-affitto-carrozzina-elettrica-e-scooter\/\">as nossas cadeiras de rodas el\u00e9ctricas dobr\u00e1veis ultra-leves<\/a><\/figcaption><\/figure>\n\n\n\n<figure class=\"wp-block-image size-large\"><img loading=\"lazy\" decoding=\"async\" width=\"1000\" height=\"1000\" data-id=\"14350\" src=\"https:\/\/www.miamedicalitalia.it\/wp-content\/uploads\/2025\/08\/IMG_2158.jpeg\" alt=\"\" class=\"wp-image-14350\" srcset=\"https:\/\/www.miamedicalitalia.it\/wp-content\/uploads\/2025\/08\/IMG_2158.jpeg 1000w, https:\/\/www.miamedicalitalia.it\/wp-content\/uploads\/2025\/08\/IMG_2158-150x150.jpeg 150w, https:\/\/www.miamedicalitalia.it\/wp-content\/uploads\/2025\/08\/IMG_2158-12x12.jpeg 12w, https:\/\/www.miamedicalitalia.it\/wp-content\/uploads\/2025\/08\/IMG_2158-500x500.jpeg 500w, https:\/\/www.miamedicalitalia.it\/wp-content\/uploads\/2025\/08\/IMG_2158-700x700.jpeg 700w, https:\/\/www.miamedicalitalia.it\/wp-content\/uploads\/2025\/08\/IMG_2158-100x100.jpeg 100w\" sizes=\"auto, (max-width: 1000px) 100vw, 1000px\" \/><figcaption class=\"wp-element-caption\"><a href=\"https:\/\/www.miamedicalitalia.it\/pt\/categoria\/affitto-e-noleggio-ausili\/affitto-e-noleggio-carrozzina\/\">Todos os nossos modelos de cadeiras de rodas <\/a><\/figcaption><\/figure>\n<\/figure>\n\n\n\n<p><strong>Junte-se ao Disability Pride Roma 2025<\/strong>Participe, partilhe, fa\u00e7a ouvir a sua voz. <strong><a href=\"https:\/\/wa.me\/393926509237\">Contactar-nos<\/a><\/strong> agora para alugar uma trotinete el\u00e9ctrica, uma cadeira de rodas e muito mais para participar neste evento imperd\u00edvel! <strong>Telefone para +39 392 65 09 237<\/strong>.<\/p>\n\n\n\n<h3 class=\"wp-block-heading\" id=\"h-prossimo-appuntamento-disability-pride-firenze-2025\"><strong><a href=\"https:\/\/www.dptoscana.it\/\">Pr\u00f3ximo evento: Disability Pride Florence 2025<\/a><\/strong><\/h3>\n\n\n\n<p>Depois de Roma, em 27 de setembro ser\u00e1 a vez de Floren\u00e7a, que acolher\u00e1 a sua&nbsp;<strong>primeira edi\u00e7\u00e3o de Disability Pride<\/strong>.<\/p>\n\n\n\n<p>Esta \u00e9 uma not\u00edcia de que nos orgulhamos e que iremos abordar em breve no nosso blogue, at\u00e9 porque a Mia Medical est\u00e1 sediada em Floren\u00e7a e n\u00e3o ir\u00e1 perder esta nova etapa!&nbsp;<\/p>\n\n\n\n<p>Subscrever a nossa <strong><a href=\"https:\/\/www.miamedicalitalia.it\/pt\/contatti\/\">Boletim informativo<\/a><\/strong> para n\u00e3o perder nenhuma not\u00edcia sobre o <strong>turismo acess\u00edvel em Roma e Floren\u00e7a, ofertas imperd\u00edveis de ajudas \u00e0 mobilidade e equipamentos electrom\u00e9dicos, conselhos e muito mais!\u00a0<\/strong><\/p>","protected":false},"excerpt":{"rendered":"<p>Il 20 Settembre la Capitale celebra inclusione e diritti Il&nbsp;20 settembre 2025&nbsp;torna [&hellip;]<\/p>\n","protected":false},"author":809,"featured_media":14356,"comment_status":"open","ping_status":"open","sticky":false,"template":"","format":"standard","meta":{"_acf_changed":false,"footnotes":""},"categories":[183,186,176],"tags":[318,437,188,190,308,432,434,433,435,439,436,193,184],"class_list":["post-14338","post","type-post","status-publish","format-standard","has-post-thumbnail","hentry","category-articoli-anziani","category-articoli-disabili","category-news","tag-318","tag-accessibilita-mezzi-roma","tag-ausili-medicali","tag-benefici","tag-disabilita","tag-disability-pride","tag-disability-pride-parade-roma","tag-disability-pride-roma","tag-disability-village-roma","tag-inclusivita","tag-manifestazione-disabilita-roma","tag-noleggio","tag-turismo"],"acf":[],"yoast_head":"<!-- This site is optimized with the Yoast SEO Premium plugin v27.5 (Yoast SEO v27.5) - https:\/\/yoast.com\/product\/yoast-seo-premium-wordpress\/ -->\n<title>Disability Pride Roma 2025: tutto quello che c\u2019\u00e8 da sapere\u00a0 - Mia Medical<\/title>\n<meta name=\"description\" content=\"Il 20 settembre 2025 Roma torna ad ospitare il Disability Pride. Scopri tutto quello che c\u2019\u00e8 da sapere per partecipare alla manifestazione!\" \/>\n<meta name=\"robots\" content=\"index, follow, max-snippet:-1, max-image-preview:large, max-video-preview:-1\" \/>\n<link rel=\"canonical\" href=\"https:\/\/www.miamedicalitalia.it\/pt\/disability-pride-roma-2025-tutto-quello-che-ce-da-sapere\/\" \/>\n<meta property=\"og:locale\" content=\"pt_PT\" \/>\n<meta property=\"og:type\" content=\"article\" \/>\n<meta property=\"og:title\" content=\"Disability Pride Roma 2025: tutto quello che c\u2019\u00e8 da sapere\u00a0 - Mia Medical\" \/>\n<meta property=\"og:description\" content=\"Il 20 settembre 2025 Roma torna ad ospitare il Disability Pride. Scopri tutto quello che c\u2019\u00e8 da sapere per partecipare alla manifestazione!\" \/>\n<meta property=\"og:url\" content=\"https:\/\/www.miamedicalitalia.it\/pt\/disability-pride-roma-2025-tutto-quello-che-ce-da-sapere\/\" \/>\n<meta property=\"og:site_name\" content=\"Mia Medical\" \/>\n<meta property=\"article:publisher\" content=\"https:\/\/www.facebook.com\/miamedicalitalia\" \/>\n<meta property=\"article:published_time\" content=\"2025-09-07T18:44:31+00:00\" \/>\n<meta property=\"article:modified_time\" content=\"2025-09-07T18:44:32+00:00\" \/>\n<meta property=\"og:image\" content=\"https:\/\/www.miamedicalitalia.it\/wp-content\/uploads\/2025\/08\/D3Rk4hVXHS7SAAAAAElFTkSuQmCC.png\" \/>\n\t<meta property=\"og:image:width\" content=\"1024\" \/>\n\t<meta property=\"og:image:height\" content=\"1024\" \/>\n\t<meta property=\"og:image:type\" content=\"image\/png\" \/>\n<meta name=\"author\" content=\"Anna Norante\" \/>\n<meta name=\"twitter:card\" content=\"summary_large_image\" \/>\n<meta name=\"twitter:label1\" content=\"Escrito por\" \/>\n\t<meta name=\"twitter:data1\" content=\"Anna Norante\" \/>\n\t<meta name=\"twitter:label2\" content=\"Tempo estimado de leitura\" \/>\n\t<meta name=\"twitter:data2\" content=\"4 minutos\" \/>\n<script type=\"application\/ld+json\" class=\"yoast-schema-graph\">{\"@context\":\"https:\\\/\\\/schema.org\",\"@graph\":[{\"@type\":\"Article\",\"@id\":\"https:\\\/\\\/www.miamedicalitalia.it\\\/disability-pride-roma-2025-tutto-quello-che-ce-da-sapere\\\/#article\",\"isPartOf\":{\"@id\":\"https:\\\/\\\/www.miamedicalitalia.it\\\/disability-pride-roma-2025-tutto-quello-che-ce-da-sapere\\\/\"},\"author\":{\"name\":\"Anna Norante\",\"@id\":\"https:\\\/\\\/www.miamedicalitalia.it\\\/#\\\/schema\\\/person\\\/04a65f5cdcc128d65095be90c183f35a\"},\"headline\":\"Disability Pride Roma 2025: tutto quello che c\u2019\u00e8 da sapere\u00a0\",\"datePublished\":\"2025-09-07T18:44:31+00:00\",\"dateModified\":\"2025-09-07T18:44:32+00:00\",\"mainEntityOfPage\":{\"@id\":\"https:\\\/\\\/www.miamedicalitalia.it\\\/disability-pride-roma-2025-tutto-quello-che-ce-da-sapere\\\/\"},\"wordCount\":822,\"commentCount\":0,\"publisher\":{\"@id\":\"https:\\\/\\\/www.miamedicalitalia.it\\\/#organization\"},\"image\":{\"@id\":\"https:\\\/\\\/www.miamedicalitalia.it\\\/disability-pride-roma-2025-tutto-quello-che-ce-da-sapere\\\/#primaryimage\"},\"thumbnailUrl\":\"https:\\\/\\\/www.miamedicalitalia.it\\\/wp-content\\\/uploads\\\/2025\\\/08\\\/D3Rk4hVXHS7SAAAAAElFTkSuQmCC.png\",\"keywords\":[\"2025\",\"accessibilit\u00e0 mezzi Roma\",\"ausili medicali\",\"benefici\",\"disabilit\u00e0\",\"Disability Pride\",\"Disability Pride Parade Roma\",\"Disability Pride Roma\",\"Disability Village Roma\",\"inclusivit\u00e0\",\"manifestazione disabilit\u00e0 Roma\",\"noleggio\",\"turismo\"],\"articleSection\":[\"Anziani\",\"Disabili\",\"News\"],\"inLanguage\":\"pt-PT\",\"potentialAction\":[{\"@type\":\"CommentAction\",\"name\":\"Comment\",\"target\":[\"https:\\\/\\\/www.miamedicalitalia.it\\\/disability-pride-roma-2025-tutto-quello-che-ce-da-sapere\\\/#respond\"]}]},{\"@type\":\"WebPage\",\"@id\":\"https:\\\/\\\/www.miamedicalitalia.it\\\/disability-pride-roma-2025-tutto-quello-che-ce-da-sapere\\\/\",\"url\":\"https:\\\/\\\/www.miamedicalitalia.it\\\/disability-pride-roma-2025-tutto-quello-che-ce-da-sapere\\\/\",\"name\":\"Disability Pride Roma 2025: tutto quello che c\u2019\u00e8 da sapere\u00a0 - Mia Medical\",\"isPartOf\":{\"@id\":\"https:\\\/\\\/www.miamedicalitalia.it\\\/#website\"},\"primaryImageOfPage\":{\"@id\":\"https:\\\/\\\/www.miamedicalitalia.it\\\/disability-pride-roma-2025-tutto-quello-che-ce-da-sapere\\\/#primaryimage\"},\"image\":{\"@id\":\"https:\\\/\\\/www.miamedicalitalia.it\\\/disability-pride-roma-2025-tutto-quello-che-ce-da-sapere\\\/#primaryimage\"},\"thumbnailUrl\":\"https:\\\/\\\/www.miamedicalitalia.it\\\/wp-content\\\/uploads\\\/2025\\\/08\\\/D3Rk4hVXHS7SAAAAAElFTkSuQmCC.png\",\"datePublished\":\"2025-09-07T18:44:31+00:00\",\"dateModified\":\"2025-09-07T18:44:32+00:00\",\"description\":\"Il 20 settembre 2025 Roma torna ad ospitare il Disability Pride. Scopri tutto quello che c\u2019\u00e8 da sapere per partecipare alla manifestazione!\",\"breadcrumb\":{\"@id\":\"https:\\\/\\\/www.miamedicalitalia.it\\\/disability-pride-roma-2025-tutto-quello-che-ce-da-sapere\\\/#breadcrumb\"},\"inLanguage\":\"pt-PT\",\"potentialAction\":[{\"@type\":\"ReadAction\",\"target\":[\"https:\\\/\\\/www.miamedicalitalia.it\\\/disability-pride-roma-2025-tutto-quello-che-ce-da-sapere\\\/\"]}]},{\"@type\":\"ImageObject\",\"inLanguage\":\"pt-PT\",\"@id\":\"https:\\\/\\\/www.miamedicalitalia.it\\\/disability-pride-roma-2025-tutto-quello-che-ce-da-sapere\\\/#primaryimage\",\"url\":\"https:\\\/\\\/www.miamedicalitalia.it\\\/wp-content\\\/uploads\\\/2025\\\/08\\\/D3Rk4hVXHS7SAAAAAElFTkSuQmCC.png\",\"contentUrl\":\"https:\\\/\\\/www.miamedicalitalia.it\\\/wp-content\\\/uploads\\\/2025\\\/08\\\/D3Rk4hVXHS7SAAAAAElFTkSuQmCC.png\",\"width\":1024,\"height\":1024,\"caption\":\"DISABILITY PRIDE ROMA\"},{\"@type\":\"BreadcrumbList\",\"@id\":\"https:\\\/\\\/www.miamedicalitalia.it\\\/disability-pride-roma-2025-tutto-quello-che-ce-da-sapere\\\/#breadcrumb\",\"itemListElement\":[{\"@type\":\"ListItem\",\"position\":1,\"name\":\"Home\",\"item\":\"https:\\\/\\\/www.miamedicalitalia.it\\\/\"},{\"@type\":\"ListItem\",\"position\":2,\"name\":\"Disability Pride Roma 2025: tutto quello che c\u2019\u00e8 da sapere\u00a0\"}]},{\"@type\":\"WebSite\",\"@id\":\"https:\\\/\\\/www.miamedicalitalia.it\\\/#website\",\"url\":\"https:\\\/\\\/www.miamedicalitalia.it\\\/\",\"name\":\"www.miamedicalitalia.it\",\"description\":\"Noleggio e Vendita Attrezzatura Sanitarie\",\"publisher\":{\"@id\":\"https:\\\/\\\/www.miamedicalitalia.it\\\/#organization\"},\"potentialAction\":[{\"@type\":\"SearchAction\",\"target\":{\"@type\":\"EntryPoint\",\"urlTemplate\":\"https:\\\/\\\/www.miamedicalitalia.it\\\/?s={search_term_string}\"},\"query-input\":{\"@type\":\"PropertyValueSpecification\",\"valueRequired\":true,\"valueName\":\"search_term_string\"}}],\"inLanguage\":\"pt-PT\"},{\"@type\":\"Organization\",\"@id\":\"https:\\\/\\\/www.miamedicalitalia.it\\\/#organization\",\"name\":\"OLG\",\"url\":\"https:\\\/\\\/www.miamedicalitalia.it\\\/\",\"logo\":{\"@type\":\"ImageObject\",\"inLanguage\":\"pt-PT\",\"@id\":\"https:\\\/\\\/www.miamedicalitalia.it\\\/#\\\/schema\\\/logo\\\/image\\\/\",\"url\":\"https:\\\/\\\/www.miamedicalitalia.it\\\/wp-content\\\/uploads\\\/2023\\\/04\\\/mia-medical-logo-free.png\",\"contentUrl\":\"https:\\\/\\\/www.miamedicalitalia.it\\\/wp-content\\\/uploads\\\/2023\\\/04\\\/mia-medical-logo-free.png\",\"width\":700,\"height\":700,\"caption\":\"OLG\"},\"image\":{\"@id\":\"https:\\\/\\\/www.miamedicalitalia.it\\\/#\\\/schema\\\/logo\\\/image\\\/\"},\"sameAs\":[\"https:\\\/\\\/www.facebook.com\\\/miamedicalitalia\"]},{\"@type\":\"Person\",\"@id\":\"https:\\\/\\\/www.miamedicalitalia.it\\\/#\\\/schema\\\/person\\\/04a65f5cdcc128d65095be90c183f35a\",\"name\":\"Anna Norante\",\"image\":{\"@type\":\"ImageObject\",\"inLanguage\":\"pt-PT\",\"@id\":\"https:\\\/\\\/secure.gravatar.com\\\/avatar\\\/f0be0e99d2a735522752a5fe34e6262c835130f0de176393ad559698341f2d55?s=96&d=mm&r=g\",\"url\":\"https:\\\/\\\/secure.gravatar.com\\\/avatar\\\/f0be0e99d2a735522752a5fe34e6262c835130f0de176393ad559698341f2d55?s=96&d=mm&r=g\",\"contentUrl\":\"https:\\\/\\\/secure.gravatar.com\\\/avatar\\\/f0be0e99d2a735522752a5fe34e6262c835130f0de176393ad559698341f2d55?s=96&d=mm&r=g\",\"caption\":\"Anna Norante\"}}]}<\/script>\n<!-- \/ Yoast SEO Premium plugin. -->","yoast_head_json":{"title":"Orgulho da Defici\u00eancia Roma 2025: tudo o que precisa saber  - Mia Medical","description":"Em 20 de setembro de 2025, Roma volta a receber o Disability Pride. Descubra tudo o que precisa saber para participar do evento!","robots":{"index":"index","follow":"follow","max-snippet":"max-snippet:-1","max-image-preview":"max-image-preview:large","max-video-preview":"max-video-preview:-1"},"canonical":"https:\/\/www.miamedicalitalia.it\/pt\/disability-pride-roma-2025-tutto-quello-che-ce-da-sapere\/","og_locale":"pt_PT","og_type":"article","og_title":"Disability Pride Roma 2025: tutto quello che c\u2019\u00e8 da sapere\u00a0 - Mia Medical","og_description":"Il 20 settembre 2025 Roma torna ad ospitare il Disability Pride. Scopri tutto quello che c\u2019\u00e8 da sapere per partecipare alla manifestazione!","og_url":"https:\/\/www.miamedicalitalia.it\/pt\/disability-pride-roma-2025-tutto-quello-che-ce-da-sapere\/","og_site_name":"Mia Medical","article_publisher":"https:\/\/www.facebook.com\/miamedicalitalia","article_published_time":"2025-09-07T18:44:31+00:00","article_modified_time":"2025-09-07T18:44:32+00:00","og_image":[{"url":"https:\/\/www.miamedicalitalia.it\/wp-content\/uploads\/2025\/08\/D3Rk4hVXHS7SAAAAAElFTkSuQmCC.png","width":1024,"height":1024,"type":"image\/png"}],"author":"Anna Norante","twitter_card":"summary_large_image","twitter_misc":{"Escrito por":"Anna Norante","Tempo estimado de leitura":"4 minutos"},"schema":{"@context":"https:\/\/schema.org","@graph":[{"@type":"Article","@id":"https:\/\/www.miamedicalitalia.it\/disability-pride-roma-2025-tutto-quello-che-ce-da-sapere\/#article","isPartOf":{"@id":"https:\/\/www.miamedicalitalia.it\/disability-pride-roma-2025-tutto-quello-che-ce-da-sapere\/"},"author":{"name":"Anna Norante","@id":"https:\/\/www.miamedicalitalia.it\/#\/schema\/person\/04a65f5cdcc128d65095be90c183f35a"},"headline":"Disability Pride Roma 2025: tutto quello che c\u2019\u00e8 da sapere\u00a0","datePublished":"2025-09-07T18:44:31+00:00","dateModified":"2025-09-07T18:44:32+00:00","mainEntityOfPage":{"@id":"https:\/\/www.miamedicalitalia.it\/disability-pride-roma-2025-tutto-quello-che-ce-da-sapere\/"},"wordCount":822,"commentCount":0,"publisher":{"@id":"https:\/\/www.miamedicalitalia.it\/#organization"},"image":{"@id":"https:\/\/www.miamedicalitalia.it\/disability-pride-roma-2025-tutto-quello-che-ce-da-sapere\/#primaryimage"},"thumbnailUrl":"https:\/\/www.miamedicalitalia.it\/wp-content\/uploads\/2025\/08\/D3Rk4hVXHS7SAAAAAElFTkSuQmCC.png","keywords":["2025","accessibilit\u00e0 mezzi Roma","ausili medicali","benefici","disabilit\u00e0","Disability Pride","Disability Pride Parade Roma","Disability Pride Roma","Disability Village Roma","inclusivit\u00e0","manifestazione disabilit\u00e0 Roma","noleggio","turismo"],"articleSection":["Anziani","Disabili","News"],"inLanguage":"pt-PT","potentialAction":[{"@type":"CommentAction","name":"Comment","target":["https:\/\/www.miamedicalitalia.it\/disability-pride-roma-2025-tutto-quello-che-ce-da-sapere\/#respond"]}]},{"@type":"WebPage","@id":"https:\/\/www.miamedicalitalia.it\/disability-pride-roma-2025-tutto-quello-che-ce-da-sapere\/","url":"https:\/\/www.miamedicalitalia.it\/disability-pride-roma-2025-tutto-quello-che-ce-da-sapere\/","name":"Orgulho da Defici\u00eancia Roma 2025: tudo o que precisa saber  - Mia Medical","isPartOf":{"@id":"https:\/\/www.miamedicalitalia.it\/#website"},"primaryImageOfPage":{"@id":"https:\/\/www.miamedicalitalia.it\/disability-pride-roma-2025-tutto-quello-che-ce-da-sapere\/#primaryimage"},"image":{"@id":"https:\/\/www.miamedicalitalia.it\/disability-pride-roma-2025-tutto-quello-che-ce-da-sapere\/#primaryimage"},"thumbnailUrl":"https:\/\/www.miamedicalitalia.it\/wp-content\/uploads\/2025\/08\/D3Rk4hVXHS7SAAAAAElFTkSuQmCC.png","datePublished":"2025-09-07T18:44:31+00:00","dateModified":"2025-09-07T18:44:32+00:00","description":"Em 20 de setembro de 2025, Roma volta a receber o Disability Pride. Descubra tudo o que precisa saber para participar do evento!","breadcrumb":{"@id":"https:\/\/www.miamedicalitalia.it\/disability-pride-roma-2025-tutto-quello-che-ce-da-sapere\/#breadcrumb"},"inLanguage":"pt-PT","potentialAction":[{"@type":"ReadAction","target":["https:\/\/www.miamedicalitalia.it\/disability-pride-roma-2025-tutto-quello-che-ce-da-sapere\/"]}]},{"@type":"ImageObject","inLanguage":"pt-PT","@id":"https:\/\/www.miamedicalitalia.it\/disability-pride-roma-2025-tutto-quello-che-ce-da-sapere\/#primaryimage","url":"https:\/\/www.miamedicalitalia.it\/wp-content\/uploads\/2025\/08\/D3Rk4hVXHS7SAAAAAElFTkSuQmCC.png","contentUrl":"https:\/\/www.miamedicalitalia.it\/wp-content\/uploads\/2025\/08\/D3Rk4hVXHS7SAAAAAElFTkSuQmCC.png","width":1024,"height":1024,"caption":"DISABILITY PRIDE ROMA"},{"@type":"BreadcrumbList","@id":"https:\/\/www.miamedicalitalia.it\/disability-pride-roma-2025-tutto-quello-che-ce-da-sapere\/#breadcrumb","itemListElement":[{"@type":"ListItem","position":1,"name":"Home","item":"https:\/\/www.miamedicalitalia.it\/"},{"@type":"ListItem","position":2,"name":"Disability Pride Roma 2025: tutto quello che c\u2019\u00e8 da sapere\u00a0"}]},{"@type":"WebSite","@id":"https:\/\/www.miamedicalitalia.it\/#website","url":"https:\/\/www.miamedicalitalia.it\/","name":"www.miamedicalitalia.it","description":"Aluguer e venda de equipamento sanit\u00e1rio","publisher":{"@id":"https:\/\/www.miamedicalitalia.it\/#organization"},"potentialAction":[{"@type":"SearchAction","target":{"@type":"EntryPoint","urlTemplate":"https:\/\/www.miamedicalitalia.it\/?s={search_term_string}"},"query-input":{"@type":"PropertyValueSpecification","valueRequired":true,"valueName":"search_term_string"}}],"inLanguage":"pt-PT"},{"@type":"Organization","@id":"https:\/\/www.miamedicalitalia.it\/#organization","name":"OLG","url":"https:\/\/www.miamedicalitalia.it\/","logo":{"@type":"ImageObject","inLanguage":"pt-PT","@id":"https:\/\/www.miamedicalitalia.it\/#\/schema\/logo\/image\/","url":"https:\/\/www.miamedicalitalia.it\/wp-content\/uploads\/2023\/04\/mia-medical-logo-free.png","contentUrl":"https:\/\/www.miamedicalitalia.it\/wp-content\/uploads\/2023\/04\/mia-medical-logo-free.png","width":700,"height":700,"caption":"OLG"},"image":{"@id":"https:\/\/www.miamedicalitalia.it\/#\/schema\/logo\/image\/"},"sameAs":["https:\/\/www.facebook.com\/miamedicalitalia"]},{"@type":"Person","@id":"https:\/\/www.miamedicalitalia.it\/#\/schema\/person\/04a65f5cdcc128d65095be90c183f35a","name":"Anna Norante","image":{"@type":"ImageObject","inLanguage":"pt-PT","@id":"https:\/\/secure.gravatar.com\/avatar\/f0be0e99d2a735522752a5fe34e6262c835130f0de176393ad559698341f2d55?s=96&d=mm&r=g","url":"https:\/\/secure.gravatar.com\/avatar\/f0be0e99d2a735522752a5fe34e6262c835130f0de176393ad559698341f2d55?s=96&d=mm&r=g","contentUrl":"https:\/\/secure.gravatar.com\/avatar\/f0be0e99d2a735522752a5fe34e6262c835130f0de176393ad559698341f2d55?s=96&d=mm&r=g","caption":"Anna Norante"}}]}},"_links":{"self":[{"href":"https:\/\/www.miamedicalitalia.it\/pt\/wp-json\/wp\/v2\/posts\/14338","targetHints":{"allow":["GET"]}}],"collection":[{"href":"https:\/\/www.miamedicalitalia.it\/pt\/wp-json\/wp\/v2\/posts"}],"about":[{"href":"https:\/\/www.miamedicalitalia.it\/pt\/wp-json\/wp\/v2\/types\/post"}],"author":[{"embeddable":true,"href":"https:\/\/www.miamedicalitalia.it\/pt\/wp-json\/wp\/v2\/users\/809"}],"replies":[{"embeddable":true,"href":"https:\/\/www.miamedicalitalia.it\/pt\/wp-json\/wp\/v2\/comments?post=14338"}],"version-history":[{"count":11,"href":"https:\/\/www.miamedicalitalia.it\/pt\/wp-json\/wp\/v2\/posts\/14338\/revisions"}],"predecessor-version":[{"id":14355,"href":"https:\/\/www.miamedicalitalia.it\/pt\/wp-json\/wp\/v2\/posts\/14338\/revisions\/14355"}],"wp:featuredmedia":[{"embeddable":true,"href":"https:\/\/www.miamedicalitalia.it\/pt\/wp-json\/wp\/v2\/media\/14356"}],"wp:attachment":[{"href":"https:\/\/www.miamedicalitalia.it\/pt\/wp-json\/wp\/v2\/media?parent=14338"}],"wp:term":[{"taxonomy":"category","embeddable":true,"href":"https:\/\/www.miamedicalitalia.it\/pt\/wp-json\/wp\/v2\/categories?post=14338"},{"taxonomy":"post_tag","embeddable":true,"href":"https:\/\/www.miamedicalitalia.it\/pt\/wp-json\/wp\/v2\/tags?post=14338"}],"curies":[{"name":"wp","href":"https:\/\/api.w.org\/{rel}","templated":true}]}}