{"id":13886,"date":"2025-05-09T16:18:51","date_gmt":"2025-05-09T14:18:51","guid":{"rendered":"https:\/\/www.miamedicalitalia.it\/?p=13886"},"modified":"2025-05-09T16:18:52","modified_gmt":"2025-05-09T14:18:52","slug":"camminare-insieme-partecipa-alla-piu-passeggiata-inclusiva-universale","status":"publish","type":"post","link":"https:\/\/www.miamedicalitalia.it\/pt\/camminare-insieme-partecipa-alla-piu-passeggiata-inclusiva-universale\/","title":{"rendered":"O Passeio Universal Inclusivo chega a EUR: junte-se a n\u00f3s!"},"content":{"rendered":"<h4 class=\"wp-block-heading\" id=\"h-p-i-u-la-camminata-dell-inclusione-un-evento-per-abbattere-le-barriere-visibili-e-invisibili\">P.I.U. a caminhada da inclus\u00e3o: um evento para derrubar barreiras, vis\u00edveis e invis\u00edveis<\/h4>\n\n\n\n<p>Seguinte&nbsp;<strong>9 de maio \u00e0s 17:00<\/strong>O bairro EUR de Roma acolher\u00e1 a&nbsp;<strong>Passeio Universal Inclusivo (PIU)<\/strong>promovido por&nbsp;<strong><a href=\"https:\/\/www.disabilitypridenetwork.org\/2025\/05\/02\/eur-eka-piu-passeggiata-inclusiva-universale-alleur\/\">Orgulho da defici\u00eancia em It\u00e1lia<\/a><\/strong>&nbsp;em colabora\u00e7\u00e3o com o&nbsp;<strong>IX Munic\u00edpio<\/strong>. Um evento valioso e participativo para reafirmar que&nbsp;<strong>a acessibilidade \u00e9 um direito universal<\/strong>n\u00e3o \u00e9 um privil\u00e9gio de poucos.<\/p>\n\n\n\n<p><strong>Caminharemos juntos<\/strong>simbolicamente, mas tamb\u00e9m de forma muito concreta, para tornar vis\u00edvel o que muitas vezes permanece invis\u00edvel: as dificuldades quotidianas daqueles que vivem, se deslocam e exploram o mundo com uma defici\u00eancia.<\/p>\n\n\n\n<h4 class=\"wp-block-heading\" id=\"h-il-percorso-della-piu-da-eur-palasport-a-piazza-marconi\">O percurso PIU: do EUR Palasport \u00e0 Piazza Marconi<\/h4>\n\n\n\n<p>A partida est\u00e1 definida&nbsp;<strong>\u00e0s 17:00<\/strong>, na paragem de metro&nbsp;<strong>EUR Palasport<\/strong>junto ao bar&nbsp;<em>Belvedere<\/em>. A partir da\u00ed, caminharemos juntos&nbsp;<strong>Avenida Am\u00e9rica<\/strong>,&nbsp;<strong>Rua Beethoven<\/strong>&nbsp;e&nbsp;<strong>Rua Liszt<\/strong>at\u00e9&nbsp;<strong>Piazza Guglielmo Marconi<\/strong>em frente ao majestoso Obelisco.<\/p>\n\n\n\n<p>Um caminho simples que, para alguns, pode tornar-se uma pista de obst\u00e1culos. <a href=\"https:\/\/www.comune.roma.it\/web\/it\/notizia\/mun09-eur-passeggiata-inclusiva-universale.page\">E \u00e9 precisamente isso que o PIU nos convida a descobrir.<\/a><\/p>\n\n\n\n<h4 class=\"wp-block-heading\" id=\"h-un-esperienza-trasformativa-mettersi-nei-panni-degli-altri\">Uma experi\u00eancia transformadora: p\u00f4r-se na pele dos outros <\/h4>\n\n\n\n<p>Durante a UIP, quem quiser pode experimentar&nbsp;<strong>simula\u00e7\u00f5es sensoriais e motoras<\/strong>cadeiras de rodas, vendas para os olhos, bengalas brancas, tamp\u00f5es para os ouvidos. Pequenos gestos para experimentar, pelo menos por um momento, o que significa enfrentar barreiras arquitect\u00f3nicas, desaten\u00e7\u00e3o, dificuldades de comunica\u00e7\u00e3o. Porque a empatia nasce do gesto mais simples: ouvir, olhar, caminhar ao lado daqueles que enfrentam desafios invis\u00edveis todos os dias.  <br><\/p>\n\n\n\n<h4 class=\"wp-block-heading\" id=\"h-risvegliare-la-consapevolezza-collettiva-con-la-passeggiata-inclusiva-universale\">Despertar a consci\u00eancia colectiva com a Caminhada Inclusiva Universal <\/h4>\n\n\n\n<p>Num mundo acelerado, aqueles que n\u00e3o vivem diariamente com uma defici\u00eancia podem facilmente esquecer como \u00e9 dif\u00edcil pisar um passeio, atravessar uma rua, visitar um museu ou aceder a uma casa de banho p\u00fablica.&nbsp;<strong>\u00c9 por isso que eventos como o PIU s\u00e3o essenciais<\/strong>porque nos ajudam a abrir os olhos, o cora\u00e7\u00e3o e, sobretudo, a mente.<\/p>\n\n\n\n<p>N\u00e3o basta construir rampas ou elevadores de escadas:&nbsp;<strong>\u00e9 necess\u00e1ria uma mudan\u00e7a cultural<\/strong>educa\u00e7\u00e3o para o respeito, a diversidade, a conviv\u00eancia. Porque uma cidade verdadeiramente inclusiva \u00e9 aquela em que cada um pode escolher como e onde se deslocar, com plena autonomia e dignidade.<\/p>\n\n\n\n<h4 class=\"wp-block-heading\" id=\"h-passeggiata-inclusiva-universale-mia-medical-italia-c-e\">Passeio Universal Inclusivo: a Mia Medical Italia est\u00e1 presente!<\/h4>\n\n\n\n<p><strong>Mia Medical It\u00e1lia<\/strong>quer, \u00e0 sua pequena maneira, contribuir para esta longa viagem -&nbsp;<strong>metaf\u00f3ricas e n\u00e3o metaf\u00f3ricas<\/strong>&nbsp;- com ferramentas concretas e um empenhamento cont\u00ednuo na difus\u00e3o de uma cultura de acessibilidade.<\/p>\n\n\n\n<p>Com o nosso&nbsp;<strong><a href=\"https:\/\/www.miamedicalitalia.it\/pt\/blog\/?_gl=1*1vec15u*_up*MQ..*_ga*NDYxNzU5ODk1LjE3NDY2OTY3MTA.*_ga_D9FZ9V3LL7*czE3NDY2OTY3MDkkbzEkZzAkdDE3NDY2OTY3MDkkajAkbDAkaDA.\">blogue<\/a><\/strong>todas as semanas, tentamos oferecer&nbsp;<strong>dicas, guias, reflex\u00f5es e conselhos \u00fateis<\/strong>: de&nbsp;<strong>turismo acess\u00edvel<\/strong>&nbsp;\u00e0 utiliza\u00e7\u00e3o correta das ajudas, desde&nbsp;<strong>legisla\u00e7\u00e3o atual<\/strong>&nbsp;\u00e0s hist\u00f3rias daqueles que o conseguiram. Porque as palavras, a informa\u00e7\u00e3o e o conhecimento s\u00e3o tamb\u00e9m ferramentas poderosas para derrubar barreiras.<\/p>\n\n\n\n<h4 class=\"wp-block-heading\" id=\"h-unisciti-a-noi-partecipa-alla-piu\">Junte-se a n\u00f3s: participe na UIP<\/h4>\n\n\n\n<p><strong>A UIP est\u00e1 aberta a todos.<\/strong>&nbsp;\u00c9 gratuito, envolvente e emocionante. Participar significa optar por n\u00e3o olhar para o outro lado, significa tornar-se uma parte ativa da mudan\u00e7a. Traga amigos, familiares, colegas, filhos: todos os passos contam. E cada passo dado em conjunto tem mais poder.<\/p>\n\n\n\n<h4 class=\"wp-block-heading\" id=\"h-informazioni-utili\">INFORMA\u00c7\u00d5ES \u00daTEIS<\/h4>\n\n\n\n<ul class=\"wp-block-list\">\n<li><strong>Quando?<\/strong>\u00a0Sexta-feira, 9 de maio, 17:00<\/li>\n\n\n\n<li><strong>Onde?<\/strong>&nbsp;Encontro na esta\u00e7\u00e3o de metro EUR Palasport (junto ao bar Belvedere)<\/li>\n\n\n\n<li><strong>Percurso:<\/strong>&nbsp;Viale America - Via Beethoven - Via Liszt - Piazza Guglielmo Marconi<\/li>\n\n\n\n<li><strong>Evento promovido por:<\/strong>&nbsp;Disability Pride Italy, em colabora\u00e7\u00e3o com o IX Munic\u00edpio<\/li>\n\n\n\n<li><strong>Porqu\u00ea?<\/strong>&nbsp;Promover uma cultura de inclus\u00e3o e acessibilidade universal<\/li>\n<\/ul>","protected":false},"excerpt":{"rendered":"<p>P.I.U. la camminata dell\u2019inclusione: un evento per abbattere le barriere, visibili e [&hellip;]<\/p>\n","protected":false},"author":809,"featured_media":13897,"comment_status":"open","ping_status":"open","sticky":false,"template":"","format":"standard","meta":{"_acf_changed":false,"footnotes":""},"categories":[183],"tags":[],"class_list":["post-13886","post","type-post","status-publish","format-standard","has-post-thumbnail","hentry","category-articoli-anziani"],"acf":[],"yoast_head":"<!-- This site is optimized with the Yoast SEO Premium plugin v27.5 (Yoast SEO v27.5) - https:\/\/yoast.com\/product\/yoast-seo-premium-wordpress\/ -->\n<title>La Passeggiata Inclusiva Universale arriva all\u2019EUR: unisciti a noi! - Mia Medical<\/title>\n<meta name=\"description\" content=\"Il 9 Maggio alle 17:00 unisciti alla Passeggiata Inclusiva Universale (PIU). Un evento promosso da Disability Pride per un mondo consapevole.\" \/>\n<meta name=\"robots\" content=\"index, follow, max-snippet:-1, max-image-preview:large, max-video-preview:-1\" \/>\n<link rel=\"canonical\" href=\"https:\/\/www.miamedicalitalia.it\/pt\/camminare-insieme-partecipa-alla-piu-passeggiata-inclusiva-universale\/\" \/>\n<meta property=\"og:locale\" content=\"pt_PT\" \/>\n<meta property=\"og:type\" content=\"article\" \/>\n<meta property=\"og:title\" content=\"La Passeggiata Inclusiva Universale arriva all\u2019EUR: unisciti a noi! - Mia Medical\" \/>\n<meta property=\"og:description\" content=\"Il 9 Maggio alle 17:00 unisciti alla Passeggiata Inclusiva Universale (PIU). Un evento promosso da Disability Pride per un mondo consapevole.\" \/>\n<meta property=\"og:url\" content=\"https:\/\/www.miamedicalitalia.it\/pt\/camminare-insieme-partecipa-alla-piu-passeggiata-inclusiva-universale\/\" \/>\n<meta property=\"og:site_name\" content=\"Mia Medical\" \/>\n<meta property=\"article:publisher\" content=\"https:\/\/www.facebook.com\/miamedicalitalia\" \/>\n<meta property=\"article:published_time\" content=\"2025-05-09T14:18:51+00:00\" \/>\n<meta property=\"article:modified_time\" content=\"2025-05-09T14:18:52+00:00\" \/>\n<meta property=\"og:image\" content=\"https:\/\/www.miamedicalitalia.it\/wp-content\/uploads\/2025\/05\/IMG_3858.jpeg\" \/>\n\t<meta property=\"og:image:width\" content=\"1024\" \/>\n\t<meta property=\"og:image:height\" content=\"1024\" \/>\n\t<meta property=\"og:image:type\" content=\"image\/jpeg\" \/>\n<meta name=\"author\" content=\"Anna Norante\" \/>\n<meta name=\"twitter:card\" content=\"summary_large_image\" \/>\n<meta name=\"twitter:label1\" content=\"Escrito por\" \/>\n\t<meta name=\"twitter:data1\" content=\"Anna Norante\" \/>\n\t<meta name=\"twitter:label2\" content=\"Tempo estimado de leitura\" \/>\n\t<meta name=\"twitter:data2\" content=\"3 minutos\" \/>\n<script type=\"application\/ld+json\" class=\"yoast-schema-graph\">{\"@context\":\"https:\\\/\\\/schema.org\",\"@graph\":[{\"@type\":\"Article\",\"@id\":\"https:\\\/\\\/www.miamedicalitalia.it\\\/camminare-insieme-partecipa-alla-piu-passeggiata-inclusiva-universale\\\/#article\",\"isPartOf\":{\"@id\":\"https:\\\/\\\/www.miamedicalitalia.it\\\/camminare-insieme-partecipa-alla-piu-passeggiata-inclusiva-universale\\\/\"},\"author\":{\"name\":\"Anna Norante\",\"@id\":\"https:\\\/\\\/www.miamedicalitalia.it\\\/#\\\/schema\\\/person\\\/04a65f5cdcc128d65095be90c183f35a\"},\"headline\":\"La Passeggiata Inclusiva Universale arriva all\u2019EUR: unisciti a noi!\",\"datePublished\":\"2025-05-09T14:18:51+00:00\",\"dateModified\":\"2025-05-09T14:18:52+00:00\",\"mainEntityOfPage\":{\"@id\":\"https:\\\/\\\/www.miamedicalitalia.it\\\/camminare-insieme-partecipa-alla-piu-passeggiata-inclusiva-universale\\\/\"},\"wordCount\":556,\"commentCount\":0,\"publisher\":{\"@id\":\"https:\\\/\\\/www.miamedicalitalia.it\\\/#organization\"},\"image\":{\"@id\":\"https:\\\/\\\/www.miamedicalitalia.it\\\/camminare-insieme-partecipa-alla-piu-passeggiata-inclusiva-universale\\\/#primaryimage\"},\"thumbnailUrl\":\"https:\\\/\\\/www.miamedicalitalia.it\\\/wp-content\\\/uploads\\\/2025\\\/05\\\/IMG_3858.jpeg\",\"articleSection\":[\"Anziani\"],\"inLanguage\":\"pt-PT\",\"potentialAction\":[{\"@type\":\"CommentAction\",\"name\":\"Comment\",\"target\":[\"https:\\\/\\\/www.miamedicalitalia.it\\\/camminare-insieme-partecipa-alla-piu-passeggiata-inclusiva-universale\\\/#respond\"]}]},{\"@type\":\"WebPage\",\"@id\":\"https:\\\/\\\/www.miamedicalitalia.it\\\/camminare-insieme-partecipa-alla-piu-passeggiata-inclusiva-universale\\\/\",\"url\":\"https:\\\/\\\/www.miamedicalitalia.it\\\/camminare-insieme-partecipa-alla-piu-passeggiata-inclusiva-universale\\\/\",\"name\":\"La Passeggiata Inclusiva Universale arriva all\u2019EUR: unisciti a noi! - Mia Medical\",\"isPartOf\":{\"@id\":\"https:\\\/\\\/www.miamedicalitalia.it\\\/#website\"},\"primaryImageOfPage\":{\"@id\":\"https:\\\/\\\/www.miamedicalitalia.it\\\/camminare-insieme-partecipa-alla-piu-passeggiata-inclusiva-universale\\\/#primaryimage\"},\"image\":{\"@id\":\"https:\\\/\\\/www.miamedicalitalia.it\\\/camminare-insieme-partecipa-alla-piu-passeggiata-inclusiva-universale\\\/#primaryimage\"},\"thumbnailUrl\":\"https:\\\/\\\/www.miamedicalitalia.it\\\/wp-content\\\/uploads\\\/2025\\\/05\\\/IMG_3858.jpeg\",\"datePublished\":\"2025-05-09T14:18:51+00:00\",\"dateModified\":\"2025-05-09T14:18:52+00:00\",\"description\":\"Il 9 Maggio alle 17:00 unisciti alla Passeggiata Inclusiva Universale (PIU). Un evento promosso da Disability Pride per un mondo consapevole.\",\"breadcrumb\":{\"@id\":\"https:\\\/\\\/www.miamedicalitalia.it\\\/camminare-insieme-partecipa-alla-piu-passeggiata-inclusiva-universale\\\/#breadcrumb\"},\"inLanguage\":\"pt-PT\",\"potentialAction\":[{\"@type\":\"ReadAction\",\"target\":[\"https:\\\/\\\/www.miamedicalitalia.it\\\/camminare-insieme-partecipa-alla-piu-passeggiata-inclusiva-universale\\\/\"]}]},{\"@type\":\"ImageObject\",\"inLanguage\":\"pt-PT\",\"@id\":\"https:\\\/\\\/www.miamedicalitalia.it\\\/camminare-insieme-partecipa-alla-piu-passeggiata-inclusiva-universale\\\/#primaryimage\",\"url\":\"https:\\\/\\\/www.miamedicalitalia.it\\\/wp-content\\\/uploads\\\/2025\\\/05\\\/IMG_3858.jpeg\",\"contentUrl\":\"https:\\\/\\\/www.miamedicalitalia.it\\\/wp-content\\\/uploads\\\/2025\\\/05\\\/IMG_3858.jpeg\",\"width\":1024,\"height\":1024,\"caption\":\"Passeggiata Inclusiva Universale EUR\"},{\"@type\":\"BreadcrumbList\",\"@id\":\"https:\\\/\\\/www.miamedicalitalia.it\\\/camminare-insieme-partecipa-alla-piu-passeggiata-inclusiva-universale\\\/#breadcrumb\",\"itemListElement\":[{\"@type\":\"ListItem\",\"position\":1,\"name\":\"Home\",\"item\":\"https:\\\/\\\/www.miamedicalitalia.it\\\/\"},{\"@type\":\"ListItem\",\"position\":2,\"name\":\"La Passeggiata Inclusiva Universale arriva all\u2019EUR: unisciti a noi!\"}]},{\"@type\":\"WebSite\",\"@id\":\"https:\\\/\\\/www.miamedicalitalia.it\\\/#website\",\"url\":\"https:\\\/\\\/www.miamedicalitalia.it\\\/\",\"name\":\"www.miamedicalitalia.it\",\"description\":\"Noleggio e Vendita Attrezzatura Sanitarie\",\"publisher\":{\"@id\":\"https:\\\/\\\/www.miamedicalitalia.it\\\/#organization\"},\"potentialAction\":[{\"@type\":\"SearchAction\",\"target\":{\"@type\":\"EntryPoint\",\"urlTemplate\":\"https:\\\/\\\/www.miamedicalitalia.it\\\/?s={search_term_string}\"},\"query-input\":{\"@type\":\"PropertyValueSpecification\",\"valueRequired\":true,\"valueName\":\"search_term_string\"}}],\"inLanguage\":\"pt-PT\"},{\"@type\":\"Organization\",\"@id\":\"https:\\\/\\\/www.miamedicalitalia.it\\\/#organization\",\"name\":\"OLG\",\"url\":\"https:\\\/\\\/www.miamedicalitalia.it\\\/\",\"logo\":{\"@type\":\"ImageObject\",\"inLanguage\":\"pt-PT\",\"@id\":\"https:\\\/\\\/www.miamedicalitalia.it\\\/#\\\/schema\\\/logo\\\/image\\\/\",\"url\":\"https:\\\/\\\/www.miamedicalitalia.it\\\/wp-content\\\/uploads\\\/2023\\\/04\\\/mia-medical-logo-free.png\",\"contentUrl\":\"https:\\\/\\\/www.miamedicalitalia.it\\\/wp-content\\\/uploads\\\/2023\\\/04\\\/mia-medical-logo-free.png\",\"width\":700,\"height\":700,\"caption\":\"OLG\"},\"image\":{\"@id\":\"https:\\\/\\\/www.miamedicalitalia.it\\\/#\\\/schema\\\/logo\\\/image\\\/\"},\"sameAs\":[\"https:\\\/\\\/www.facebook.com\\\/miamedicalitalia\"]},{\"@type\":\"Person\",\"@id\":\"https:\\\/\\\/www.miamedicalitalia.it\\\/#\\\/schema\\\/person\\\/04a65f5cdcc128d65095be90c183f35a\",\"name\":\"Anna Norante\",\"image\":{\"@type\":\"ImageObject\",\"inLanguage\":\"pt-PT\",\"@id\":\"https:\\\/\\\/secure.gravatar.com\\\/avatar\\\/f0be0e99d2a735522752a5fe34e6262c835130f0de176393ad559698341f2d55?s=96&d=mm&r=g\",\"url\":\"https:\\\/\\\/secure.gravatar.com\\\/avatar\\\/f0be0e99d2a735522752a5fe34e6262c835130f0de176393ad559698341f2d55?s=96&d=mm&r=g\",\"contentUrl\":\"https:\\\/\\\/secure.gravatar.com\\\/avatar\\\/f0be0e99d2a735522752a5fe34e6262c835130f0de176393ad559698341f2d55?s=96&d=mm&r=g\",\"caption\":\"Anna Norante\"}}]}<\/script>\n<!-- \/ Yoast SEO Premium plugin. -->","yoast_head_json":{"title":"O Passeio Universal Inclusivo chega a EUR: junte-se a n\u00f3s! - Mia Medical","description":"No dia 9 de maio, \u00e0s 17h00, junte-se \u00e0 Caminhada Inclusiva Universal (PIU). Um evento promovido pelo Orgulho da Defici\u00eancia para um mundo consciente.","robots":{"index":"index","follow":"follow","max-snippet":"max-snippet:-1","max-image-preview":"max-image-preview:large","max-video-preview":"max-video-preview:-1"},"canonical":"https:\/\/www.miamedicalitalia.it\/pt\/camminare-insieme-partecipa-alla-piu-passeggiata-inclusiva-universale\/","og_locale":"pt_PT","og_type":"article","og_title":"La Passeggiata Inclusiva Universale arriva all\u2019EUR: unisciti a noi! - Mia Medical","og_description":"Il 9 Maggio alle 17:00 unisciti alla Passeggiata Inclusiva Universale (PIU). Un evento promosso da Disability Pride per un mondo consapevole.","og_url":"https:\/\/www.miamedicalitalia.it\/pt\/camminare-insieme-partecipa-alla-piu-passeggiata-inclusiva-universale\/","og_site_name":"Mia Medical","article_publisher":"https:\/\/www.facebook.com\/miamedicalitalia","article_published_time":"2025-05-09T14:18:51+00:00","article_modified_time":"2025-05-09T14:18:52+00:00","og_image":[{"width":1024,"height":1024,"url":"https:\/\/www.miamedicalitalia.it\/wp-content\/uploads\/2025\/05\/IMG_3858.jpeg","type":"image\/jpeg"}],"author":"Anna Norante","twitter_card":"summary_large_image","twitter_misc":{"Escrito por":"Anna Norante","Tempo estimado de leitura":"3 minutos"},"schema":{"@context":"https:\/\/schema.org","@graph":[{"@type":"Article","@id":"https:\/\/www.miamedicalitalia.it\/camminare-insieme-partecipa-alla-piu-passeggiata-inclusiva-universale\/#article","isPartOf":{"@id":"https:\/\/www.miamedicalitalia.it\/camminare-insieme-partecipa-alla-piu-passeggiata-inclusiva-universale\/"},"author":{"name":"Anna Norante","@id":"https:\/\/www.miamedicalitalia.it\/#\/schema\/person\/04a65f5cdcc128d65095be90c183f35a"},"headline":"La Passeggiata Inclusiva Universale arriva all\u2019EUR: unisciti a noi!","datePublished":"2025-05-09T14:18:51+00:00","dateModified":"2025-05-09T14:18:52+00:00","mainEntityOfPage":{"@id":"https:\/\/www.miamedicalitalia.it\/camminare-insieme-partecipa-alla-piu-passeggiata-inclusiva-universale\/"},"wordCount":556,"commentCount":0,"publisher":{"@id":"https:\/\/www.miamedicalitalia.it\/#organization"},"image":{"@id":"https:\/\/www.miamedicalitalia.it\/camminare-insieme-partecipa-alla-piu-passeggiata-inclusiva-universale\/#primaryimage"},"thumbnailUrl":"https:\/\/www.miamedicalitalia.it\/wp-content\/uploads\/2025\/05\/IMG_3858.jpeg","articleSection":["Anziani"],"inLanguage":"pt-PT","potentialAction":[{"@type":"CommentAction","name":"Comment","target":["https:\/\/www.miamedicalitalia.it\/camminare-insieme-partecipa-alla-piu-passeggiata-inclusiva-universale\/#respond"]}]},{"@type":"WebPage","@id":"https:\/\/www.miamedicalitalia.it\/camminare-insieme-partecipa-alla-piu-passeggiata-inclusiva-universale\/","url":"https:\/\/www.miamedicalitalia.it\/camminare-insieme-partecipa-alla-piu-passeggiata-inclusiva-universale\/","name":"O Passeio Universal Inclusivo chega a EUR: junte-se a n\u00f3s! - Mia Medical","isPartOf":{"@id":"https:\/\/www.miamedicalitalia.it\/#website"},"primaryImageOfPage":{"@id":"https:\/\/www.miamedicalitalia.it\/camminare-insieme-partecipa-alla-piu-passeggiata-inclusiva-universale\/#primaryimage"},"image":{"@id":"https:\/\/www.miamedicalitalia.it\/camminare-insieme-partecipa-alla-piu-passeggiata-inclusiva-universale\/#primaryimage"},"thumbnailUrl":"https:\/\/www.miamedicalitalia.it\/wp-content\/uploads\/2025\/05\/IMG_3858.jpeg","datePublished":"2025-05-09T14:18:51+00:00","dateModified":"2025-05-09T14:18:52+00:00","description":"No dia 9 de maio, \u00e0s 17h00, junte-se \u00e0 Caminhada Inclusiva Universal (PIU). Um evento promovido pelo Orgulho da Defici\u00eancia para um mundo consciente.","breadcrumb":{"@id":"https:\/\/www.miamedicalitalia.it\/camminare-insieme-partecipa-alla-piu-passeggiata-inclusiva-universale\/#breadcrumb"},"inLanguage":"pt-PT","potentialAction":[{"@type":"ReadAction","target":["https:\/\/www.miamedicalitalia.it\/camminare-insieme-partecipa-alla-piu-passeggiata-inclusiva-universale\/"]}]},{"@type":"ImageObject","inLanguage":"pt-PT","@id":"https:\/\/www.miamedicalitalia.it\/camminare-insieme-partecipa-alla-piu-passeggiata-inclusiva-universale\/#primaryimage","url":"https:\/\/www.miamedicalitalia.it\/wp-content\/uploads\/2025\/05\/IMG_3858.jpeg","contentUrl":"https:\/\/www.miamedicalitalia.it\/wp-content\/uploads\/2025\/05\/IMG_3858.jpeg","width":1024,"height":1024,"caption":"Passeggiata Inclusiva Universale EUR"},{"@type":"BreadcrumbList","@id":"https:\/\/www.miamedicalitalia.it\/camminare-insieme-partecipa-alla-piu-passeggiata-inclusiva-universale\/#breadcrumb","itemListElement":[{"@type":"ListItem","position":1,"name":"Home","item":"https:\/\/www.miamedicalitalia.it\/"},{"@type":"ListItem","position":2,"name":"La Passeggiata Inclusiva Universale arriva all\u2019EUR: unisciti a noi!"}]},{"@type":"WebSite","@id":"https:\/\/www.miamedicalitalia.it\/#website","url":"https:\/\/www.miamedicalitalia.it\/","name":"www.miamedicalitalia.it","description":"Aluguer e venda de equipamento sanit\u00e1rio","publisher":{"@id":"https:\/\/www.miamedicalitalia.it\/#organization"},"potentialAction":[{"@type":"SearchAction","target":{"@type":"EntryPoint","urlTemplate":"https:\/\/www.miamedicalitalia.it\/?s={search_term_string}"},"query-input":{"@type":"PropertyValueSpecification","valueRequired":true,"valueName":"search_term_string"}}],"inLanguage":"pt-PT"},{"@type":"Organization","@id":"https:\/\/www.miamedicalitalia.it\/#organization","name":"OLG","url":"https:\/\/www.miamedicalitalia.it\/","logo":{"@type":"ImageObject","inLanguage":"pt-PT","@id":"https:\/\/www.miamedicalitalia.it\/#\/schema\/logo\/image\/","url":"https:\/\/www.miamedicalitalia.it\/wp-content\/uploads\/2023\/04\/mia-medical-logo-free.png","contentUrl":"https:\/\/www.miamedicalitalia.it\/wp-content\/uploads\/2023\/04\/mia-medical-logo-free.png","width":700,"height":700,"caption":"OLG"},"image":{"@id":"https:\/\/www.miamedicalitalia.it\/#\/schema\/logo\/image\/"},"sameAs":["https:\/\/www.facebook.com\/miamedicalitalia"]},{"@type":"Person","@id":"https:\/\/www.miamedicalitalia.it\/#\/schema\/person\/04a65f5cdcc128d65095be90c183f35a","name":"Anna Norante","image":{"@type":"ImageObject","inLanguage":"pt-PT","@id":"https:\/\/secure.gravatar.com\/avatar\/f0be0e99d2a735522752a5fe34e6262c835130f0de176393ad559698341f2d55?s=96&d=mm&r=g","url":"https:\/\/secure.gravatar.com\/avatar\/f0be0e99d2a735522752a5fe34e6262c835130f0de176393ad559698341f2d55?s=96&d=mm&r=g","contentUrl":"https:\/\/secure.gravatar.com\/avatar\/f0be0e99d2a735522752a5fe34e6262c835130f0de176393ad559698341f2d55?s=96&d=mm&r=g","caption":"Anna Norante"}}]}},"_links":{"self":[{"href":"https:\/\/www.miamedicalitalia.it\/pt\/wp-json\/wp\/v2\/posts\/13886","targetHints":{"allow":["GET"]}}],"collection":[{"href":"https:\/\/www.miamedicalitalia.it\/pt\/wp-json\/wp\/v2\/posts"}],"about":[{"href":"https:\/\/www.miamedicalitalia.it\/pt\/wp-json\/wp\/v2\/types\/post"}],"author":[{"embeddable":true,"href":"https:\/\/www.miamedicalitalia.it\/pt\/wp-json\/wp\/v2\/users\/809"}],"replies":[{"embeddable":true,"href":"https:\/\/www.miamedicalitalia.it\/pt\/wp-json\/wp\/v2\/comments?post=13886"}],"version-history":[{"count":10,"href":"https:\/\/www.miamedicalitalia.it\/pt\/wp-json\/wp\/v2\/posts\/13886\/revisions"}],"predecessor-version":[{"id":13896,"href":"https:\/\/www.miamedicalitalia.it\/pt\/wp-json\/wp\/v2\/posts\/13886\/revisions\/13896"}],"wp:featuredmedia":[{"embeddable":true,"href":"https:\/\/www.miamedicalitalia.it\/pt\/wp-json\/wp\/v2\/media\/13897"}],"wp:attachment":[{"href":"https:\/\/www.miamedicalitalia.it\/pt\/wp-json\/wp\/v2\/media?parent=13886"}],"wp:term":[{"taxonomy":"category","embeddable":true,"href":"https:\/\/www.miamedicalitalia.it\/pt\/wp-json\/wp\/v2\/categories?post=13886"},{"taxonomy":"post_tag","embeddable":true,"href":"https:\/\/www.miamedicalitalia.it\/pt\/wp-json\/wp\/v2\/tags?post=13886"}],"curies":[{"name":"wp","href":"https:\/\/api.w.org\/{rel}","templated":true}]}}