{"id":13808,"date":"2025-04-27T15:47:05","date_gmt":"2025-04-27T13:47:05","guid":{"rendered":"https:\/\/www.miamedicalitalia.it\/?p=13808"},"modified":"2026-02-10T17:15:38","modified_gmt":"2026-02-10T15:15:38","slug":"giubileo-delle-persone-con-disabilita-e-funerali-di-papa-francesco","status":"publish","type":"post","link":"https:\/\/www.miamedicalitalia.it\/pt\/giubileo-delle-persone-con-disabilita-e-funerali-di-papa-francesco\/","title":{"rendered":"Jubileu das Pessoas com Defici\u00eancia e Funeral do Papa Francisco"},"content":{"rendered":"<p>O <strong>26<\/strong> e posteriormente por <strong>28 a 29 de abril de 2025<\/strong>Roma torna-se o centro de dois acontecimentos de extraordin\u00e1ria import\u00e2ncia: a&nbsp;<strong>funeral do Papa Francisco&nbsp;<\/strong>o&nbsp;<strong>Jubileu das pessoas com defici\u00eancia<\/strong>&nbsp;que deixou a sua marca na hist\u00f3ria da Igreja como <strong><a href=\"https:\/\/www.vatican.va\/content\/francesco\/it\/biography\/documents\/papa-francesco-biografia-bergoglio.html\">pont\u00edfice da simplicidade, do amor aos \u00faltimos e da inclus\u00e3o.<\/a><\/strong> Neste momento de recolhimento e espiritualidade,&nbsp;<strong><a href=\"https:\/\/www.miamedicalitalia.it\/pt\/\">Mia Medical It\u00e1lia<\/a><\/strong>&nbsp;est\u00e1 ao lado de todos aqueles que desejam participar, oferecendo solu\u00e7\u00f5es pr\u00e1ticas para viver estes dias sem barreiras.<\/p>\n\n\n\n<h4 class=\"wp-block-heading\" id=\"h-il-giubileo-delle-persone-con-disabilita-attivita-e-programma\">O Jubileu das Pessoas com Defici\u00eancia: actividades e programa<\/h4>\n\n\n\n<p>O <strong><a href=\"https:\/\/www.iubilaeum2025.va\/it\/pellegrinaggio\/calendario-giubileo\/GrandiEventi\/Giubileo-delle-Persone-con-Disabilita.html\">Jubileu das pessoas com defici\u00eancia<\/a><\/strong>promovido pela Santa S\u00e9, realizar-se-\u00e1&nbsp;<strong>28 e 29 de abril de 2025<\/strong>. Trata-se de um evento destinado a acolher os crentes com necessidades especiais e as suas fam\u00edlias num ambiente de acolhimento, espiritualidade e partilha.<\/p>\n\n\n\n<p><strong>Segunda-feira, 28 de abril<\/strong>os peregrinos poder\u00e3o atravessar a&nbsp;<strong><a href=\"https:\/\/www.iubilaeum2025.va\/it\/pellegrinaggio\/porta-santa-san-pietro.html\">Porta Santa da Bas\u00edlica de S\u00e3o Pedro<\/a><\/strong>&nbsp;em pequenos grupos (at\u00e9 60 pessoas), viver momentos de ora\u00e7\u00e3o silenciosa, confiss\u00f5es acess\u00edveis e adora\u00e7\u00e3o eucar\u00edstica na igreja de <strong><a href=\"https:\/\/sangiovannibattistadeifiorentini.it\/\">San Giovanni Battista dei Fiorentini<\/a><\/strong>. Tamb\u00e9m em 28 de abril, uma confer\u00eancia intitulada&nbsp;<em>\"<strong>N\u00f3s, peregrinos da esperan\u00e7a<\/strong>\"<\/em>dedicado \u00e0 pastoral e \u00e0 inclus\u00e3o, no <em><a href=\"https:\/\/www.patristicum.org\/congressi\">Centro de Congressos \"Augustinianum\".<\/a><\/em><\/p>\n\n\n\n<p>O <strong>29 de abril<\/strong> em vez disso, ser\u00e1 o cl\u00edmax com um&nbsp;<strong>Santa Missa especial<\/strong>&nbsp;para as pessoas com defici\u00eancia, que ter\u00e1 lugar num contexto concebido para garantir <strong>acessibilidade<\/strong> e <strong>rece\u00e7\u00e3o<\/strong>. <br><\/p>\n\n\n\n<figure class=\"wp-block-gallery has-nested-images columns-default is-cropped wp-block-gallery-1 is-layout-flex wp-block-gallery-is-layout-flex\">\n<figure class=\"wp-block-image size-large\"><img loading=\"lazy\" decoding=\"async\" width=\"855\" height=\"912\" data-id=\"13829\" src=\"https:\/\/www.miamedicalitalia.it\/wp-content\/uploads\/2025\/04\/IMG_3751.jpeg\" alt=\"\" class=\"wp-image-13829\" srcset=\"https:\/\/www.miamedicalitalia.it\/wp-content\/uploads\/2025\/04\/IMG_3751.jpeg 855w, https:\/\/www.miamedicalitalia.it\/wp-content\/uploads\/2025\/04\/IMG_3751-11x12.jpeg 11w, https:\/\/www.miamedicalitalia.it\/wp-content\/uploads\/2025\/04\/IMG_3751-500x533.jpeg 500w, https:\/\/www.miamedicalitalia.it\/wp-content\/uploads\/2025\/04\/IMG_3751-700x747.jpeg 700w\" sizes=\"auto, (max-width: 855px) 100vw, 855px\" \/><\/figure>\n<\/figure>\n\n\n\n<h4 class=\"wp-block-heading\" id=\"h-perche-partecipare-con-mia-medical-contattaci-al-30-392-65-09-237\">Porqu\u00ea participar com a Mia Medical: contacte-nos atrav\u00e9s do n\u00famero +30 392 65 09 237<\/h4>\n\n\n\n<p>Participar no <strong>Jubileu<\/strong> de Pessoas com Defici\u00eancia significa viver&nbsp;<strong>uma aut\u00eantica experi\u00eancia de f\u00e9<\/strong>conhecer outras pessoas com experi\u00eancias semelhantes, partilhar <strong>esperan\u00e7a<\/strong> e <strong>coragem<\/strong>. \u00c9 uma oportunidade para se sentir parte de uma <strong>comunidade<\/strong> maior, onde todas as limita\u00e7\u00f5es se transformam em possibilidades e todos os obst\u00e1culos encontram respostas concretas.<\/p>\n\n\n\n<h4 class=\"wp-block-heading\" id=\"h-come-mia-medical-puo-rendere-il-giubileo-delle-persone-con-disabilita-un-esperienza-unica\">Como \u00e9 que a Mia Medical pode fazer do Jubileu das Pessoas com Defici\u00eancia uma experi\u00eancia \u00fanica <\/h4>\n\n\n\n<p><strong><a href=\"https:\/\/www.miamedicalitalia.it\/pt\/\">Mia Medical It\u00e1lia<\/a><\/strong> n\u00e3o quer que ningu\u00e9m desista de participar por raz\u00f5es de mobilidade. \u00c9 por isso que disponibilizamos o&nbsp;<strong><a href=\"https:\/\/www.miamedicalitalia.it\/pt\/categoria\/affitto-e-noleggio-ausili\/affitto-e-noleggio-carrozzina\/?_gl=1*aegv2o*_up*MQ..*_ga*MTMwMTYwODM5Ny4xNzQ1NTE3Njk1*_ga_D9FZ9V3LL7*MTc0NTUxNzY5NC4xLjEuMTc0NTUxODExNy4wLjAuMA..\">aluguer de cadeiras de rodas manuais e el\u00e9ctricas<\/a>, <a href=\"https:\/\/www.miamedicalitalia.it\/pt\/categoria\/affitto-e-noleggio-ausili\/noleggio-e-affitto-carrozzina-elettrica-e-scooter\/?_gl=1*co0597*_up*MQ..*_ga*MTMwMTYwODM5Ny4xNzQ1NTE3Njk1*_ga_D9FZ9V3LL7*MTc0NTUxNzY5NC4xLjEuMTc0NTUxODExNy4wLjAuMA..\">trotinetas de exterior<\/a>, <a href=\"https:\/\/www.miamedicalitalia.it\/pt\/categoria\/affitto-e-noleggio-ausili\/affitto-e-noleggio-deambulatori\/?_gl=1*co0597*_up*MQ..*_ga*MTMwMTYwODM5Ny4xNzQ1NTE3Njk1*_ga_D9FZ9V3LL7*MTc0NTUxNzY5NC4xLjEuMTc0NTUxODExNy4wLjAuMA..\">caminhantes<\/a>, e <a href=\"https:\/\/www.miamedicalitalia.it\/pt\/categoria\/affitto-e-noleggio-ausili\/?_gl=1*1y1sipj*_up*MQ..*_ga*MTMwMTYwODM5Ny4xNzQ1NTE3Njk1*_ga_D9FZ9V3LL7*MTc0NTUxNzY5NC4xLjAuMTc0NTUxNzY5NC4wLjAuMA..\">muito mais<\/a><\/strong>com a possibilidade de entrega diretamente no hotel ou no domic\u00edlio.<\/p>\n\n\n\n<figure class=\"wp-block-gallery has-nested-images columns-default is-cropped wp-block-gallery-2 is-layout-flex wp-block-gallery-is-layout-flex\">\n<figure class=\"wp-block-image size-large\"><img loading=\"lazy\" decoding=\"async\" width=\"1000\" height=\"1000\" data-id=\"13229\" src=\"https:\/\/www.miamedicalitalia.it\/wp-content\/uploads\/2024\/11\/IMG_1992-1.jpeg\" alt=\"\" class=\"wp-image-13229\" srcset=\"https:\/\/www.miamedicalitalia.it\/wp-content\/uploads\/2024\/11\/IMG_1992-1.jpeg 1000w, https:\/\/www.miamedicalitalia.it\/wp-content\/uploads\/2024\/11\/IMG_1992-1-150x150.jpeg 150w, https:\/\/www.miamedicalitalia.it\/wp-content\/uploads\/2024\/11\/IMG_1992-1-12x12.jpeg 12w, https:\/\/www.miamedicalitalia.it\/wp-content\/uploads\/2024\/11\/IMG_1992-1-500x500.jpeg 500w, https:\/\/www.miamedicalitalia.it\/wp-content\/uploads\/2024\/11\/IMG_1992-1-700x700.jpeg 700w, https:\/\/www.miamedicalitalia.it\/wp-content\/uploads\/2024\/11\/IMG_1992-1-100x100.jpeg 100w\" sizes=\"auto, (max-width: 1000px) 100vw, 1000px\" \/><\/figure>\n\n\n\n<figure class=\"wp-block-image size-large\"><img loading=\"lazy\" decoding=\"async\" width=\"480\" height=\"480\" data-id=\"12546\" src=\"https:\/\/www.miamedicalitalia.it\/wp-content\/uploads\/2024\/06\/slide-carrozzina-ad-autospinta-pieghevole-150x150-2.jpg\" alt=\"\" class=\"wp-image-12546\" srcset=\"https:\/\/www.miamedicalitalia.it\/wp-content\/uploads\/2024\/06\/slide-carrozzina-ad-autospinta-pieghevole-150x150-2.jpg 480w, https:\/\/www.miamedicalitalia.it\/wp-content\/uploads\/2024\/06\/slide-carrozzina-ad-autospinta-pieghevole-150x150-2-150x150.jpg 150w, https:\/\/www.miamedicalitalia.it\/wp-content\/uploads\/2024\/06\/slide-carrozzina-ad-autospinta-pieghevole-150x150-2-12x12.jpg 12w, https:\/\/www.miamedicalitalia.it\/wp-content\/uploads\/2024\/06\/slide-carrozzina-ad-autospinta-pieghevole-150x150-2-100x100.jpg 100w\" sizes=\"auto, (max-width: 480px) 100vw, 480px\" \/><\/figure>\n\n\n\n<figure class=\"wp-block-image size-large\"><img loading=\"lazy\" decoding=\"async\" width=\"1000\" height=\"1000\" data-id=\"12498\" src=\"https:\/\/www.miamedicalitalia.it\/wp-content\/uploads\/2022\/12\/DSC_1142.jpg\" alt=\"deambulatore rollatore de interno\/esterno\" class=\"wp-image-12498\" srcset=\"https:\/\/www.miamedicalitalia.it\/wp-content\/uploads\/2022\/12\/DSC_1142.jpg 1000w, https:\/\/www.miamedicalitalia.it\/wp-content\/uploads\/2022\/12\/DSC_1142-150x150.jpg 150w, https:\/\/www.miamedicalitalia.it\/wp-content\/uploads\/2022\/12\/DSC_1142-12x12.jpg 12w, https:\/\/www.miamedicalitalia.it\/wp-content\/uploads\/2022\/12\/DSC_1142-500x500.jpg 500w, https:\/\/www.miamedicalitalia.it\/wp-content\/uploads\/2022\/12\/DSC_1142-700x700.jpg 700w, https:\/\/www.miamedicalitalia.it\/wp-content\/uploads\/2022\/12\/DSC_1142-100x100.jpg 100w\" sizes=\"auto, (max-width: 1000px) 100vw, 1000px\" \/><\/figure>\n<\/figure>\n\n\n\n<p>Oferecemos tamb\u00e9m um servi\u00e7o de 24 horas, pessoal qualificado e apoio no local para tornar cada mudan\u00e7a f\u00e1cil e segura. A nossa miss\u00e3o \u00e9 garantir&nbsp;<strong>conforto, autonomia e seguran\u00e7a<\/strong>&nbsp;para cada pessoa. Al\u00e9m disso, a nossa equipa est\u00e1 \u00e0 sua disposi\u00e7\u00e3o para uma consulta gratuita se ainda n\u00e3o souber qual a ajuda que melhor se adapta \u00e0s suas necessidades! Na nossa <strong><a href=\"https:\/\/www.miamedicalitalia.it\/pt\/blog\/?_gl=1*10w6oxu*_up*MQ..*_ga*MTMwMTYwODM5Ny4xNzQ1NTE3Njk1*_ga_D9FZ9V3LL7*MTc0NTU2NzMwMC4yLjAuMTc0NTU2NzMwMC4wLjAuMA..\">blogue<\/a><\/strong> est\u00e3o dispon\u00edveis <a href=\"https:\/\/www.miamedicalitalia.it\/pt\/scooter-elettrici-per-mobilita-a-roma-i-vantaggi-del-noleggio\/?_gl=1*10w6oxu*_up*MQ..*_ga*MTMwMTYwODM5Ny4xNzQ1NTE3Njk1*_ga_D9FZ9V3LL7*MTc0NTU2NzMwMC4yLjAuMTc0NTU2NzMwMC4wLjAuMA..\">artigos que orientam a escolha de dispositivos m\u00e9dicos<\/a> e <a href=\"https:\/\/www.miamedicalitalia.it\/pt\/giubileo-accessibile-alla-portata-di-tutti\/?_gl=1*139a2wh*_up*MQ..*_ga*MTMwMTYwODM5Ny4xNzQ1NTE3Njk1*_ga_D9FZ9V3LL7*MTc0NTU2NzMwMC4yLjEuMTc0NTU2NzMzMi4wLjAuMA..\">itiner\u00e1rios acess\u00edveis a todos os peregrinos<\/a>! Contacte-nos agora em +<strong>39 392 65 09 237<\/strong> ou envie-nos um <a href=\"https:\/\/wa.me\/393926509237\">mensagem no Whatsapp. <\/a><\/p>\n\n\n\n<h4 class=\"wp-block-heading\" id=\"h-organizzazione-informazioni-utili\">Organiza\u00e7\u00e3o: informa\u00e7\u00f5es \u00fateis <\/h4>\n\n\n\n<ul class=\"wp-block-list\">\n<li><a href=\"https:\/\/www.iubilaeum2025.va\/content\/dam\/iubilaeum2025\/vademecum\/disabilita\/ITA_VADEMECUM-DISAB.pdf\">Cartaz e programa <\/a><\/li>\n\n\n\n<li><a href=\"https:\/\/www.iubilaeum2025.va\/it\/pellegrinaggio\/calendario-giubileo\/GrandiEventi\/Giubileo-delle-Persone-con-Disabilita.html\">S\u00edtio Web <\/a><\/li>\n\n\n\n<li>Correio eletr\u00f3nico: info2@iubilaeum2025.va<\/li>\n\n\n\n<li>N\u00famero de telefone: 0039 06 698 69500<\/li>\n<\/ul>\n\n\n\n<h4 class=\"wp-block-heading\" id=\"h-i-funerali-di-papa-francesco-un-ultimo-saluto-al-santo-padre\">O funeral do Papa Francisco: um \u00faltimo adeus ao Santo Padre<\/h4>\n\n\n\n<p>Depois de tr\u00eas dias de c\u00e2mara funer\u00e1ria na Bas\u00edlica de S\u00e3o Pedro, onde centenas de milhares de fi\u00e9is se revezam para prestar homenagem ao falecido Pont\u00edfice, realizar-se-\u00e1 o funeral do Papa Francisco&nbsp;<strong>S\u00e1bado, 26 de abril de 2025<\/strong>&nbsp;em <strong>Pra\u00e7a de S\u00e3o Pedro a partir das 10h00<\/strong>.<\/p>\n\n\n\n<p>S\u00e3o esperadas longas filas de espera e um afluxo extraordin\u00e1rio de visitantes. Toda a capital est\u00e1 a mobilizar-se para garantir o acolhimento e a seguran\u00e7a de um dos acontecimentos religiosos mais sentidos do s\u00e9culo passado. A cerim\u00f3nia ser\u00e1 s\u00f3bria, em linha com o estilo simples e humilde que tem caracterizado todo o pontificado de Francisco.<\/p>\n\n\n\n<h4 class=\"wp-block-heading\" id=\"h-organizzazione-informazioni-utili-0\">Organiza\u00e7\u00e3o: informa\u00e7\u00f5es \u00fateis <\/h4>\n\n\n\n<ul class=\"wp-block-list\">\n<li><a href=\"https:\/\/www.vaticannews.va\/\">S\u00edtio Web oficial<\/a><\/li>\n\n\n\n<li><a href=\"https:\/\/www.rainews.it\/\">Not\u00edcias Rai<\/a><\/li>\n\n\n\n<li><a href=\"https:\/\/www.diocesidiroma.it\/\">Diocese de Roma<\/a><\/li>\n<\/ul>\n\n\n\n<p>Como acompanhar o funeral a partir de casa:<\/p>\n\n\n\n<ul class=\"wp-block-list\">\n<li><strong>Rai 1<\/strong>Especial TG1 a partir das 8h30.<\/li>\n\n\n\n<li><strong>Canal 5<\/strong>Especial TG5 das 8:45 \u00e0s 11:30.<\/li>\n\n\n\n<li><strong>La7<\/strong>a partir das 9h40.<\/li>\n\n\n\n<li><strong>Sky TG24<\/strong>: transmiss\u00e3o em direto a partir das 8h00<\/li>\n<\/ul>\n\n\n\n<h4 class=\"wp-block-heading\" id=\"h-partecipare-con-mia-medical-chiama-ora-il-39-392-65-09-237\">Participar com a Mia Medical: ligar agora para o n\u00famero +39 392 65 09 237<\/h4>\n\n\n\n<p>Tamb\u00e9m para a \u00faltima despedida do Papa Francisco,&nbsp;<strong><a href=\"https:\/\/www.miamedicalitalia.it\/pt\/categoria\/affitto-e-noleggio-ausili\/?_gl=1*1y1sipj*_up*MQ..*_ga*MTMwMTYwODM5Ny4xNzQ1NTE3Njk1*_ga_D9FZ9V3LL7*MTc0NTUxNzY5NC4xLjAuMTc0NTUxNzY5NC4wLjAuMA..\">A Mia Medical Italia oferece dispositivos de assist\u00eancia e mobilidade personalizados<\/a><\/strong>: <strong><a href=\"https:\/\/www.miamedicalitalia.it\/pt\/categoria\/affitto-e-noleggio-ausili\/affitto-e-noleggio-carrozzina\/?_gl=1*ssl2jy*_up*MQ..*_ga*MTMwMTYwODM5Ny4xNzQ1NTE3Njk1*_ga_D9FZ9V3LL7*MTc0NTUxNzY5NC4xLjEuMTc0NTUxODExNy4wLjAuMA..\">cadeiras de rodas<\/a><\/strong>, <strong><a href=\"https:\/\/www.miamedicalitalia.it\/pt\/categoria\/affitto-e-noleggio-ausili\/noleggio-e-affitto-carrozzina-elettrica-e-scooter\/?_gl=1*z58ynn*_up*MQ..*_ga*MTMwMTYwODM5Ny4xNzQ1NTE3Njk1*_ga_D9FZ9V3LL7*MTc0NTUxNzY5NC4xLjEuMTc0NTUxODExNy4wLjAuMA..\">trotinetas el\u00e9ctricas<\/a><\/strong> e <strong><a href=\"https:\/\/www.miamedicalitalia.it\/pt\/categoria\/affitto-e-noleggio-ausili\/?_gl=1*1y1sipj*_up*MQ..*_ga*MTMwMTYwODM5Ny4xNzQ1NTE3Njk1*_ga_D9FZ9V3LL7*MTc0NTUxNzY5NC4xLjAuMTc0NTUxNzY5NC4wLjAuMA..\">muitos outros apoios<\/a><\/strong> para as pessoas com dificuldades de mobilidade. A nossa presen\u00e7a na zona garante <strong>velocidade<\/strong>, <strong>flexibilidade<\/strong> e um <strong>servi\u00e7o fi\u00e1vel<\/strong>Concebido para quem deseja viver este momento com respeito e serenidade.<\/p>\n\n\n\n<p>Escolher a Mia Medical significa ter um&nbsp;<strong>parceiro que coloca a pessoa em primeiro lugar<\/strong>. N\u00e3o s\u00f3 alugamos aparelhos, como&nbsp;<strong>constru\u00edmos experi\u00eancias de participa\u00e7\u00e3o acess\u00edvel<\/strong>oferecendo escuta, solu\u00e7\u00f5es pr\u00e1ticas e acompanhamento permanente. De que est\u00e1 \u00e0 espera, contacte-nos hoje mesmo para contratar o seu apoio em <strong>+39 392 65 09 237<\/strong> ou envie-nos um <a href=\"https:\/\/wa.me\/393926509237\">mensagem no whatsapp<\/a>!<\/p>\n\n\n\n<p>A nossa equipa est\u00e1 \u00e0 sua disposi\u00e7\u00e3o para uma consulta gratuita se ainda n\u00e3o souber qual a ajuda que melhor se adapta \u00e0s suas necessidades! No nosso <strong><a href=\"https:\/\/www.miamedicalitalia.it\/pt\/blog\/?_gl=1*10w6oxu*_up*MQ..*_ga*MTMwMTYwODM5Ny4xNzQ1NTE3Njk1*_ga_D9FZ9V3LL7*MTc0NTU2NzMwMC4yLjAuMTc0NTU2NzMwMC4wLjAuMA..\">blogue<\/a><\/strong> est\u00e3o dispon\u00edveis <a href=\"https:\/\/www.miamedicalitalia.it\/pt\/scooter-elettrici-per-mobilita-a-roma-i-vantaggi-del-noleggio\/?_gl=1*10w6oxu*_up*MQ..*_ga*MTMwMTYwODM5Ny4xNzQ1NTE3Njk1*_ga_D9FZ9V3LL7*MTc0NTU2NzMwMC4yLjAuMTc0NTU2NzMwMC4wLjAuMA..\">artigos que orientam a escolha de dispositivos m\u00e9dicos<\/a> e <a href=\"https:\/\/www.miamedicalitalia.it\/pt\/giubileo-accessibile-alla-portata-di-tutti\/?_gl=1*139a2wh*_up*MQ..*_ga*MTMwMTYwODM5Ny4xNzQ1NTE3Njk1*_ga_D9FZ9V3LL7*MTc0NTU2NzMwMC4yLjEuMTc0NTU2NzMzMi4wLjAuMA..\">itiner\u00e1rios acess\u00edveis a todos os peregrinos<\/a>! <\/p>\n\n\n\n<figure class=\"wp-block-gallery has-nested-images columns-default is-cropped wp-block-gallery-3 is-layout-flex wp-block-gallery-is-layout-flex\">\n<figure class=\"wp-block-image size-large\"><img loading=\"lazy\" decoding=\"async\" width=\"505\" height=\"524\" data-id=\"13232\" src=\"https:\/\/www.miamedicalitalia.it\/wp-content\/uploads\/2024\/11\/Untitled-design-4-2.jpeg\" alt=\"\" class=\"wp-image-13232\" srcset=\"https:\/\/www.miamedicalitalia.it\/wp-content\/uploads\/2024\/11\/Untitled-design-4-2.jpeg 505w, https:\/\/www.miamedicalitalia.it\/wp-content\/uploads\/2024\/11\/Untitled-design-4-2-12x12.jpeg 12w, https:\/\/www.miamedicalitalia.it\/wp-content\/uploads\/2024\/11\/Untitled-design-4-2-500x519.jpeg 500w\" sizes=\"auto, (max-width: 505px) 100vw, 505px\" \/><\/figure>\n\n\n\n<figure class=\"wp-block-image size-large\"><img loading=\"lazy\" decoding=\"async\" width=\"1000\" height=\"1000\" data-id=\"12315\" src=\"https:\/\/www.miamedicalitalia.it\/wp-content\/uploads\/2024\/05\/rollatore-MIA-MEDICAL.jpg\" alt=\"\" class=\"wp-image-12315\" srcset=\"https:\/\/www.miamedicalitalia.it\/wp-content\/uploads\/2024\/05\/rollatore-MIA-MEDICAL.jpg 1000w, https:\/\/www.miamedicalitalia.it\/wp-content\/uploads\/2024\/05\/rollatore-MIA-MEDICAL-150x150.jpg 150w, https:\/\/www.miamedicalitalia.it\/wp-content\/uploads\/2024\/05\/rollatore-MIA-MEDICAL-12x12.jpg 12w, https:\/\/www.miamedicalitalia.it\/wp-content\/uploads\/2024\/05\/rollatore-MIA-MEDICAL-500x500.jpg 500w, https:\/\/www.miamedicalitalia.it\/wp-content\/uploads\/2024\/05\/rollatore-MIA-MEDICAL-700x700.jpg 700w, https:\/\/www.miamedicalitalia.it\/wp-content\/uploads\/2024\/05\/rollatore-MIA-MEDICAL-100x100.jpg 100w\" sizes=\"auto, (max-width: 1000px) 100vw, 1000px\" \/><\/figure>\n\n\n\n<figure class=\"wp-block-image size-large\"><img loading=\"lazy\" decoding=\"async\" width=\"1000\" height=\"1000\" data-id=\"12332\" src=\"https:\/\/www.miamedicalitalia.it\/wp-content\/uploads\/2024\/05\/carrozzina-pediatrica-.jpg\" alt=\"\" class=\"wp-image-12332\" srcset=\"https:\/\/www.miamedicalitalia.it\/wp-content\/uploads\/2024\/05\/carrozzina-pediatrica-.jpg 1000w, https:\/\/www.miamedicalitalia.it\/wp-content\/uploads\/2024\/05\/carrozzina-pediatrica--150x150.jpg 150w, https:\/\/www.miamedicalitalia.it\/wp-content\/uploads\/2024\/05\/carrozzina-pediatrica--12x12.jpg 12w, https:\/\/www.miamedicalitalia.it\/wp-content\/uploads\/2024\/05\/carrozzina-pediatrica--500x500.jpg 500w, https:\/\/www.miamedicalitalia.it\/wp-content\/uploads\/2024\/05\/carrozzina-pediatrica--700x700.jpg 700w, https:\/\/www.miamedicalitalia.it\/wp-content\/uploads\/2024\/05\/carrozzina-pediatrica--100x100.jpg 100w\" sizes=\"auto, (max-width: 1000px) 100vw, 1000px\" \/><\/figure>\n<\/figure>\n\n\n\n<p>No cora\u00e7\u00e3o de Roma, num dos momentos mais significativos da hist\u00f3ria recente, queremos ser a&nbsp;<strong>ponte entre o desejo de estar presente e a possibilidade concreta de o fazer<\/strong>. Para que todos, sem excluir ningu\u00e9m, se sintam parte deste tempo de f\u00e9, de mem\u00f3ria e de esperan\u00e7a.<\/p>\n\n\n\n<h4 class=\"wp-block-heading\" id=\"h-non-perderti-questa-occasione-di-condivisione\">N\u00e3o perca esta oportunidade de partilhar <\/h4>\n\n\n\n<p>O <strong>Jubileu<\/strong> e o <strong>funeral do Papa Francisco<\/strong> representar&nbsp;<strong>muito mais do que eventos religiosos<\/strong>s\u00e3o oportunidades para redescobrir o valor da comunidade, da inclus\u00e3o, de cuidar uns dos outros. Gra\u00e7as a servi\u00e7os dedicados como os oferecidos por <strong><a href=\"https:\/\/www.miamedicalitalia.it\/pt\/categoria\/affitto-e-noleggio-ausili\/?_gl=1*1y1sipj*_up*MQ..*_ga*MTMwMTYwODM5Ny4xNzQ1NTE3Njk1*_ga_D9FZ9V3LL7*MTc0NTUxNzY5NC4xLjAuMTc0NTUxNzY5NC4wLjAuMA..\">Mia Medical It\u00e1lia<\/a><\/strong>estes momentos podem tornar-se experi\u00eancias vividas&nbsp;<strong>com plenitude e sem obst\u00e1culos<\/strong>por todos e para todos.<\/p>\n\n\n\n<p>Num momento de transi\u00e7\u00e3o como este, em que o luto, a reflex\u00e3o e o renascimento se entrela\u00e7am,&nbsp;<strong>A Mia Medical Italia est\u00e1 pr\u00f3xima dos fi\u00e9is e da comunidade<\/strong>. Queremos ajudar a tornar poss\u00edvel uma participa\u00e7\u00e3o verdadeira, digna e profunda. Para que a dor se transforme em esperan\u00e7a e a uni\u00e3o se torne a mais bela resposta aos desafios de hoje.<\/p>\n\n\n\n<p><br><\/p>\n\n\n\n<p><br><\/p>","protected":false},"excerpt":{"rendered":"<p>Il 26 e successivamente&nbsp;&nbsp;dal 28 al 29 aprile 2025, Roma diventa il [&hellip;]<\/p>\n","protected":false},"author":809,"featured_media":13840,"comment_status":"open","ping_status":"open","sticky":false,"template":"","format":"standard","meta":{"_acf_changed":false,"footnotes":""},"categories":[183,186,340],"tags":[318,188,180,419,308,328,418,416,325,331,420,193,421,424,422,423,417,184,355],"class_list":["post-13808","post","type-post","status-publish","format-standard","has-post-thumbnail","hentry","category-articoli-anziani","category-articoli-disabili","category-giubileo","tag-318","tag-ausili-medicali","tag-carrozzine","tag-conclave","tag-disabilita","tag-electric-scooter","tag-funerali-papa-francesco","tag-giubileo-2025","tag-holy-year","tag-jubilee","tag-mobility-scooters","tag-noleggio","tag-noleggio-ausili-medicali","tag-noleggio-carrozzina-funerali-papa","tag-noleggio-carrozzine-giubileo","tag-noleggio-scooter-elettrico-giubileo","tag-papa-francesco","tag-turismo","tag-turismo-accessibile"],"acf":[],"yoast_head":"<!-- This site is optimized with the Yoast SEO Premium plugin v27.5 (Yoast SEO v27.5) - https:\/\/yoast.com\/product\/yoast-seo-premium-wordpress\/ -->\n<title>Giubileo delle Persone con disabilit\u00e0 e Funerali di Papa Francesco - Mia Medical<\/title>\n<meta name=\"description\" content=\"Non perdere l\u2019occasione di prendere parte al Giubileo delle persone con disabilit\u00e0 o ai funerali di Papa Francesco. Chiama Mia Medical Italia\" \/>\n<meta name=\"robots\" content=\"index, follow, max-snippet:-1, max-image-preview:large, max-video-preview:-1\" \/>\n<link rel=\"canonical\" href=\"https:\/\/www.miamedicalitalia.it\/pt\/giubileo-delle-persone-con-disabilita-e-funerali-di-papa-francesco\/\" \/>\n<meta property=\"og:locale\" content=\"pt_PT\" \/>\n<meta property=\"og:type\" content=\"article\" \/>\n<meta property=\"og:title\" content=\"Giubileo delle Persone con disabilit\u00e0 e Funerali di Papa Francesco - Mia Medical\" \/>\n<meta property=\"og:description\" content=\"Non perdere l\u2019occasione di prendere parte al Giubileo delle persone con disabilit\u00e0 o ai funerali di Papa Francesco. Chiama Mia Medical Italia\" \/>\n<meta property=\"og:url\" content=\"https:\/\/www.miamedicalitalia.it\/pt\/giubileo-delle-persone-con-disabilita-e-funerali-di-papa-francesco\/\" \/>\n<meta property=\"og:site_name\" content=\"Mia Medical\" \/>\n<meta property=\"article:publisher\" content=\"https:\/\/www.facebook.com\/miamedicalitalia\" \/>\n<meta property=\"article:published_time\" content=\"2025-04-27T13:47:05+00:00\" \/>\n<meta property=\"article:modified_time\" content=\"2026-02-10T15:15:38+00:00\" \/>\n<meta property=\"og:image\" content=\"https:\/\/www.miamedicalitalia.it\/wp-content\/uploads\/2025\/04\/9k.jpg\" \/>\n\t<meta property=\"og:image:width\" content=\"1024\" \/>\n\t<meta property=\"og:image:height\" content=\"1024\" \/>\n\t<meta property=\"og:image:type\" content=\"image\/jpeg\" \/>\n<meta name=\"author\" content=\"Anna Norante\" \/>\n<meta name=\"twitter:card\" content=\"summary_large_image\" \/>\n<meta name=\"twitter:label1\" content=\"Escrito por\" \/>\n\t<meta name=\"twitter:data1\" content=\"Anna Norante\" \/>\n\t<meta name=\"twitter:label2\" content=\"Tempo estimado de leitura\" \/>\n\t<meta name=\"twitter:data2\" content=\"5 minutos\" \/>\n<script type=\"application\/ld+json\" class=\"yoast-schema-graph\">{\"@context\":\"https:\\\/\\\/schema.org\",\"@graph\":[{\"@type\":\"Article\",\"@id\":\"https:\\\/\\\/www.miamedicalitalia.it\\\/giubileo-delle-persone-con-disabilita-e-funerali-di-papa-francesco\\\/#article\",\"isPartOf\":{\"@id\":\"https:\\\/\\\/www.miamedicalitalia.it\\\/giubileo-delle-persone-con-disabilita-e-funerali-di-papa-francesco\\\/\"},\"author\":{\"name\":\"Anna Norante\",\"@id\":\"https:\\\/\\\/www.miamedicalitalia.it\\\/#\\\/schema\\\/person\\\/04a65f5cdcc128d65095be90c183f35a\"},\"headline\":\"Giubileo delle Persone con disabilit\u00e0 e Funerali di Papa Francesco\",\"datePublished\":\"2025-04-27T13:47:05+00:00\",\"dateModified\":\"2026-02-10T15:15:38+00:00\",\"mainEntityOfPage\":{\"@id\":\"https:\\\/\\\/www.miamedicalitalia.it\\\/giubileo-delle-persone-con-disabilita-e-funerali-di-papa-francesco\\\/\"},\"wordCount\":914,\"commentCount\":0,\"publisher\":{\"@id\":\"https:\\\/\\\/www.miamedicalitalia.it\\\/#organization\"},\"image\":{\"@id\":\"https:\\\/\\\/www.miamedicalitalia.it\\\/giubileo-delle-persone-con-disabilita-e-funerali-di-papa-francesco\\\/#primaryimage\"},\"thumbnailUrl\":\"https:\\\/\\\/www.miamedicalitalia.it\\\/wp-content\\\/uploads\\\/2025\\\/04\\\/9k.jpg\",\"keywords\":[\"2025\",\"ausili medicali\",\"carrozzine\",\"Conclave\",\"disabilit\u00e0\",\"electric scooter\",\"Funerali Papa Francesco\",\"Giubileo 2025\",\"Holy year\",\"jubilee\",\"mobility scooters\",\"noleggio\",\"noleggio ausili medicali\",\"noleggio carrozzina funerali papa\",\"noleggio carrozzine giubileo\",\"noleggio scooter elettrico giubileo\",\"Papa francesco\",\"turismo\",\"Turismo accessibile\"],\"articleSection\":[\"Anziani\",\"Disabili\",\"Giubileo\"],\"inLanguage\":\"pt-PT\",\"potentialAction\":[{\"@type\":\"CommentAction\",\"name\":\"Comment\",\"target\":[\"https:\\\/\\\/www.miamedicalitalia.it\\\/giubileo-delle-persone-con-disabilita-e-funerali-di-papa-francesco\\\/#respond\"]}]},{\"@type\":\"WebPage\",\"@id\":\"https:\\\/\\\/www.miamedicalitalia.it\\\/giubileo-delle-persone-con-disabilita-e-funerali-di-papa-francesco\\\/\",\"url\":\"https:\\\/\\\/www.miamedicalitalia.it\\\/giubileo-delle-persone-con-disabilita-e-funerali-di-papa-francesco\\\/\",\"name\":\"Giubileo delle Persone con disabilit\u00e0 e Funerali di Papa Francesco - Mia Medical\",\"isPartOf\":{\"@id\":\"https:\\\/\\\/www.miamedicalitalia.it\\\/#website\"},\"primaryImageOfPage\":{\"@id\":\"https:\\\/\\\/www.miamedicalitalia.it\\\/giubileo-delle-persone-con-disabilita-e-funerali-di-papa-francesco\\\/#primaryimage\"},\"image\":{\"@id\":\"https:\\\/\\\/www.miamedicalitalia.it\\\/giubileo-delle-persone-con-disabilita-e-funerali-di-papa-francesco\\\/#primaryimage\"},\"thumbnailUrl\":\"https:\\\/\\\/www.miamedicalitalia.it\\\/wp-content\\\/uploads\\\/2025\\\/04\\\/9k.jpg\",\"datePublished\":\"2025-04-27T13:47:05+00:00\",\"dateModified\":\"2026-02-10T15:15:38+00:00\",\"description\":\"Non perdere l\u2019occasione di prendere parte al Giubileo delle persone con disabilit\u00e0 o ai funerali di Papa Francesco. Chiama Mia Medical Italia\",\"breadcrumb\":{\"@id\":\"https:\\\/\\\/www.miamedicalitalia.it\\\/giubileo-delle-persone-con-disabilita-e-funerali-di-papa-francesco\\\/#breadcrumb\"},\"inLanguage\":\"pt-PT\",\"potentialAction\":[{\"@type\":\"ReadAction\",\"target\":[\"https:\\\/\\\/www.miamedicalitalia.it\\\/giubileo-delle-persone-con-disabilita-e-funerali-di-papa-francesco\\\/\"]}]},{\"@type\":\"ImageObject\",\"inLanguage\":\"pt-PT\",\"@id\":\"https:\\\/\\\/www.miamedicalitalia.it\\\/giubileo-delle-persone-con-disabilita-e-funerali-di-papa-francesco\\\/#primaryimage\",\"url\":\"https:\\\/\\\/www.miamedicalitalia.it\\\/wp-content\\\/uploads\\\/2025\\\/04\\\/9k.jpg\",\"contentUrl\":\"https:\\\/\\\/www.miamedicalitalia.it\\\/wp-content\\\/uploads\\\/2025\\\/04\\\/9k.jpg\",\"width\":1024,\"height\":1024},{\"@type\":\"BreadcrumbList\",\"@id\":\"https:\\\/\\\/www.miamedicalitalia.it\\\/giubileo-delle-persone-con-disabilita-e-funerali-di-papa-francesco\\\/#breadcrumb\",\"itemListElement\":[{\"@type\":\"ListItem\",\"position\":1,\"name\":\"Home\",\"item\":\"https:\\\/\\\/www.miamedicalitalia.it\\\/\"},{\"@type\":\"ListItem\",\"position\":2,\"name\":\"Giubileo delle Persone con disabilit\u00e0 e Funerali di Papa Francesco\"}]},{\"@type\":\"WebSite\",\"@id\":\"https:\\\/\\\/www.miamedicalitalia.it\\\/#website\",\"url\":\"https:\\\/\\\/www.miamedicalitalia.it\\\/\",\"name\":\"www.miamedicalitalia.it\",\"description\":\"Noleggio e Vendita Attrezzatura Sanitarie\",\"publisher\":{\"@id\":\"https:\\\/\\\/www.miamedicalitalia.it\\\/#organization\"},\"potentialAction\":[{\"@type\":\"SearchAction\",\"target\":{\"@type\":\"EntryPoint\",\"urlTemplate\":\"https:\\\/\\\/www.miamedicalitalia.it\\\/?s={search_term_string}\"},\"query-input\":{\"@type\":\"PropertyValueSpecification\",\"valueRequired\":true,\"valueName\":\"search_term_string\"}}],\"inLanguage\":\"pt-PT\"},{\"@type\":\"Organization\",\"@id\":\"https:\\\/\\\/www.miamedicalitalia.it\\\/#organization\",\"name\":\"OLG\",\"url\":\"https:\\\/\\\/www.miamedicalitalia.it\\\/\",\"logo\":{\"@type\":\"ImageObject\",\"inLanguage\":\"pt-PT\",\"@id\":\"https:\\\/\\\/www.miamedicalitalia.it\\\/#\\\/schema\\\/logo\\\/image\\\/\",\"url\":\"https:\\\/\\\/www.miamedicalitalia.it\\\/wp-content\\\/uploads\\\/2023\\\/04\\\/mia-medical-logo-free.png\",\"contentUrl\":\"https:\\\/\\\/www.miamedicalitalia.it\\\/wp-content\\\/uploads\\\/2023\\\/04\\\/mia-medical-logo-free.png\",\"width\":700,\"height\":700,\"caption\":\"OLG\"},\"image\":{\"@id\":\"https:\\\/\\\/www.miamedicalitalia.it\\\/#\\\/schema\\\/logo\\\/image\\\/\"},\"sameAs\":[\"https:\\\/\\\/www.facebook.com\\\/miamedicalitalia\"]},{\"@type\":\"Person\",\"@id\":\"https:\\\/\\\/www.miamedicalitalia.it\\\/#\\\/schema\\\/person\\\/04a65f5cdcc128d65095be90c183f35a\",\"name\":\"Anna Norante\",\"image\":{\"@type\":\"ImageObject\",\"inLanguage\":\"pt-PT\",\"@id\":\"https:\\\/\\\/secure.gravatar.com\\\/avatar\\\/f0be0e99d2a735522752a5fe34e6262c835130f0de176393ad559698341f2d55?s=96&d=mm&r=g\",\"url\":\"https:\\\/\\\/secure.gravatar.com\\\/avatar\\\/f0be0e99d2a735522752a5fe34e6262c835130f0de176393ad559698341f2d55?s=96&d=mm&r=g\",\"contentUrl\":\"https:\\\/\\\/secure.gravatar.com\\\/avatar\\\/f0be0e99d2a735522752a5fe34e6262c835130f0de176393ad559698341f2d55?s=96&d=mm&r=g\",\"caption\":\"Anna Norante\"}}]}<\/script>\n<!-- \/ Yoast SEO Premium plugin. -->","yoast_head_json":{"title":"Jubileu das Pessoas com Defici\u00eancia e Funeral do Papa Francisco - Mia Medical","description":"N\u00e3o perca a oportunidade de participar do Jubileu das Pessoas com Defici\u00eancia ou do funeral do Papa Francisco. Ligue para a Mia Medical Italia.","robots":{"index":"index","follow":"follow","max-snippet":"max-snippet:-1","max-image-preview":"max-image-preview:large","max-video-preview":"max-video-preview:-1"},"canonical":"https:\/\/www.miamedicalitalia.it\/pt\/giubileo-delle-persone-con-disabilita-e-funerali-di-papa-francesco\/","og_locale":"pt_PT","og_type":"article","og_title":"Giubileo delle Persone con disabilit\u00e0 e Funerali di Papa Francesco - Mia Medical","og_description":"Non perdere l\u2019occasione di prendere parte al Giubileo delle persone con disabilit\u00e0 o ai funerali di Papa Francesco. Chiama Mia Medical Italia","og_url":"https:\/\/www.miamedicalitalia.it\/pt\/giubileo-delle-persone-con-disabilita-e-funerali-di-papa-francesco\/","og_site_name":"Mia Medical","article_publisher":"https:\/\/www.facebook.com\/miamedicalitalia","article_published_time":"2025-04-27T13:47:05+00:00","article_modified_time":"2026-02-10T15:15:38+00:00","og_image":[{"width":1024,"height":1024,"url":"https:\/\/www.miamedicalitalia.it\/wp-content\/uploads\/2025\/04\/9k.jpg","type":"image\/jpeg"}],"author":"Anna Norante","twitter_card":"summary_large_image","twitter_misc":{"Escrito por":"Anna Norante","Tempo estimado de leitura":"5 minutos"},"schema":{"@context":"https:\/\/schema.org","@graph":[{"@type":"Article","@id":"https:\/\/www.miamedicalitalia.it\/giubileo-delle-persone-con-disabilita-e-funerali-di-papa-francesco\/#article","isPartOf":{"@id":"https:\/\/www.miamedicalitalia.it\/giubileo-delle-persone-con-disabilita-e-funerali-di-papa-francesco\/"},"author":{"name":"Anna Norante","@id":"https:\/\/www.miamedicalitalia.it\/#\/schema\/person\/04a65f5cdcc128d65095be90c183f35a"},"headline":"Giubileo delle Persone con disabilit\u00e0 e Funerali di Papa Francesco","datePublished":"2025-04-27T13:47:05+00:00","dateModified":"2026-02-10T15:15:38+00:00","mainEntityOfPage":{"@id":"https:\/\/www.miamedicalitalia.it\/giubileo-delle-persone-con-disabilita-e-funerali-di-papa-francesco\/"},"wordCount":914,"commentCount":0,"publisher":{"@id":"https:\/\/www.miamedicalitalia.it\/#organization"},"image":{"@id":"https:\/\/www.miamedicalitalia.it\/giubileo-delle-persone-con-disabilita-e-funerali-di-papa-francesco\/#primaryimage"},"thumbnailUrl":"https:\/\/www.miamedicalitalia.it\/wp-content\/uploads\/2025\/04\/9k.jpg","keywords":["2025","ausili medicali","carrozzine","Conclave","disabilit\u00e0","electric scooter","Funerali Papa Francesco","Giubileo 2025","Holy year","jubilee","mobility scooters","noleggio","noleggio ausili medicali","noleggio carrozzina funerali papa","noleggio carrozzine giubileo","noleggio scooter elettrico giubileo","Papa francesco","turismo","Turismo accessibile"],"articleSection":["Anziani","Disabili","Giubileo"],"inLanguage":"pt-PT","potentialAction":[{"@type":"CommentAction","name":"Comment","target":["https:\/\/www.miamedicalitalia.it\/giubileo-delle-persone-con-disabilita-e-funerali-di-papa-francesco\/#respond"]}]},{"@type":"WebPage","@id":"https:\/\/www.miamedicalitalia.it\/giubileo-delle-persone-con-disabilita-e-funerali-di-papa-francesco\/","url":"https:\/\/www.miamedicalitalia.it\/giubileo-delle-persone-con-disabilita-e-funerali-di-papa-francesco\/","name":"Jubileu das Pessoas com Defici\u00eancia e Funeral do Papa Francisco - Mia Medical","isPartOf":{"@id":"https:\/\/www.miamedicalitalia.it\/#website"},"primaryImageOfPage":{"@id":"https:\/\/www.miamedicalitalia.it\/giubileo-delle-persone-con-disabilita-e-funerali-di-papa-francesco\/#primaryimage"},"image":{"@id":"https:\/\/www.miamedicalitalia.it\/giubileo-delle-persone-con-disabilita-e-funerali-di-papa-francesco\/#primaryimage"},"thumbnailUrl":"https:\/\/www.miamedicalitalia.it\/wp-content\/uploads\/2025\/04\/9k.jpg","datePublished":"2025-04-27T13:47:05+00:00","dateModified":"2026-02-10T15:15:38+00:00","description":"N\u00e3o perca a oportunidade de participar do Jubileu das Pessoas com Defici\u00eancia ou do funeral do Papa Francisco. Ligue para a Mia Medical Italia.","breadcrumb":{"@id":"https:\/\/www.miamedicalitalia.it\/giubileo-delle-persone-con-disabilita-e-funerali-di-papa-francesco\/#breadcrumb"},"inLanguage":"pt-PT","potentialAction":[{"@type":"ReadAction","target":["https:\/\/www.miamedicalitalia.it\/giubileo-delle-persone-con-disabilita-e-funerali-di-papa-francesco\/"]}]},{"@type":"ImageObject","inLanguage":"pt-PT","@id":"https:\/\/www.miamedicalitalia.it\/giubileo-delle-persone-con-disabilita-e-funerali-di-papa-francesco\/#primaryimage","url":"https:\/\/www.miamedicalitalia.it\/wp-content\/uploads\/2025\/04\/9k.jpg","contentUrl":"https:\/\/www.miamedicalitalia.it\/wp-content\/uploads\/2025\/04\/9k.jpg","width":1024,"height":1024},{"@type":"BreadcrumbList","@id":"https:\/\/www.miamedicalitalia.it\/giubileo-delle-persone-con-disabilita-e-funerali-di-papa-francesco\/#breadcrumb","itemListElement":[{"@type":"ListItem","position":1,"name":"Home","item":"https:\/\/www.miamedicalitalia.it\/"},{"@type":"ListItem","position":2,"name":"Giubileo delle Persone con disabilit\u00e0 e Funerali di Papa Francesco"}]},{"@type":"WebSite","@id":"https:\/\/www.miamedicalitalia.it\/#website","url":"https:\/\/www.miamedicalitalia.it\/","name":"www.miamedicalitalia.it","description":"Aluguer e venda de equipamento sanit\u00e1rio","publisher":{"@id":"https:\/\/www.miamedicalitalia.it\/#organization"},"potentialAction":[{"@type":"SearchAction","target":{"@type":"EntryPoint","urlTemplate":"https:\/\/www.miamedicalitalia.it\/?s={search_term_string}"},"query-input":{"@type":"PropertyValueSpecification","valueRequired":true,"valueName":"search_term_string"}}],"inLanguage":"pt-PT"},{"@type":"Organization","@id":"https:\/\/www.miamedicalitalia.it\/#organization","name":"OLG","url":"https:\/\/www.miamedicalitalia.it\/","logo":{"@type":"ImageObject","inLanguage":"pt-PT","@id":"https:\/\/www.miamedicalitalia.it\/#\/schema\/logo\/image\/","url":"https:\/\/www.miamedicalitalia.it\/wp-content\/uploads\/2023\/04\/mia-medical-logo-free.png","contentUrl":"https:\/\/www.miamedicalitalia.it\/wp-content\/uploads\/2023\/04\/mia-medical-logo-free.png","width":700,"height":700,"caption":"OLG"},"image":{"@id":"https:\/\/www.miamedicalitalia.it\/#\/schema\/logo\/image\/"},"sameAs":["https:\/\/www.facebook.com\/miamedicalitalia"]},{"@type":"Person","@id":"https:\/\/www.miamedicalitalia.it\/#\/schema\/person\/04a65f5cdcc128d65095be90c183f35a","name":"Anna Norante","image":{"@type":"ImageObject","inLanguage":"pt-PT","@id":"https:\/\/secure.gravatar.com\/avatar\/f0be0e99d2a735522752a5fe34e6262c835130f0de176393ad559698341f2d55?s=96&d=mm&r=g","url":"https:\/\/secure.gravatar.com\/avatar\/f0be0e99d2a735522752a5fe34e6262c835130f0de176393ad559698341f2d55?s=96&d=mm&r=g","contentUrl":"https:\/\/secure.gravatar.com\/avatar\/f0be0e99d2a735522752a5fe34e6262c835130f0de176393ad559698341f2d55?s=96&d=mm&r=g","caption":"Anna Norante"}}]}},"_links":{"self":[{"href":"https:\/\/www.miamedicalitalia.it\/pt\/wp-json\/wp\/v2\/posts\/13808","targetHints":{"allow":["GET"]}}],"collection":[{"href":"https:\/\/www.miamedicalitalia.it\/pt\/wp-json\/wp\/v2\/posts"}],"about":[{"href":"https:\/\/www.miamedicalitalia.it\/pt\/wp-json\/wp\/v2\/types\/post"}],"author":[{"embeddable":true,"href":"https:\/\/www.miamedicalitalia.it\/pt\/wp-json\/wp\/v2\/users\/809"}],"replies":[{"embeddable":true,"href":"https:\/\/www.miamedicalitalia.it\/pt\/wp-json\/wp\/v2\/comments?post=13808"}],"version-history":[{"count":29,"href":"https:\/\/www.miamedicalitalia.it\/pt\/wp-json\/wp\/v2\/posts\/13808\/revisions"}],"predecessor-version":[{"id":15240,"href":"https:\/\/www.miamedicalitalia.it\/pt\/wp-json\/wp\/v2\/posts\/13808\/revisions\/15240"}],"wp:featuredmedia":[{"embeddable":true,"href":"https:\/\/www.miamedicalitalia.it\/pt\/wp-json\/wp\/v2\/media\/13840"}],"wp:attachment":[{"href":"https:\/\/www.miamedicalitalia.it\/pt\/wp-json\/wp\/v2\/media?parent=13808"}],"wp:term":[{"taxonomy":"category","embeddable":true,"href":"https:\/\/www.miamedicalitalia.it\/pt\/wp-json\/wp\/v2\/categories?post=13808"},{"taxonomy":"post_tag","embeddable":true,"href":"https:\/\/www.miamedicalitalia.it\/pt\/wp-json\/wp\/v2\/tags?post=13808"}],"curies":[{"name":"wp","href":"https:\/\/api.w.org\/{rel}","templated":true}]}}