{"id":13131,"date":"2024-11-17T17:44:31","date_gmt":"2024-11-17T15:44:31","guid":{"rendered":"https:\/\/www.miamedicalitalia.it\/?p=13131"},"modified":"2024-11-17T23:44:13","modified_gmt":"2024-11-17T21:44:13","slug":"florence-accessible-travel-guide-the-citys-inclusive-attractions","status":"publish","type":"post","link":"https:\/\/www.miamedicalitalia.it\/pt\/florence-accessible-travel-guide-the-citys-inclusive-attractions\/","title":{"rendered":"Guia de viagem acess\u00edvel de Floren\u00e7a: as atrac\u00e7\u00f5es inclusivas da cidade\u00a0"},"content":{"rendered":"<p>Se alguma vez se interrogou sobre como experimentar a beleza intemporal da <strong>Floren\u00e7a sem barreiras<\/strong>tornar todos os locais emblem\u00e1ticos acess\u00edveis e agrad\u00e1veis, ent\u00e3o est\u00e1 no s\u00edtio certo! <br>Com um apoio abrangente, incluindo o aluguer de equipamento da Mia Medical para ajudar \u00e0 sua explora\u00e7\u00e3o, este Guia de Viagem Acess\u00edvel destaca as atrac\u00e7\u00f5es tur\u00edsticas acess\u00edveis imperd\u00edveis de Floren\u00e7a e dicas pr\u00e1ticas.&nbsp;<\/p>\n\n\n\n<figure class=\"wp-block-image size-full\"><img loading=\"lazy\" decoding=\"async\" width=\"1024\" height=\"855\" src=\"https:\/\/www.miamedicalitalia.it\/wp-content\/uploads\/2024\/11\/2Q.jpeg\" alt=\"\" class=\"wp-image-13135\" srcset=\"https:\/\/www.miamedicalitalia.it\/wp-content\/uploads\/2024\/11\/2Q.jpeg 1024w, https:\/\/www.miamedicalitalia.it\/wp-content\/uploads\/2024\/11\/2Q-14x12.jpeg 14w, https:\/\/www.miamedicalitalia.it\/wp-content\/uploads\/2024\/11\/2Q-500x417.jpeg 500w, https:\/\/www.miamedicalitalia.it\/wp-content\/uploads\/2024\/11\/2Q-700x584.jpeg 700w\" sizes=\"auto, (max-width: 1024px) 100vw, 1024px\" \/><\/figure>\n\n\n\n<h4 class=\"wp-block-heading\" id=\"h-florence-the-recognition-of-accessible-city\">Floren\u00e7a: o reconhecimento de Cidade Acess\u00edvel<\/h4>\n\n\n\n<p>Em 2021, Floren\u00e7a ganhou orgulhosamente o pr\u00e9mio <strong>Reconhecimento da Comiss\u00e3o Europeia como Cidade Acess\u00edvel<\/strong>celebrando os seus esfor\u00e7os para tornar os seus marcos hist\u00f3ricos, museus e centros culturais mais inclusivos para os visitantes de todos os n\u00edveis de mobilidade. Para os viajantes durante o Jubileu e para al\u00e9m dele, Floren\u00e7a continua a melhorar a sua acessibilidade, mantendo o seu encanto intemporal.&nbsp;<\/p>\n\n\n\n<p>Sem mais, vamos embarcar nesta viagem acess\u00edvel pelas ruas de Floren\u00e7a!<\/p>\n\n\n\n<h2 class=\"wp-block-heading\" id=\"h-1-the-uffizi-gallery-florence-accessible-travel-guide\">1. A Galeria Uffizi: Guia de Viagem Acess\u00edvel de Floren\u00e7a<\/h2>\n\n\n\n<p>Um dos museus de arte mais famosos do mundo, o <a href=\"https:\/\/www.uffizi.it\/en\/the-uffizi\">Uffizi<\/a> abriga obras de <a href=\"https:\/\/www.finestresullarte.info\/arte-base\/sandro-botticelli-rinascimento-vita-opere-stile\">Botticelli<\/a>, <a href=\"https:\/\/www.britannica.com\/biography\/Michelangelo\">Miguel \u00c2ngelo<\/a> e <a href=\"https:\/\/www.britannica.com\/biography\/Leonardo-da-Vinci\">Leonardo da Vinci<\/a>. Quer esteja a viajar para It\u00e1lia pela primeira vez ou seja um visitante apaixonado, The <strong>Galeria Uffizi<\/strong> acolhe obras-primas de alguns dos maiores artistas de todos os tempos, valendo definitivamente a pena para uma encantadora imers\u00e3o cultural.&nbsp;<\/p>\n\n\n\n<figure class=\"wp-block-image size-full is-resized\"><img loading=\"lazy\" decoding=\"async\" width=\"1024\" height=\"682\" src=\"https:\/\/www.miamedicalitalia.it\/wp-content\/uploads\/2024\/11\/IMG_2307.jpeg\" alt=\"\" class=\"wp-image-13136\" style=\"width:716px;height:auto\" srcset=\"https:\/\/www.miamedicalitalia.it\/wp-content\/uploads\/2024\/11\/IMG_2307.jpeg 1024w, https:\/\/www.miamedicalitalia.it\/wp-content\/uploads\/2024\/11\/IMG_2307-18x12.jpeg 18w, https:\/\/www.miamedicalitalia.it\/wp-content\/uploads\/2024\/11\/IMG_2307-500x333.jpeg 500w, https:\/\/www.miamedicalitalia.it\/wp-content\/uploads\/2024\/11\/IMG_2307-700x466.jpeg 700w\" sizes=\"auto, (max-width: 1024px) 100vw, 1024px\" \/><\/figure>\n\n\n\n<p>Carater\u00edsticas de acessibilidade para pessoas com defici\u00eancia&nbsp;<\/p>\n\n\n\n<ul class=\"wp-block-list\">\n<li>Acesso acess\u00edvel: <strong>cadeira de rodas<\/strong> e <strong>scooter de mobilidade<\/strong> acesso atrav\u00e9s de rampas na Via della Ninna. Aluguer <a href=\"https:\/\/www.miamedicalitalia.it\/pt\/categoria\/affitto-e-noleggio-ausili\/\">aqui<\/a> o seu pessoal!<\/li>\n\n\n\n<li>Elevadores que ligam todos os pisos.<\/li>\n\n\n\n<li>Casas de banho acess\u00edveis.<\/li>\n\n\n\n<li>Dispositivo acess\u00edvel para cadeiras de rodas e scooters el\u00e9ctricas.\u00a0<\/li>\n\n\n\n<li>Um percurso t\u00e1til com 14 esculturas com descri\u00e7\u00f5es em Braille para visitantes com defici\u00eancia visual.<\/li>\n\n\n\n<li>A cafetaria \u00e9 acess\u00edvel atrav\u00e9s de uma cadeira elevat\u00f3ria.<\/li>\n<\/ul>\n\n\n\n<p>Iniciativas especiais<\/p>\n\n\n\n<ul class=\"wp-block-list\">\n<li>Guias de v\u00eddeo em <strong>L\u00edngua gestual italiana <\/strong>(LIS) e ingl\u00eas.<\/li>\n\n\n\n<li><strong>Sacos de actividades Uffizi<\/strong> para visitantes com autismo (a reserva \u00e9 necess\u00e1ria com uma semana de anteced\u00eancia).<\/li>\n<\/ul>\n\n\n\n<p>Pre\u00e7o:<\/p>\n\n\n\n<ul class=\"wp-block-list\">\n<li>Desconto de acessibilidade: <strong>Entrada livre<\/strong> com visitantes com defici\u00eancia. e um acompanhante. N\u00e3o \u00e9 necess\u00e1rio reservar com anteced\u00eancia, no entanto, \u00e9 importante apresentar \u00e0 entrada o \"cart\u00e3o de deficiente\".<\/li>\n\n\n\n<li>Pre\u00e7os regulares de entrada: 25 euros para adultos; 2 euros para cidad\u00e3os da UE com idades compreendidas entre os 18 e os 25 anos; gratuito para menores de 18 anos.<\/li>\n<\/ul>\n\n\n\n<p>Informa\u00e7\u00f5es \u00fateis:<\/p>\n\n\n\n<ul class=\"wp-block-list\">\n<li><strong>Acesso priorit\u00e1rio<\/strong> para pessoas com defici\u00eancias certificadas.<\/li>\n\n\n\n<li><strong>Endere\u00e7o 1<\/strong>: <em>Via della Ninna<\/em>entre o Palazzo Vecchio e a Galeria Uffizi. Para ter acesso priorit\u00e1rio, dirija-se \u00e0 Porta 1. A\u00ed, o pessoal do museu oferece <strong>cadeiras de rodas normais<\/strong>sem necessidade de reserva, para quem precisar. No entanto, sugerimos que <a href=\"https:\/\/www.miamedicalitalia.it\/pt\/categoria\/affitto-e-noleggio-ausili\/affitto-e-noleggio-carrozzina\/?_gl=1*gnl1ok*_up*MQ..*_gs*MQ..&amp;gclid=Cj0KCQiAouG5BhDBARIsAOc08RR1jR0LxJTiKcjpxCWtT7v3NIxCC_I4xG7skbA5iGq94Si5ZbRmZXMaArK2EALw_wcB&amp;gbraid=0AAAAADmG2tN0VU59VnAcBkJWfE-5doxYA\">aluguer<\/a> o seu pessoal como forma de escolher o que melhor se adapta \u00e0s suas necessidades!<\/li>\n\n\n\n<li><strong>Endere\u00e7o 2<\/strong>Para os visitantes que utilizam <strong>cadeiras de rodas el\u00e9ctricas<\/strong> ou <strong><a href=\"https:\/\/www.miamedicalitalia.it\/pt\/categoria\/affitto-e-noleggio-ausili\/noleggio-e-affitto-carrozzina-elettrica-e-scooter\/?_gl=1*wsv2bz*_up*MQ..*_gs*MQ..&amp;gclid=Cj0KCQiAouG5BhDBARIsAOc08RR1jR0LxJTiKcjpxCWtT7v3NIxCC_I4xG7skbA5iGq94Si5ZbRmZXMaArK2EALw_wcB&amp;gbraid=0AAAAADmG2tN0VU59VnAcBkJWfE-5doxYA\">scooters de mobilidade<\/a><\/strong> a entrada \u00e9 a do <em>Audit\u00f3rio Vasari <\/em>em <em>Piazzale degli Uffizi, 50122<\/em>.<\/li>\n\n\n\n<li>S\u00edtio Web: est\u00e1 dispon\u00edvel um mapa com percursos recomendados com os respectivos tempos de \"viagem\" de um local para o outro.&nbsp;<\/li>\n\n\n\n<li>N\u00famero de telefone: +39 055 294883<\/li>\n<\/ul>\n\n\n\n<h2 class=\"wp-block-heading\" id=\"h-2-palazzo-pitti-and-the-boboli-gardens-discovering-florence-for-all\">2. Palazzo Pitti e Jardins de Boboli: Descobrir Floren\u00e7a para todos<\/h2>\n\n\n\n<p>O antigo pal\u00e1cio real de <strong><a href=\"https:\/\/www.uffizi.it\/palazzo-pitti\">Pal\u00e1cio Pitti<\/a><\/strong> alberga v\u00e1rios museus, incluindo o <a href=\"https:\/\/www.uffizi.it\/palazzo-pitti\/galleria-palatina\">Galeria Palatine<\/a> e o <a href=\"https:\/\/www.uffizi.it\/palazzo-pitti\/galleria-d-arte-moderna\">Galeria de arte moderna<\/a>com uma vasta <strong><a href=\"https:\/\/www.uffizi.it\/giardino-boboli\">Jardins de Boboli<\/a><\/strong> que misturam harmoniosamente a arte e a natureza, estes locais exibem a arte renascentista e barroca. Definitivamente, uma visita obrigat\u00f3ria para os apaixonados!<\/p>\n\n\n\n<figure class=\"wp-block-image size-full\"><img loading=\"lazy\" decoding=\"async\" width=\"702\" height=\"401\" src=\"https:\/\/www.miamedicalitalia.it\/wp-content\/uploads\/2024\/11\/IMG_2312.jpeg\" alt=\"\" class=\"wp-image-13138\" srcset=\"https:\/\/www.miamedicalitalia.it\/wp-content\/uploads\/2024\/11\/IMG_2312.jpeg 702w, https:\/\/www.miamedicalitalia.it\/wp-content\/uploads\/2024\/11\/IMG_2312-18x10.jpeg 18w, https:\/\/www.miamedicalitalia.it\/wp-content\/uploads\/2024\/11\/IMG_2312-500x286.jpeg 500w, https:\/\/www.miamedicalitalia.it\/wp-content\/uploads\/2024\/11\/IMG_2312-700x400.jpeg 700w\" sizes=\"auto, (max-width: 702px) 100vw, 702px\" \/><\/figure>\n\n\n\n<p>Carater\u00edsticas de acessibilidade para pessoas com defici\u00eancia&nbsp;<\/p>\n\n\n\n<ul class=\"wp-block-list\">\n<li>Caminhos de entrada inclinados acess\u00edveis e assist\u00eancia do pessoal do museu nas zonas mais \u00edngremes.<\/li>\n\n\n\n<li>Exposi\u00e7\u00f5es acess\u00edveis no r\u00e9s do ch\u00e3o e elevadores para os pisos superiores.<\/li>\n\n\n\n<li>Casas de banho e servi\u00e7os adaptados a visitantes com defici\u00eancia.&nbsp;<\/li>\n\n\n\n<li>Bebedouros acess\u00edveis.<\/li>\n<\/ul>\n\n\n\n<p>Aten\u00e7\u00e3o: alguns caminhos s\u00e3o \u00edngremes ou irregulares, sendo necess\u00e1rio um assistente para <strong>utilizadores de cadeiras de rodas<\/strong>. Alugue o seu <a href=\"https:\/\/www.miamedicalitalia.it\/pt\/categoria\/affitto-e-noleggio-ausili\/noleggio-e-affitto-carrozzina-elettrica-e-scooter\/\">trotinete el\u00e9ctrica<\/a> com anteced\u00eancia para se deslocar de forma aut\u00f3noma!<\/p>\n\n\n\n<p>Pre\u00e7os:<\/p>\n\n\n\n<ul class=\"wp-block-list\">\n<li>Desconto de acessibilidade: entrada gratuita para visitantes com defici\u00eancia certificada e um acompanhante.<\/li>\n\n\n\n<li>Taxas de admiss\u00e3o normais: bilhete combinado para todos os museus do Palazzo Pitti 22 \u20ac; taxa reduzida de 2 \u20ac para cidad\u00e3os da UE com idades compreendidas entre os 18 e os 25 anos. <\/li>\n<\/ul>\n\n\n\n<p>Informa\u00e7\u00f5es \u00fateis:<\/p>\n\n\n\n<ul class=\"wp-block-list\">\n<li>Endere\u00e7o: existem 4 entradas diferentes; as que recomendamos para os visitantes com dispositivos de mobilidade s\u00e3o as que se encontram em <em>Piazza Pitti 1<\/em>e o <em>Porta Romana<\/em> um.&nbsp;<\/li>\n\n\n\n<li><a href=\"https:\/\/www.uffizi.it\/palazzo-pitti\">S\u00edtio Web&nbsp;<\/a><\/li>\n\n\n\n<li>N\u00famero de telefone: +39 055 294883<\/li>\n<\/ul>\n\n\n\n<p>Servi\u00e7os adicionais<\/p>\n\n\n\n<p>Mapa especializado para <strong>cadeira de rodas<\/strong> e <strong>utilizadores de scooters de mobilidade<\/strong> \u00e9 fornecido, destacando rotas acess\u00edveis e pontos-chave. Aluguer <a href=\"https:\/\/www.miamedicalitalia.it\/pt\/categoria\/affitto-e-noleggio-ausili\/noleggio-e-affitto-carrozzina-elettrica-e-scooter\/\">aqui<\/a> a sua cadeira de rodas ou scooter el\u00e9ctrica com anteced\u00eancia, para que possa desfrutar da sua viagem sem preocupa\u00e7\u00f5es.&nbsp;<\/p>\n\n\n\n<h2 class=\"wp-block-heading\" id=\"h-3-the-santa-croce-basilica-florence-accessible-travel-guide\">3. A Bas\u00edlica de Santa Croce: Guia de Viagem Acess\u00edvel de Floren\u00e7a<\/h2>\n\n\n\n<p>Conhecido como o <strong>\"Templo das gl\u00f3rias italianas<\/strong>A bas\u00edlica \u00e9 o local de repouso de personalidades como <a href=\"https:\/\/www.britannica.com\/biography\/Michelangelo\">Miguel \u00c2ngelo<\/a>, <a href=\"https:\/\/www.focus.it\/cultura\/storia\/galileo-galilei-chi-era\">Galileu<\/a> e <a href=\"https:\/\/www.history.com\/topics\/renaissance\/machiavelli\">Maquiavel<\/a>.&nbsp;<\/p>\n\n\n\n<figure class=\"wp-block-image size-full is-resized\"><img loading=\"lazy\" decoding=\"async\" width=\"1600\" height=\"1074\" src=\"https:\/\/www.miamedicalitalia.it\/wp-content\/uploads\/2024\/11\/IMG_2315.jpeg\" alt=\"\" class=\"wp-image-13139\" style=\"width:679px;height:auto\" srcset=\"https:\/\/www.miamedicalitalia.it\/wp-content\/uploads\/2024\/11\/IMG_2315.jpeg 1600w, https:\/\/www.miamedicalitalia.it\/wp-content\/uploads\/2024\/11\/IMG_2315-1536x1031.jpeg 1536w, https:\/\/www.miamedicalitalia.it\/wp-content\/uploads\/2024\/11\/IMG_2315-18x12.jpeg 18w, https:\/\/www.miamedicalitalia.it\/wp-content\/uploads\/2024\/11\/IMG_2315-500x336.jpeg 500w, https:\/\/www.miamedicalitalia.it\/wp-content\/uploads\/2024\/11\/IMG_2315-700x470.jpeg 700w\" sizes=\"auto, (max-width: 1600px) 100vw, 1600px\" \/><\/figure>\n\n\n\n<p>Carater\u00edsticas de acessibilidade para pessoas com defici\u00eancia&nbsp;<\/p>\n\n\n\n<ul class=\"wp-block-list\">\n<li>Entrada acess\u00edvel: existem rampas e elevadores para aceder \u00e0 igreja, aos claustros e ao museu.<\/li>\n\n\n\n<li>Visitas t\u00e1cteis: dispon\u00edveis para visitantes com defici\u00eancia visual.<\/li>\n\n\n\n<li>Guias \u00e1udio.<\/li>\n\n\n\n<li>Estacionamento pr\u00f3ximo e \u00e1reas de descanso facilitam visitas prolongadas.<\/li>\n<\/ul>\n\n\n\n<p>Pre\u00e7os:<\/p>\n\n\n\n<ul class=\"wp-block-list\">\n<li>Desconto de acessibilidade: <strong>Entrada livre<\/strong> para pessoas com defici\u00eancias certificadas e um acompanhante.<\/li>\n\n\n\n<li>Pre\u00e7os normais de entrada: 8 euros para adultos e 6 euros para seniores e estudantes.<\/li>\n<\/ul>\n\n\n\n<p>Informa\u00e7\u00f5es \u00fateis<\/p>\n\n\n\n<ul class=\"wp-block-list\">\n<li>Endere\u00e7o: <em>Piazza Santa Croce 16, 50122<\/em><\/li>\n\n\n\n<li><a href=\"https:\/\/www.santacroceopera.it\/\">S\u00edtio Web<\/a><\/li>\n\n\n\n<li>booking@santacroceopera.it <\/li>\n\n\n\n<li>N\u00famero de telefone: +39 055 2466105<\/li>\n<\/ul>\n\n\n\n<h2 class=\"wp-block-heading\" id=\"h-4-the-accademia-gallery-exploring-florence-without-barriers\">4. A Galeria da Academia: Explorar Floren\u00e7a sem barreiras<\/h2>\n\n\n\n<p>Famosa pelo David de Miguel \u00c2ngelo, a <a href=\"https:\/\/www.galleriaaccademiafirenze.it\/\">galeria<\/a> tamb\u00e9m apresenta pinturas renascentistas e instrumentos musicais.<\/p>\n\n\n\n<figure class=\"wp-block-image size-full is-resized\"><img loading=\"lazy\" decoding=\"async\" width=\"1325\" height=\"885\" src=\"https:\/\/www.miamedicalitalia.it\/wp-content\/uploads\/2024\/11\/IMG_2317-1.jpeg\" alt=\"\" class=\"wp-image-13141\" style=\"width:657px;height:auto\" srcset=\"https:\/\/www.miamedicalitalia.it\/wp-content\/uploads\/2024\/11\/IMG_2317-1.jpeg 1325w, https:\/\/www.miamedicalitalia.it\/wp-content\/uploads\/2024\/11\/IMG_2317-1-18x12.jpeg 18w, https:\/\/www.miamedicalitalia.it\/wp-content\/uploads\/2024\/11\/IMG_2317-1-500x334.jpeg 500w, https:\/\/www.miamedicalitalia.it\/wp-content\/uploads\/2024\/11\/IMG_2317-1-700x468.jpeg 700w\" sizes=\"auto, (max-width: 1325px) 100vw, 1325px\" \/><\/figure>\n\n\n\n<p>Carater\u00edsticas de acessibilidade para pessoas com defici\u00eancia<\/p>\n\n\n\n<ul class=\"wp-block-list\">\n<li>Entrada acess\u00edvel: rampas que facilitam o acesso.<\/li>\n\n\n\n<li>Caminhos para <strong>cadeiras de rodas<\/strong> e <strong>trotinetas el\u00e9ctricas<\/strong> para o percorrer at\u00e9 ao fim. Alugue o seu <a href=\"https:\/\/www.miamedicalitalia.it\/pt\/categoria\/affitto-e-noleggio-ausili\/noleggio-e-affitto-carrozzina-elettrica-e-scooter\/\">aqui<\/a>!&nbsp;<\/li>\n\n\n\n<li>Elevadores para aceder confortavelmente a todos os pisos.<\/li>\n\n\n\n<li>Casas de banho espa\u00e7osas destinadas a utilizadores com mobilidade reduzida.<\/li>\n<\/ul>\n\n\n\n<p>Pre\u00e7os:<\/p>\n\n\n\n<ul class=\"wp-block-list\">\n<li>Desconto de acessibilidade: <strong>Entrada livre<\/strong> para pessoas com defici\u00eancias certificadas e um acompanhante.<\/li>\n\n\n\n<li>Taxas de entrada normais: 12 euros para adultos; 2 euros para cidad\u00e3os da UE com idades compreendidas entre os 18 e os 25 anos; gr\u00e1tis para crian\u00e7as com menos de 18 anos.&nbsp;<\/li>\n<\/ul>\n\n\n\n<p>Informa\u00e7\u00f5es \u00fateis:<\/p>\n\n\n\n<ul class=\"wp-block-list\">\n<li><strong>Entrada priorit\u00e1ria<\/strong> e servi\u00e7o de apoio<\/li>\n\n\n\n<li>Endere\u00e7o: <em>Via Ricasoli 60<\/em><\/li>\n\n\n\n<li><a href=\"https:\/\/www.galleriaaccademiafirenze.it\/\">S\u00edtio Web<\/a>&nbsp;<\/li>\n\n\n\n<li>N\u00famero de telefone: +39 055 0987100<\/li>\n<\/ul>\n\n\n\n<h2 class=\"wp-block-heading\" id=\"h-5-the-santa-maria-del-fiore-complex-florence-accessible-travel-guide\">5. O Complexo de Santa Maria del Fiore: Guia de Viagem Acess\u00edvel de Floren\u00e7a<\/h2>\n\n\n\n<p>A magn\u00edfica cidade de Floren\u00e7a <a href=\"https:\/\/duomo.firenze.it\/it\/scopri\/cattedrale-di-santa-maria-del-fiore\">catedral<\/a> e o seu Batist\u00e9rio e Museu adjacentes formam o cora\u00e7\u00e3o e o s\u00edmbolo da cidade. N\u00e3o se pode passar por Floren\u00e7a sem visitar o complexo do Duomo, e com <a href=\"https:\/\/www.miamedicalitalia.it\/pt\/categoria\/affitto-e-noleggio-ausili\/\">os nossos dispositivos<\/a> nunca foi t\u00e3o f\u00e1cil!<\/p>\n\n\n\n<figure class=\"wp-block-image size-full is-resized\"><img loading=\"lazy\" decoding=\"async\" width=\"702\" height=\"401\" src=\"https:\/\/www.miamedicalitalia.it\/wp-content\/uploads\/2024\/11\/IMG_2313.jpeg\" alt=\"\" class=\"wp-image-13137\" style=\"width:765px;height:auto\" srcset=\"https:\/\/www.miamedicalitalia.it\/wp-content\/uploads\/2024\/11\/IMG_2313.jpeg 702w, https:\/\/www.miamedicalitalia.it\/wp-content\/uploads\/2024\/11\/IMG_2313-18x10.jpeg 18w, https:\/\/www.miamedicalitalia.it\/wp-content\/uploads\/2024\/11\/IMG_2313-500x286.jpeg 500w, https:\/\/www.miamedicalitalia.it\/wp-content\/uploads\/2024\/11\/IMG_2313-700x400.jpeg 700w\" sizes=\"auto, (max-width: 702px) 100vw, 702px\" \/><\/figure>\n\n\n\n<p>Carater\u00edsticas de acessibilidade para pessoas com defici\u00eancia:<\/p>\n\n\n\n<ul class=\"wp-block-list\">\n<li>Entrada acess\u00edvel.&nbsp;<\/li>\n\n\n\n<li>Percursos acess\u00edveis tanto no Duomo como no Museu para <strong>utilizadores de ajudas \u00e0 mobilidade.<\/strong><\/li>\n\n\n\n<li>Exposi\u00e7\u00f5es t\u00e1cteis, como uma maqueta do complexo para os visitantes com defici\u00eancia visual.<\/li>\n<\/ul>\n\n\n\n<p>Aten\u00e7\u00e3o: O <strong>C\u00fapula de Brunelleschi<\/strong> e <strong>Campan\u00e1rio de Giotto<\/strong> s\u00e3o inacess\u00edveis para pessoas com mobilidade reduzida ou com dispositivos de mobilidade devido a escadas \u00edngremes.&nbsp;<\/p>\n\n\n\n<p>Pre\u00e7os:&nbsp;<\/p>\n\n\n\n<ul class=\"wp-block-list\">\n<li>Desconto de acessibilidade: <strong>Entrada livre<\/strong> para pessoas com defici\u00eancias certificadas e um acompanhante,<\/li>\n\n\n\n<li>Taxas de entrada normais: 20 euros para um bilhete completo para todas as atrac\u00e7\u00f5es. Entrada gratuita para visitantes com defici\u00eancia e seus acompanhantes.<\/li>\n<\/ul>\n\n\n\n<p>Informa\u00e7\u00f5es \u00fateis<\/p>\n\n\n\n<ul class=\"wp-block-list\">\n<li>Assist\u00eancia do pessoal dispon\u00edvel para navegar nas \u00e1reas e Entrada Priorit\u00e1ria<\/li>\n\n\n\n<li>Endere\u00e7o: <em>Via della Canonica 1, 50122<\/em><\/li>\n\n\n\n<li><a href=\"https:\/\/duomo.firenze.it\/it\/scopri\/cattedrale-di-santa-maria-del-fiore\">S\u00edtio Web<\/a>&nbsp;<\/li>\n\n\n\n<li>N\u00famero de telefone: +39 055 2645789<\/li>\n\n\n\n<li>Correio eletr\u00f3nico: help@duomo.firenze.it <\/li>\n<\/ul>\n\n\n\n<h2 class=\"wp-block-heading\" id=\"h-6-the-galileo-museum-accessibility-friendly-florence\">6. Museu Galileu: uma Floren\u00e7a acess\u00edvel <\/h2>\n\n\n\n<figure class=\"wp-block-image size-full is-resized\"><img loading=\"lazy\" decoding=\"async\" width=\"940\" height=\"628\" src=\"https:\/\/www.miamedicalitalia.it\/wp-content\/uploads\/2024\/11\/IMG_2319.webp\" alt=\"\" class=\"wp-image-13142\" style=\"width:667px;height:auto\"\/><\/figure>\n\n\n\n<p>Este <a href=\"https:\/\/www.museogalileo.it\/it\/\">museu<\/a> celebra a hist\u00f3ria da ci\u00eancia, mostrando os instrumentos e as descobertas de Galileu e dos seus contempor\u00e2neos.&nbsp;<\/p>\n\n\n\n<p>Carater\u00edsticas de acessibilidade para pessoas com defici\u00eancia&nbsp;<\/p>\n\n\n\n<ul class=\"wp-block-list\">\n<li>Entrada acess\u00edvel atrav\u00e9s de rampas<\/li>\n\n\n\n<li>Caminhos acess\u00edveis para utilizadores de dispositivos de mobilidade&nbsp;<\/li>\n\n\n\n<li>Elevadores e cadeiras elevat\u00f3rias que ligam um andar ao outro<\/li>\n\n\n\n<li>Exposi\u00e7\u00f5es interactivas com um percurso t\u00e1til e guias em Braille&nbsp;<\/li>\n<\/ul>\n\n\n\n<p>Pre\u00e7os:<\/p>\n\n\n\n<ul class=\"wp-block-list\">\n<li>Desconto de acessibilidade: <strong>Entrada livre<\/strong> para pessoas com defici\u00eancias certificadas e um acompanhante<\/li>\n\n\n\n<li>Pre\u00e7os regulares de entrada: 10 euros para adultos; 6 euros para crian\u00e7as e estudantes&nbsp;<\/li>\n<\/ul>\n\n\n\n<p>Informa\u00e7\u00f5es \u00fateis:<\/p>\n\n\n\n<ul class=\"wp-block-list\">\n<li>Podem ser organizadas visitas guiadas<\/li>\n\n\n\n<li>Endere\u00e7o: <em>Piazza dei Giudici 1<\/em>. No entanto, os visitantes com defici\u00eancia podem aceder ao museu atrav\u00e9s da entrada em <em>Lungarno Anna Maria Luisa de Medici 2<\/em>pedir apoio telef\u00f3nico de um membro do pessoal atrav\u00e9s da porta.<\/li>\n\n\n\n<li><a href=\"https:\/\/www.museogalileo.it\/it\/\">S\u00edtio Web<\/a>&nbsp;<\/li>\n\n\n\n<li>N\u00famero de telefone: +39 055 265311<\/li>\n<\/ul>\n\n\n\n<h2 class=\"wp-block-heading\" id=\"h-7-the-palazzo-vecchio-museum-exploring-florence-without-barriers\">7. O Museu do Palazzo Vecchio: Explorar Floren\u00e7a sem barreiras<\/h2>\n\n\n\n<p>O centro hist\u00f3rico de Floren\u00e7a <a href=\"https:\/\/cultura.comune.fi.it\/pagina\/musei-civici-fiorentini\/museo-di-palazzo-vecchio\">c\u00e2mara municipal<\/a> oferece uma vis\u00e3o simultaneamente pol\u00edtica e art\u00edstica, perfeita para os apaixonados pelo tema, mas tamb\u00e9m para aqueles que desejam embarcar numa viagem cultural enriquecedora. O Palazzo Vecchio \u00e9 o s\u00edmbolo da cidade de Floren\u00e7a h\u00e1 mais de setecentos anos, albergando testemunhos extraordin\u00e1rios de todos os marcos hist\u00f3ricos e art\u00edsticos.  <\/p>\n\n\n\n<figure class=\"wp-block-image size-full is-resized\"><img loading=\"lazy\" decoding=\"async\" width=\"1401\" height=\"1001\" src=\"https:\/\/www.miamedicalitalia.it\/wp-content\/uploads\/2024\/11\/IMG_2320-1.jpeg\" alt=\"\" class=\"wp-image-13145\" style=\"width:693px;height:auto\" srcset=\"https:\/\/www.miamedicalitalia.it\/wp-content\/uploads\/2024\/11\/IMG_2320-1.jpeg 1401w, https:\/\/www.miamedicalitalia.it\/wp-content\/uploads\/2024\/11\/IMG_2320-1-18x12.jpeg 18w, https:\/\/www.miamedicalitalia.it\/wp-content\/uploads\/2024\/11\/IMG_2320-1-500x357.jpeg 500w, https:\/\/www.miamedicalitalia.it\/wp-content\/uploads\/2024\/11\/IMG_2320-1-700x500.jpeg 700w\" sizes=\"auto, (max-width: 1401px) 100vw, 1401px\" \/><\/figure>\n\n\n\n<p>Carater\u00edsticas de acessibilidade para pessoas com defici\u00eancia&nbsp;<\/p>\n\n\n\n<ul class=\"wp-block-list\">\n<li>As rampas permitem um acesso acess\u00edvel<\/li>\n\n\n\n<li>Os percursos adaptados a cadeiras de rodas est\u00e3o assinalados&nbsp;<\/li>\n\n\n\n<li>Os elevadores ligam as diferentes \u00e1reas de exposi\u00e7\u00e3o<\/li>\n<\/ul>\n\n\n\n<p>Pre\u00e7os:<\/p>\n\n\n\n<ul class=\"wp-block-list\">\n<li>Desconto de acessibilidade: <strong>Entrada livre<\/strong> para pessoas com defici\u00eancias certificadas e um acompanhante<\/li>\n\n\n\n<li>Taxas de entrada normais: 10 euros para adultos; 8 euros para estudantes universit\u00e1rios dos 18 aos 25 anos; gratuito para menores de 18 anos<\/li>\n<\/ul>\n\n\n\n<p>Informa\u00e7\u00f5es \u00fateis:<\/p>\n\n\n\n<ul class=\"wp-block-list\">\n<li>O pessoal de apoio est\u00e1 dispon\u00edvel para ajudar a navegar em \u00e1reas mais complexas<\/li>\n\n\n\n<li>Endere\u00e7o:&nbsp;<em>Piazza della Signoria, 50122<\/em><\/li>\n\n\n\n<li><a href=\"https:\/\/www.google.com\/search?q=palazzo+vecchio&amp;client=safari&amp;sca_esv=d29dcacd0903cf12&amp;hl=en-it&amp;sxsrf=ADLYWIIgSesz00f_zvKObq9ybdY052zyYQ%3A1731758881241&amp;ei=IYs4Z72dDqmN9u8PvveY4Qc&amp;gs_ssp=eJzj4tTP1TcwMTEriTdgtFI1qDA0Nko0NTEwSDU1t7A0TrO0MqhINUk1MkpKNTc1STYDipp78Rck5iRWVeUrlKUmJ2dk5gMATIATBg&amp;oq=pala&amp;gs_lp=Egxnd3Mtd2l6LXNlcnAiBHBhbGEqAggCMgQQIxgnMhEQLhiABBiRAhjHARiKBRivATIQEC4YgAQYQxjHARiKBRivATILEAAYgAQYkQIYigUyChAAGIAEGEMYigUyDhAuGIAEGMcBGI4FGK8BMg4QLhiABBjHARiOBRivATIFEC4YgAQyCxAuGIAEGMcBGK8BMgUQABiABEifLVDoFViMG3ACeACQAQCYAY4BoAGKBKoBAzAuNLgBAcgBAPgBAZgCBqAC3QSoAg3CAg4QABiABBiwAxiGAxiKBcICCxAAGIAEGLADGKIEwgIHECMYJxjqAsICGhAuGIAEGJECGLQCGMcBGIoFGOoCGK8B2AEBwgIUEAAYgAQYkQIYtAIYigUY6gLYAQHCAgsQLhiABBjRAxjHAcICIBAuGIAEGJECGMcBGIoFGK8BGJcFGNwEGN4EGOAE2AEBwgILEC4YgAQYkQIYigWYAw6IBgGQBgW6BgYIARABGAGSBwMyLjSgB_pa&amp;sclient=gws-wiz-serp\">S\u00edtio Web<\/a>&nbsp;<\/li>\n\n\n\n<li>N\u00famero de telefone: +39 055 2768325<\/li>\n<\/ul>\n\n\n\n<h2 class=\"wp-block-heading\" id=\"h-practical-tips-florence-accessible-travel-guide\">Dicas pr\u00e1ticas: Guia de viagem acess\u00edvel a Floren\u00e7a<\/h2>\n\n\n\n<ol class=\"wp-block-list\">\n<li><strong>Planear com anteced\u00eancia<\/strong>Contacte os locais com anteced\u00eancia para confirmar as carater\u00edsticas de acessibilidade e organizar os servi\u00e7os de apoio.<\/li>\n\n\n\n<li><strong>Aluguer de equipamento Leverage<\/strong>: <strong><a href=\"https:\/\/www.miamedicalitalia.it\/pt\/categoria\/affitto-e-noleggio-ausili\/\">Mia Medical<\/a><\/strong> oferece uma gama de auxiliares de mobilidade, desde <strong>cadeiras de rodas<\/strong> para <strong>trotinetas el\u00e9ctricas<\/strong>para uma experi\u00eancia sem complica\u00e7\u00f5es.<\/li>\n\n\n\n<li><strong>Utilizar recursos locais<\/strong>Floren\u00e7a <a href=\"https:\/\/www.feelflorence.it\/en\/node\/11322\">gabinete de acessibilidade<\/a> pode fornecer conselhos personalizados para navegar nos locais hist\u00f3ricos da cidade.<\/li>\n<\/ol>\n\n\n\n<h2 class=\"wp-block-heading\" id=\"h-conclusion\">Conclus\u00e3o: <\/h2>\n\n\n\n<p>Floren\u00e7a n\u00e3o \u00e9 apenas uma cidade de hist\u00f3ria e beleza, mas tamb\u00e9m um farol de acessibilidade. Como uma <strong>Cidade Acess\u00edvel<\/strong>O Museu de Arte Contempor\u00e2nea de Lisboa, que oferece experi\u00eancias inclusivas a todos os viajantes, assegura que a sua arte, arquitetura e cultura est\u00e3o ao alcance de todos. Com o apoio de <strong><a href=\"https:\/\/www.miamedicalitalia.it\/pt\/\">servi\u00e7os de aluguer de equipamento<\/a><\/strong> como o nosso, os visitantes podem concentrar-se em apreciar os tesouros de Floren\u00e7a, um passo, ou uma roda, de cada vez.<\/p>\n\n\n\n<p>Se vem a It\u00e1lia para a <strong>Jubileu<\/strong>Se tenciona aproveitar ao m\u00e1ximo a sua estadia aqui, organizando uma viagem pelo pa\u00eds, saiba que temos dois pontos de recolha\/entrega, tanto em Roma como em Floren\u00e7a. <strong>Venha buscar o seu aparelho e traga-o de volta para n\u00f3s para reduzir os custos de entrega do seu aluguer<\/strong>! E n\u00e3o se esque\u00e7a de subscrever a nossa <a href=\"https:\/\/www.miamedicalitalia.it\/pt\/contatti\/\">boletim informativo<\/a> para n\u00e3o perder nenhum conselho sobre viagens acess\u00edveis em It\u00e1lia.  <\/p>","protected":false},"excerpt":{"rendered":"<p>If you have ever wondered how to experience the timeless beauty of [&hellip;]<\/p>\n","protected":false},"author":809,"featured_media":13154,"comment_status":"closed","ping_status":"closed","sticky":false,"template":"","format":"standard","meta":{"_acf_changed":false,"footnotes":""},"categories":[183,200],"tags":[318,341,350,328,348,345,325,331,349,347,326,344,327],"class_list":["post-13131","post","type-post","status-publish","format-standard","has-post-thumbnail","hentry","category-articoli-anziani","category-articoli-turismo-accessibile","tag-318","tag-accessible-tourism","tag-disabilities","tag-electric-scooter","tag-florence","tag-foldable-electric-scooter","tag-holy-year","tag-jubilee","tag-mobility-aid","tag-museum","tag-tourism","tag-travel","tag-wheelchair"],"acf":[],"yoast_head":"<!-- This site is optimized with the Yoast SEO Premium plugin v27.5 (Yoast SEO v27.5) - https:\/\/yoast.com\/product\/yoast-seo-premium-wordpress\/ -->\n<title>Florence Accessible Travel Guide: the City\u2019s Inclusive Attractions\u00a0 - Mia Medical<\/title>\n<meta name=\"description\" content=\"Florence Accessible Travel Guide to the city\u2019s inclusive attractions for an experience without barriers with Mia Medical Devices!\" \/>\n<meta name=\"robots\" content=\"index, follow, max-snippet:-1, max-image-preview:large, max-video-preview:-1\" \/>\n<link rel=\"canonical\" href=\"https:\/\/www.miamedicalitalia.it\/pt\/florence-accessible-travel-guide-the-citys-inclusive-attractions\/\" \/>\n<meta property=\"og:locale\" content=\"pt_PT\" \/>\n<meta property=\"og:type\" content=\"article\" \/>\n<meta property=\"og:title\" content=\"Florence Accessible Travel Guide: the City\u2019s Inclusive Attractions\u00a0 - Mia Medical\" \/>\n<meta property=\"og:description\" content=\"Florence Accessible Travel Guide to the city\u2019s inclusive attractions for an experience without barriers with Mia Medical Devices!\" \/>\n<meta property=\"og:url\" content=\"https:\/\/www.miamedicalitalia.it\/pt\/florence-accessible-travel-guide-the-citys-inclusive-attractions\/\" \/>\n<meta property=\"og:site_name\" content=\"Mia Medical\" \/>\n<meta property=\"article:publisher\" content=\"https:\/\/www.facebook.com\/miamedicalitalia\" \/>\n<meta property=\"article:published_time\" content=\"2024-11-17T15:44:31+00:00\" \/>\n<meta property=\"article:modified_time\" content=\"2024-11-17T21:44:13+00:00\" \/>\n<meta property=\"og:image\" content=\"https:\/\/www.miamedicalitalia.it\/wp-content\/uploads\/2024\/11\/2Q.jpg\" \/>\n\t<meta property=\"og:image:width\" content=\"1024\" \/>\n\t<meta property=\"og:image:height\" content=\"1024\" \/>\n\t<meta property=\"og:image:type\" content=\"image\/jpeg\" \/>\n<meta name=\"author\" content=\"Anna Norante\" \/>\n<meta name=\"twitter:card\" content=\"summary_large_image\" \/>\n<meta name=\"twitter:label1\" content=\"Escrito por\" \/>\n\t<meta name=\"twitter:data1\" content=\"Anna Norante\" \/>\n\t<meta name=\"twitter:label2\" content=\"Tempo estimado de leitura\" \/>\n\t<meta name=\"twitter:data2\" content=\"7 minutos\" \/>\n<script type=\"application\/ld+json\" class=\"yoast-schema-graph\">{\"@context\":\"https:\\\/\\\/schema.org\",\"@graph\":[{\"@type\":\"Article\",\"@id\":\"https:\\\/\\\/www.miamedicalitalia.it\\\/florence-accessible-travel-guide-the-citys-inclusive-attractions\\\/#article\",\"isPartOf\":{\"@id\":\"https:\\\/\\\/www.miamedicalitalia.it\\\/florence-accessible-travel-guide-the-citys-inclusive-attractions\\\/\"},\"author\":{\"name\":\"Anna Norante\",\"@id\":\"https:\\\/\\\/www.miamedicalitalia.it\\\/#\\\/schema\\\/person\\\/04a65f5cdcc128d65095be90c183f35a\"},\"headline\":\"Florence Accessible Travel Guide: the City\u2019s Inclusive Attractions\u00a0\",\"datePublished\":\"2024-11-17T15:44:31+00:00\",\"dateModified\":\"2024-11-17T21:44:13+00:00\",\"mainEntityOfPage\":{\"@id\":\"https:\\\/\\\/www.miamedicalitalia.it\\\/florence-accessible-travel-guide-the-citys-inclusive-attractions\\\/\"},\"wordCount\":1494,\"publisher\":{\"@id\":\"https:\\\/\\\/www.miamedicalitalia.it\\\/#organization\"},\"image\":{\"@id\":\"https:\\\/\\\/www.miamedicalitalia.it\\\/florence-accessible-travel-guide-the-citys-inclusive-attractions\\\/#primaryimage\"},\"thumbnailUrl\":\"https:\\\/\\\/www.miamedicalitalia.it\\\/wp-content\\\/uploads\\\/2024\\\/11\\\/2Q.jpg\",\"keywords\":[\"2025\",\"Accessible Tourism\",\"disabilities\",\"electric scooter\",\"florence\",\"Foldable Electric Scooter\",\"Holy year\",\"jubilee\",\"Mobility Aid\",\"museum\",\"tourism\",\"travel\",\"wheelchair\"],\"articleSection\":[\"Anziani\",\"Turismo accessibile\"],\"inLanguage\":\"pt-PT\"},{\"@type\":\"WebPage\",\"@id\":\"https:\\\/\\\/www.miamedicalitalia.it\\\/florence-accessible-travel-guide-the-citys-inclusive-attractions\\\/\",\"url\":\"https:\\\/\\\/www.miamedicalitalia.it\\\/florence-accessible-travel-guide-the-citys-inclusive-attractions\\\/\",\"name\":\"Florence Accessible Travel Guide: the City\u2019s Inclusive Attractions\u00a0 - Mia Medical\",\"isPartOf\":{\"@id\":\"https:\\\/\\\/www.miamedicalitalia.it\\\/#website\"},\"primaryImageOfPage\":{\"@id\":\"https:\\\/\\\/www.miamedicalitalia.it\\\/florence-accessible-travel-guide-the-citys-inclusive-attractions\\\/#primaryimage\"},\"image\":{\"@id\":\"https:\\\/\\\/www.miamedicalitalia.it\\\/florence-accessible-travel-guide-the-citys-inclusive-attractions\\\/#primaryimage\"},\"thumbnailUrl\":\"https:\\\/\\\/www.miamedicalitalia.it\\\/wp-content\\\/uploads\\\/2024\\\/11\\\/2Q.jpg\",\"datePublished\":\"2024-11-17T15:44:31+00:00\",\"dateModified\":\"2024-11-17T21:44:13+00:00\",\"description\":\"Florence Accessible Travel Guide to the city\u2019s inclusive attractions for an experience without barriers with Mia Medical Devices!\",\"breadcrumb\":{\"@id\":\"https:\\\/\\\/www.miamedicalitalia.it\\\/florence-accessible-travel-guide-the-citys-inclusive-attractions\\\/#breadcrumb\"},\"inLanguage\":\"pt-PT\",\"potentialAction\":[{\"@type\":\"ReadAction\",\"target\":[\"https:\\\/\\\/www.miamedicalitalia.it\\\/florence-accessible-travel-guide-the-citys-inclusive-attractions\\\/\"]}]},{\"@type\":\"ImageObject\",\"inLanguage\":\"pt-PT\",\"@id\":\"https:\\\/\\\/www.miamedicalitalia.it\\\/florence-accessible-travel-guide-the-citys-inclusive-attractions\\\/#primaryimage\",\"url\":\"https:\\\/\\\/www.miamedicalitalia.it\\\/wp-content\\\/uploads\\\/2024\\\/11\\\/2Q.jpg\",\"contentUrl\":\"https:\\\/\\\/www.miamedicalitalia.it\\\/wp-content\\\/uploads\\\/2024\\\/11\\\/2Q.jpg\",\"width\":1024,\"height\":1024},{\"@type\":\"BreadcrumbList\",\"@id\":\"https:\\\/\\\/www.miamedicalitalia.it\\\/florence-accessible-travel-guide-the-citys-inclusive-attractions\\\/#breadcrumb\",\"itemListElement\":[{\"@type\":\"ListItem\",\"position\":1,\"name\":\"Home\",\"item\":\"https:\\\/\\\/www.miamedicalitalia.it\\\/\"},{\"@type\":\"ListItem\",\"position\":2,\"name\":\"Florence Accessible Travel Guide: the City\u2019s Inclusive Attractions\u00a0\"}]},{\"@type\":\"WebSite\",\"@id\":\"https:\\\/\\\/www.miamedicalitalia.it\\\/#website\",\"url\":\"https:\\\/\\\/www.miamedicalitalia.it\\\/\",\"name\":\"www.miamedicalitalia.it\",\"description\":\"Noleggio e Vendita Attrezzatura Sanitarie\",\"publisher\":{\"@id\":\"https:\\\/\\\/www.miamedicalitalia.it\\\/#organization\"},\"potentialAction\":[{\"@type\":\"SearchAction\",\"target\":{\"@type\":\"EntryPoint\",\"urlTemplate\":\"https:\\\/\\\/www.miamedicalitalia.it\\\/?s={search_term_string}\"},\"query-input\":{\"@type\":\"PropertyValueSpecification\",\"valueRequired\":true,\"valueName\":\"search_term_string\"}}],\"inLanguage\":\"pt-PT\"},{\"@type\":\"Organization\",\"@id\":\"https:\\\/\\\/www.miamedicalitalia.it\\\/#organization\",\"name\":\"OLG\",\"url\":\"https:\\\/\\\/www.miamedicalitalia.it\\\/\",\"logo\":{\"@type\":\"ImageObject\",\"inLanguage\":\"pt-PT\",\"@id\":\"https:\\\/\\\/www.miamedicalitalia.it\\\/#\\\/schema\\\/logo\\\/image\\\/\",\"url\":\"https:\\\/\\\/www.miamedicalitalia.it\\\/wp-content\\\/uploads\\\/2023\\\/04\\\/mia-medical-logo-free.png\",\"contentUrl\":\"https:\\\/\\\/www.miamedicalitalia.it\\\/wp-content\\\/uploads\\\/2023\\\/04\\\/mia-medical-logo-free.png\",\"width\":700,\"height\":700,\"caption\":\"OLG\"},\"image\":{\"@id\":\"https:\\\/\\\/www.miamedicalitalia.it\\\/#\\\/schema\\\/logo\\\/image\\\/\"},\"sameAs\":[\"https:\\\/\\\/www.facebook.com\\\/miamedicalitalia\"]},{\"@type\":\"Person\",\"@id\":\"https:\\\/\\\/www.miamedicalitalia.it\\\/#\\\/schema\\\/person\\\/04a65f5cdcc128d65095be90c183f35a\",\"name\":\"Anna Norante\",\"image\":{\"@type\":\"ImageObject\",\"inLanguage\":\"pt-PT\",\"@id\":\"https:\\\/\\\/secure.gravatar.com\\\/avatar\\\/f0be0e99d2a735522752a5fe34e6262c835130f0de176393ad559698341f2d55?s=96&d=mm&r=g\",\"url\":\"https:\\\/\\\/secure.gravatar.com\\\/avatar\\\/f0be0e99d2a735522752a5fe34e6262c835130f0de176393ad559698341f2d55?s=96&d=mm&r=g\",\"contentUrl\":\"https:\\\/\\\/secure.gravatar.com\\\/avatar\\\/f0be0e99d2a735522752a5fe34e6262c835130f0de176393ad559698341f2d55?s=96&d=mm&r=g\",\"caption\":\"Anna Norante\"}}]}<\/script>\n<!-- \/ Yoast SEO Premium plugin. -->","yoast_head_json":{"title":"Guia de viagem acess\u00edvel de Floren\u00e7a: as atrac\u00e7\u00f5es inclusivas da cidade - Mia Medical","description":"Guia de Viagem Acess\u00edvel de Floren\u00e7a para as atrac\u00e7\u00f5es inclusivas da cidade para uma experi\u00eancia sem barreiras com Mia Medical Devices!","robots":{"index":"index","follow":"follow","max-snippet":"max-snippet:-1","max-image-preview":"max-image-preview:large","max-video-preview":"max-video-preview:-1"},"canonical":"https:\/\/www.miamedicalitalia.it\/pt\/florence-accessible-travel-guide-the-citys-inclusive-attractions\/","og_locale":"pt_PT","og_type":"article","og_title":"Florence Accessible Travel Guide: the City\u2019s Inclusive Attractions\u00a0 - Mia Medical","og_description":"Florence Accessible Travel Guide to the city\u2019s inclusive attractions for an experience without barriers with Mia Medical Devices!","og_url":"https:\/\/www.miamedicalitalia.it\/pt\/florence-accessible-travel-guide-the-citys-inclusive-attractions\/","og_site_name":"Mia Medical","article_publisher":"https:\/\/www.facebook.com\/miamedicalitalia","article_published_time":"2024-11-17T15:44:31+00:00","article_modified_time":"2024-11-17T21:44:13+00:00","og_image":[{"width":1024,"height":1024,"url":"https:\/\/www.miamedicalitalia.it\/wp-content\/uploads\/2024\/11\/2Q.jpg","type":"image\/jpeg"}],"author":"Anna Norante","twitter_card":"summary_large_image","twitter_misc":{"Escrito por":"Anna Norante","Tempo estimado de leitura":"7 minutos"},"schema":{"@context":"https:\/\/schema.org","@graph":[{"@type":"Article","@id":"https:\/\/www.miamedicalitalia.it\/florence-accessible-travel-guide-the-citys-inclusive-attractions\/#article","isPartOf":{"@id":"https:\/\/www.miamedicalitalia.it\/florence-accessible-travel-guide-the-citys-inclusive-attractions\/"},"author":{"name":"Anna Norante","@id":"https:\/\/www.miamedicalitalia.it\/#\/schema\/person\/04a65f5cdcc128d65095be90c183f35a"},"headline":"Florence Accessible Travel Guide: the City\u2019s Inclusive Attractions\u00a0","datePublished":"2024-11-17T15:44:31+00:00","dateModified":"2024-11-17T21:44:13+00:00","mainEntityOfPage":{"@id":"https:\/\/www.miamedicalitalia.it\/florence-accessible-travel-guide-the-citys-inclusive-attractions\/"},"wordCount":1494,"publisher":{"@id":"https:\/\/www.miamedicalitalia.it\/#organization"},"image":{"@id":"https:\/\/www.miamedicalitalia.it\/florence-accessible-travel-guide-the-citys-inclusive-attractions\/#primaryimage"},"thumbnailUrl":"https:\/\/www.miamedicalitalia.it\/wp-content\/uploads\/2024\/11\/2Q.jpg","keywords":["2025","Accessible Tourism","disabilities","electric scooter","florence","Foldable Electric Scooter","Holy year","jubilee","Mobility Aid","museum","tourism","travel","wheelchair"],"articleSection":["Anziani","Turismo accessibile"],"inLanguage":"pt-PT"},{"@type":"WebPage","@id":"https:\/\/www.miamedicalitalia.it\/florence-accessible-travel-guide-the-citys-inclusive-attractions\/","url":"https:\/\/www.miamedicalitalia.it\/florence-accessible-travel-guide-the-citys-inclusive-attractions\/","name":"Guia de viagem acess\u00edvel de Floren\u00e7a: as atrac\u00e7\u00f5es inclusivas da cidade - Mia Medical","isPartOf":{"@id":"https:\/\/www.miamedicalitalia.it\/#website"},"primaryImageOfPage":{"@id":"https:\/\/www.miamedicalitalia.it\/florence-accessible-travel-guide-the-citys-inclusive-attractions\/#primaryimage"},"image":{"@id":"https:\/\/www.miamedicalitalia.it\/florence-accessible-travel-guide-the-citys-inclusive-attractions\/#primaryimage"},"thumbnailUrl":"https:\/\/www.miamedicalitalia.it\/wp-content\/uploads\/2024\/11\/2Q.jpg","datePublished":"2024-11-17T15:44:31+00:00","dateModified":"2024-11-17T21:44:13+00:00","description":"Guia de Viagem Acess\u00edvel de Floren\u00e7a para as atrac\u00e7\u00f5es inclusivas da cidade para uma experi\u00eancia sem barreiras com Mia Medical Devices!","breadcrumb":{"@id":"https:\/\/www.miamedicalitalia.it\/florence-accessible-travel-guide-the-citys-inclusive-attractions\/#breadcrumb"},"inLanguage":"pt-PT","potentialAction":[{"@type":"ReadAction","target":["https:\/\/www.miamedicalitalia.it\/florence-accessible-travel-guide-the-citys-inclusive-attractions\/"]}]},{"@type":"ImageObject","inLanguage":"pt-PT","@id":"https:\/\/www.miamedicalitalia.it\/florence-accessible-travel-guide-the-citys-inclusive-attractions\/#primaryimage","url":"https:\/\/www.miamedicalitalia.it\/wp-content\/uploads\/2024\/11\/2Q.jpg","contentUrl":"https:\/\/www.miamedicalitalia.it\/wp-content\/uploads\/2024\/11\/2Q.jpg","width":1024,"height":1024},{"@type":"BreadcrumbList","@id":"https:\/\/www.miamedicalitalia.it\/florence-accessible-travel-guide-the-citys-inclusive-attractions\/#breadcrumb","itemListElement":[{"@type":"ListItem","position":1,"name":"Home","item":"https:\/\/www.miamedicalitalia.it\/"},{"@type":"ListItem","position":2,"name":"Florence Accessible Travel Guide: the City\u2019s Inclusive Attractions\u00a0"}]},{"@type":"WebSite","@id":"https:\/\/www.miamedicalitalia.it\/#website","url":"https:\/\/www.miamedicalitalia.it\/","name":"www.miamedicalitalia.it","description":"Aluguer e venda de equipamento sanit\u00e1rio","publisher":{"@id":"https:\/\/www.miamedicalitalia.it\/#organization"},"potentialAction":[{"@type":"SearchAction","target":{"@type":"EntryPoint","urlTemplate":"https:\/\/www.miamedicalitalia.it\/?s={search_term_string}"},"query-input":{"@type":"PropertyValueSpecification","valueRequired":true,"valueName":"search_term_string"}}],"inLanguage":"pt-PT"},{"@type":"Organization","@id":"https:\/\/www.miamedicalitalia.it\/#organization","name":"OLG","url":"https:\/\/www.miamedicalitalia.it\/","logo":{"@type":"ImageObject","inLanguage":"pt-PT","@id":"https:\/\/www.miamedicalitalia.it\/#\/schema\/logo\/image\/","url":"https:\/\/www.miamedicalitalia.it\/wp-content\/uploads\/2023\/04\/mia-medical-logo-free.png","contentUrl":"https:\/\/www.miamedicalitalia.it\/wp-content\/uploads\/2023\/04\/mia-medical-logo-free.png","width":700,"height":700,"caption":"OLG"},"image":{"@id":"https:\/\/www.miamedicalitalia.it\/#\/schema\/logo\/image\/"},"sameAs":["https:\/\/www.facebook.com\/miamedicalitalia"]},{"@type":"Person","@id":"https:\/\/www.miamedicalitalia.it\/#\/schema\/person\/04a65f5cdcc128d65095be90c183f35a","name":"Anna Norante","image":{"@type":"ImageObject","inLanguage":"pt-PT","@id":"https:\/\/secure.gravatar.com\/avatar\/f0be0e99d2a735522752a5fe34e6262c835130f0de176393ad559698341f2d55?s=96&d=mm&r=g","url":"https:\/\/secure.gravatar.com\/avatar\/f0be0e99d2a735522752a5fe34e6262c835130f0de176393ad559698341f2d55?s=96&d=mm&r=g","contentUrl":"https:\/\/secure.gravatar.com\/avatar\/f0be0e99d2a735522752a5fe34e6262c835130f0de176393ad559698341f2d55?s=96&d=mm&r=g","caption":"Anna Norante"}}]}},"_links":{"self":[{"href":"https:\/\/www.miamedicalitalia.it\/pt\/wp-json\/wp\/v2\/posts\/13131","targetHints":{"allow":["GET"]}}],"collection":[{"href":"https:\/\/www.miamedicalitalia.it\/pt\/wp-json\/wp\/v2\/posts"}],"about":[{"href":"https:\/\/www.miamedicalitalia.it\/pt\/wp-json\/wp\/v2\/types\/post"}],"author":[{"embeddable":true,"href":"https:\/\/www.miamedicalitalia.it\/pt\/wp-json\/wp\/v2\/users\/809"}],"replies":[{"embeddable":true,"href":"https:\/\/www.miamedicalitalia.it\/pt\/wp-json\/wp\/v2\/comments?post=13131"}],"version-history":[{"count":7,"href":"https:\/\/www.miamedicalitalia.it\/pt\/wp-json\/wp\/v2\/posts\/13131\/revisions"}],"predecessor-version":[{"id":13153,"href":"https:\/\/www.miamedicalitalia.it\/pt\/wp-json\/wp\/v2\/posts\/13131\/revisions\/13153"}],"wp:featuredmedia":[{"embeddable":true,"href":"https:\/\/www.miamedicalitalia.it\/pt\/wp-json\/wp\/v2\/media\/13154"}],"wp:attachment":[{"href":"https:\/\/www.miamedicalitalia.it\/pt\/wp-json\/wp\/v2\/media?parent=13131"}],"wp:term":[{"taxonomy":"category","embeddable":true,"href":"https:\/\/www.miamedicalitalia.it\/pt\/wp-json\/wp\/v2\/categories?post=13131"},{"taxonomy":"post_tag","embeddable":true,"href":"https:\/\/www.miamedicalitalia.it\/pt\/wp-json\/wp\/v2\/tags?post=13131"}],"curies":[{"name":"wp","href":"https:\/\/api.w.org\/{rel}","templated":true}]}}