{"id":11208,"date":"2023-06-18T15:55:47","date_gmt":"2023-06-18T13:55:47","guid":{"rendered":"https:\/\/www.miamedicalitalia.it\/?p=11208"},"modified":"2024-11-03T12:02:01","modified_gmt":"2024-11-03T10:02:01","slug":"mal-di-testa-da-cervicale-come-risolvere-con-la-magnetoterapia","status":"publish","type":"post","link":"https:\/\/www.miamedicalitalia.it\/pt\/mal-di-testa-da-cervicale-come-risolvere-con-la-magnetoterapia\/","title":{"rendered":"Dores de cabe\u00e7a cervicais: como as resolver com a Magnetoterapia."},"content":{"rendered":"<p>O&nbsp;<strong>Cefaleias cervicais<\/strong>&nbsp;\u00e9 um&nbsp;<strong>perturba\u00e7\u00e3o&nbsp;<\/strong>muito<strong>&nbsp;popular<\/strong>&nbsp;que parece afetar mais as mulheres entre os 20 e os 60 anos de idade. Trata-se de&nbsp;<strong>principalmente devido a tens\u00f5es&nbsp;<\/strong>que se acumulam ao n\u00edvel dos ombros e do pesco\u00e7o e que tamb\u00e9m limitam a rota\u00e7\u00e3o e o movimento da cabe\u00e7a. O&nbsp;<strong>cervical<\/strong>sendo o&nbsp;<strong>parte mais delicada da coluna vertebral,<\/strong>&nbsp;est\u00e1 frequentemente sujeito ao aparecimento de dores agudas e constantes que podem durar v\u00e1rios dias.<\/p>\n\n\n\n<p>La&nbsp;<strong>cervicalgia<\/strong>&nbsp;pode ocorrer a partir das v\u00e9rtebras cervicais, mas pode depois irradiar para a cabe\u00e7a, membros ou costas, dificultando os movimentos. A&nbsp;<strong>dor<\/strong>&nbsp;<strong>pode variar de intensidade<\/strong>e pode ser acompanhada, por exemplo, por sensa\u00e7\u00f5es de n\u00e1useas, tonturas e vertigens.<\/p>\n\n\n\n<h2 class=\"wp-block-heading\" id=\"h-possibili-cause-del-mal-di-testa-da-cervicale\">Causas poss\u00edveis da cefaleia cervical<\/h2>\n\n\n\n<p>Le&nbsp;<strong>causas<\/strong>&nbsp;que pode&nbsp;<strong>desencadear<\/strong>&nbsp;o&nbsp;<strong>cefaleia cervical<\/strong>&nbsp;que provocam o aparecimento de sintomas s\u00e3o&nbsp;<strong>m\u00faltiplo:<\/strong><\/p>\n\n\n\n<ul class=\"wp-block-list\">\n<li>M\u00e1 postura<\/li>\n<\/ul>\n\n\n\n<p>La&nbsp;<strong>posi\u00e7\u00e3o<\/strong>&nbsp;que&nbsp;<strong>partimos do princ\u00edpio de que<\/strong>&nbsp;durante a nossa rotina di\u00e1ria, nas ac\u00e7\u00f5es simples que realizamos todos os dias, desde caminhar at\u00e9 nos sentarmos \u00e0 mesa, pode ser um dos factores que levam \u00e0&nbsp;<strong>dor no pesco\u00e7o<\/strong>. As pessoas que trabalham longas horas ao computador, no carro ou com a parte superior do corpo dobrada podem, de facto, ser mais afectadas por este tipo de dor. A&nbsp;<strong>posi\u00e7\u00e3o incorrecta<\/strong>&nbsp;pode tamb\u00e9m dever-se a factores externos, como as estruturas em que nos sentamos ou descansamos.<\/p>\n\n\n\n<ul class=\"wp-block-list\">\n<li>Baixa atividade f\u00edsica e estilo de vida sedent\u00e1rio<\/li>\n<\/ul>\n\n\n\n<p><strong>Quem<\/strong>&nbsp;<strong>pistas<\/strong>&nbsp;a&nbsp;<strong>vida sedent\u00e1ria<\/strong>\u00e9 mais prov\u00e1vel que corra o risco de tomar uma decis\u00e3o de longo prazo&nbsp;<strong>postura incorrecta<\/strong>&nbsp;que, ao afetar as v\u00e9rtebras cervicais, provoca dor. Por outro lado, quem pratica atividade f\u00edsica de forma consistente n\u00e3o s\u00f3 mant\u00e9m o seu corpo num estado de bem-estar, como tamb\u00e9m tem uma musculatura mais tonificada e forte que lhe permite suportar adequadamente a coluna vertebral, evitando assim o desconforto cervical.<\/p>\n\n\n\n<ul class=\"wp-block-list\">\n<li>Resfriados<\/li>\n<\/ul>\n\n\n\n<p>Quando&nbsp;<strong>avisa<\/strong>&nbsp;<strong>frio<\/strong>&nbsp;<strong>os m\u00fasculos tendem a contrair-se<\/strong>O corpo est\u00e1 a consumir energia, de modo a produzir mais calor para manter uma temperatura corporal de 37 graus. O estado de contratura, no entanto, pode j\u00e1 ser elevado devido a problemas exteriores \u00e0 temperatura do ambiente.<\/p>\n\n\n\n<ul class=\"wp-block-list\">\n<li>Posi\u00e7\u00f5es incorrectas durante o sono<\/li>\n<\/ul>\n\n\n\n<p><strong>Manter<\/strong>&nbsp;a&nbsp;<strong>boa postura<\/strong>&nbsp;n\u00e3o \u00e9 apenas&nbsp;<strong>essencial<\/strong>&nbsp;durante o dia, mas&nbsp;<strong>mesmo quando estamos a dormir<\/strong>. Assumir as posi\u00e7\u00f5es erradas durante a noite altera a qualidade do sono. De facto, h\u00e1 muitas pessoas que, ao assumirem posi\u00e7\u00f5es erradas, dormem e descansam mal, afectando assim a sua sa\u00fade. \u00c9 aconselh\u00e1vel \"mimar o pesco\u00e7o\", colocando a almofada na posi\u00e7\u00e3o e altura em que o pesco\u00e7o menos d\u00f3i e se contrai. A posi\u00e7\u00e3o mais recomendada para quem tem dores no pesco\u00e7o \u00e9 a de supino, com uma almofada baixa que acompanhe a curvatura natural do pesco\u00e7o e dos ombros, com os bra\u00e7os esticados ao longo dos lados e um apoio adequado dos joelhos para n\u00e3o sobrecarregar a coluna.<\/p>\n\n\n\n<ul class=\"wp-block-list\">\n<li>Stress e tens\u00f5es emocionais<\/li>\n<\/ul>\n\n\n\n<p>As dores de cabe\u00e7a cervicais tamb\u00e9m podem ser causadas por&nbsp;<strong>acumula\u00e7\u00e3o de tens\u00e3o<\/strong>&nbsp;ao n\u00edvel do pesco\u00e7o&nbsp;<strong>gerados pelo stress e estados de ansiedade<\/strong>. Esta perturba\u00e7\u00e3o \u00e9 uma doen\u00e7a psicossom\u00e1tica, ligada \u00e0 emotividade da pessoa que, inconscientemente, descarrega tudo no seu estado f\u00edsico.<\/p>\n\n\n\n<ul class=\"wp-block-list\">\n<li>Tens\u00f5es temporo-mandibulares<\/li>\n<\/ul>\n\n\n\n<p>Outra causa poss\u00edvel pode ser a&nbsp;<strong>m\u00e1 oclus\u00e3o<\/strong>&nbsp;ou o&nbsp;<strong>encerramento<\/strong>&nbsp;<strong>incorreto<\/strong>&nbsp;de&nbsp;<strong>arcadas dent\u00e1rias<\/strong>&nbsp;que provoca tens\u00e3o na estrutura da mand\u00edbula e, consequentemente, o aparecimento de sintomas dolorosos que irradiam para o pesco\u00e7o e a cabe\u00e7a.<\/p>\n\n\n\n<ul class=\"wp-block-list\">\n<li>Trauma<\/li>\n<\/ul>\n\n\n\n<p>Depois de ter&nbsp;<strong>imediatamente<\/strong>&nbsp;a&nbsp;<strong>traumatismo cervical<\/strong>&nbsp;\u00e9 extremamente prov\u00e1vel que tenha dores de cabe\u00e7a. Esta perturba\u00e7\u00e3o pode manter-se mesmo v\u00e1rios meses ou anos ap\u00f3s o acidente. As v\u00e9rtebras perdem alguma da sua estabilidade ap\u00f3s um acidente, pelo que a musculatura \u00e9 sujeita a uma maior tens\u00e3o, o que provoca um aumento da tens\u00e3o e uma consequente contratura cr\u00f3nica dolorosa, levando a dores de cabe\u00e7a.<\/p>\n\n\n\n<h2 class=\"wp-block-heading\" id=\"h-rimedi-per-il-mal-di-testa-da-cervicale\">Rem\u00e9dios para as dores de cabe\u00e7a cervicais<\/h2>\n\n\n\n<p>La&nbsp;<strong>dor de cabe\u00e7a<\/strong>independentemente da forma como se apresente, n\u00e3o \u00e9<strong>&nbsp;nunca ser subestimado<\/strong>&nbsp;e deve ser sempre tratada rapidamente desde os primeiros sintomas. Deve-se sempre procurar um<strong>diagn\u00f3stico exato<\/strong>&nbsp;para compreender as causas e a forma de lidar com a doen\u00e7a. Um diagn\u00f3stico correto pode n\u00e3o s\u00f3 evitar a recorr\u00eancia da dor, que tamb\u00e9m pode levar a complica\u00e7\u00f5es graves, mas tamb\u00e9m \u00e9 crucial para identificar a terapia mais adequada. Para<strong>&nbsp;aliviar a dor<\/strong>&nbsp;em&nbsp;<strong>cervical<\/strong>&nbsp;pode adotar&nbsp;<strong>diferentes solu\u00e7\u00f5es<\/strong>Consoante a intensidade da dor de cabe\u00e7a, \u00e9 poss\u00edvel atuar de diferentes formas:<\/p>\n\n\n\n<ul class=\"wp-block-list\">\n<li>Reabilita\u00e7\u00e3o postural<\/li>\n<\/ul>\n\n\n\n<p>Passar muito tempo sentado para estudar ou trabalhar ou seguir um estilo de vida sedent\u00e1rio pode levar a posturas incorrectas, raz\u00e3o pela qual \u00e9 \u00fatil fazer alguns exerc\u00edcios para<strong>&nbsp;reeduca\u00e7\u00e3o postural para aliviar a dor e preveni-la<\/strong>.<\/p>\n\n\n\n<ul class=\"wp-block-list\">\n<li>Exerc\u00edcio<\/li>\n<\/ul>\n\n\n\n<p><strong>Fazer<\/strong>&nbsp;<strong>exerc\u00edcio<\/strong>manter-se ativo e, consequentemente,&nbsp;<strong>relaxar os m\u00fasculos<\/strong>&nbsp;\u00e9 definitivamente uma das solu\u00e7\u00f5es para a&nbsp;<strong>tratamento<\/strong>&nbsp;de&nbsp;<strong>dor no pesco\u00e7o<\/strong>. Ao atuar sobre os m\u00fasculos, podem ser realizadas actividades de alongamento e de refor\u00e7o que, ao aumentar a amplitude de movimento das v\u00e9rtebras e dos m\u00fasculos do trato cervical, podem curar a cervicalgia e as dores de cabe\u00e7a associadas.<\/p>\n\n\n\n<ul class=\"wp-block-list\">\n<li>Alimenta\u00e7\u00e3o el\u00e9ctrica<\/li>\n<\/ul>\n\n\n\n<p>Para evitar a ocorr\u00eancia de perturba\u00e7\u00f5es relacionadas com o pesco\u00e7o, como as dores de cabe\u00e7a, \u00e9 importante&nbsp;<strong>essencial<\/strong>&nbsp;<strong>import\u00e2ncia<\/strong>&nbsp;ter um&nbsp;<strong>alimenta\u00e7\u00e3o correcta<\/strong>. As refei\u00e7\u00f5es devem ser tomadas a intervalos regulares e deve ser seguida uma dieta equilibrada com a quantidade certa de fruta, legumes e a quantidade certa de \u00e1gua.<\/p>\n\n\n\n<ul class=\"wp-block-list\">\n<li>Drogas<\/li>\n<\/ul>\n\n\n\n<p>Se a dor n\u00e3o puder ser aliviada por m\u00e9todos naturais, pode ser reduzida&nbsp;<strong>ao tomar<\/strong>&nbsp;de&nbsp;<strong>drogas naturais ou n\u00e3o<\/strong>necessariamente sob prescri\u00e7\u00e3o m\u00e9dica.<\/p>\n\n\n\n<ul class=\"wp-block-list\">\n<li>Massagens<\/li>\n<\/ul>\n\n\n\n<p>Se o&nbsp;<strong>cefaleia cervical<\/strong>&nbsp;os resultados agudos podem ser eficazes&nbsp;<strong>massagens musculares no pesco\u00e7o<\/strong>&nbsp;efectuada estritamente por um especialista. De facto, a terapia manual \u00e9 capaz de libertar a tens\u00e3o, actuando diretamente sobre a dor para descontrair os m\u00fasculos onde o desconforto se faz sentir.<\/p>\n\n\n\n<ul class=\"wp-block-list\">\n<li><a href=\"https:\/\/www.miamedicalitalia.it\/pt\/produto\/magnetoterapia-cemp-mag-2000\/\">Magnetoterapia<\/a><\/li>\n<\/ul>\n\n\n\n<p>A&nbsp;<strong>solu\u00e7\u00e3o v\u00e1lida<\/strong>&nbsp;para o&nbsp;<strong>dor<\/strong>&nbsp;intenso em&nbsp;<strong>cervical<\/strong>&nbsp;\u00e9 definitivamente o&nbsp;<strong><a href=\"https:\/\/www.miamedicalitalia.it\/pt\/produto\/magnetoterapia-cemp-mag-2000\/\">magnetoterapia<\/a><\/strong>. Este tipo de solu\u00e7\u00e3o pode restaurar a capacidade de movimento da pessoa e reduzir a dor num curto espa\u00e7o de tempo. Ao estimular a circula\u00e7\u00e3o vascular e ao atuar na repolariza\u00e7\u00e3o das c\u00e9lulas musculares envolvidas na contra\u00e7\u00e3o, tem um efeito anti-inflamat\u00f3rio e analg\u00e9sico na zona afetada.<\/p>","protected":false},"excerpt":{"rendered":"<p>Il&nbsp;Mal di Testa da Cervicale&nbsp;\u00e8 un&nbsp;disturbo&nbsp;molto&nbsp;diffuso&nbsp;che sembra colpire maggiormente le donne tra [&hellip;]<\/p>\n","protected":false},"author":3,"featured_media":11211,"comment_status":"closed","ping_status":"closed","sticky":false,"template":"","format":"gallery","meta":{"_acf_changed":false,"footnotes":""},"categories":[183,176],"tags":[192,221],"class_list":["post-11208","post","type-post","status-publish","format-gallery","has-post-thumbnail","hentry","category-articoli-anziani","category-news","tag-magnetoterapia","tag-mal-di-testa","post_format-post-format-gallery"],"acf":[],"yoast_head":"<!-- This site is optimized with the Yoast SEO Premium plugin v27.5 (Yoast SEO v27.5) - https:\/\/yoast.com\/product\/yoast-seo-premium-wordpress\/ -->\n<title>Mal di testa da cervicale : Come risolvere con la Magnetoterapia. - Mia Medical<\/title>\n<meta name=\"description\" content=\"Mal di testa da cervicale. In questo articolo esploriamo le possibili cause, e illustriamo i rimedi che si possono adottare per risolvere.\" \/>\n<meta name=\"robots\" content=\"index, follow, max-snippet:-1, max-image-preview:large, max-video-preview:-1\" \/>\n<link rel=\"canonical\" href=\"https:\/\/www.miamedicalitalia.it\/pt\/mal-di-testa-da-cervicale-come-risolvere-con-la-magnetoterapia\/\" \/>\n<meta property=\"og:locale\" content=\"pt_PT\" \/>\n<meta property=\"og:type\" content=\"article\" \/>\n<meta property=\"og:title\" content=\"Mal di testa da cervicale : Come risolvere con la Magnetoterapia. - Mia Medical\" \/>\n<meta property=\"og:description\" content=\"Mal di testa da cervicale. In questo articolo esploriamo le possibili cause, e illustriamo i rimedi che si possono adottare per risolvere.\" \/>\n<meta property=\"og:url\" content=\"https:\/\/www.miamedicalitalia.it\/pt\/mal-di-testa-da-cervicale-come-risolvere-con-la-magnetoterapia\/\" \/>\n<meta property=\"og:site_name\" content=\"Mia Medical\" \/>\n<meta property=\"article:publisher\" content=\"https:\/\/www.facebook.com\/miamedicalitalia\" \/>\n<meta property=\"article:published_time\" content=\"2023-06-18T13:55:47+00:00\" \/>\n<meta property=\"article:modified_time\" content=\"2024-11-03T10:02:01+00:00\" \/>\n<meta property=\"og:image\" content=\"https:\/\/www.miamedicalitalia.it\/wp-content\/uploads\/2023\/06\/blog_cervicalgia-1-1.jpeg\" \/>\n\t<meta property=\"og:image:width\" content=\"1200\" \/>\n\t<meta property=\"og:image:height\" content=\"600\" \/>\n\t<meta property=\"og:image:type\" content=\"image\/jpeg\" \/>\n<meta name=\"author\" content=\"Ingrid Stefanazzi\" \/>\n<meta name=\"twitter:card\" content=\"summary_large_image\" \/>\n<meta name=\"twitter:label1\" content=\"Escrito por\" \/>\n\t<meta name=\"twitter:data1\" content=\"Ingrid Stefanazzi\" \/>\n\t<meta name=\"twitter:label2\" content=\"Tempo estimado de leitura\" \/>\n\t<meta name=\"twitter:data2\" content=\"5 minutos\" \/>\n<script type=\"application\/ld+json\" class=\"yoast-schema-graph\">{\"@context\":\"https:\\\/\\\/schema.org\",\"@graph\":[{\"@type\":\"Article\",\"@id\":\"https:\\\/\\\/www.miamedicalitalia.it\\\/mal-di-testa-da-cervicale-come-risolvere-con-la-magnetoterapia\\\/#article\",\"isPartOf\":{\"@id\":\"https:\\\/\\\/www.miamedicalitalia.it\\\/mal-di-testa-da-cervicale-come-risolvere-con-la-magnetoterapia\\\/\"},\"author\":{\"name\":\"Ingrid Stefanazzi\",\"@id\":\"https:\\\/\\\/www.miamedicalitalia.it\\\/#\\\/schema\\\/person\\\/24e10484bdd8eed1e8631309ffcf4ccf\"},\"headline\":\"Mal di testa da cervicale : Come risolvere con la Magnetoterapia.\",\"datePublished\":\"2023-06-18T13:55:47+00:00\",\"dateModified\":\"2024-11-03T10:02:01+00:00\",\"mainEntityOfPage\":{\"@id\":\"https:\\\/\\\/www.miamedicalitalia.it\\\/mal-di-testa-da-cervicale-come-risolvere-con-la-magnetoterapia\\\/\"},\"wordCount\":1102,\"publisher\":{\"@id\":\"https:\\\/\\\/www.miamedicalitalia.it\\\/#organization\"},\"image\":{\"@id\":\"https:\\\/\\\/www.miamedicalitalia.it\\\/mal-di-testa-da-cervicale-come-risolvere-con-la-magnetoterapia\\\/#primaryimage\"},\"thumbnailUrl\":\"https:\\\/\\\/www.miamedicalitalia.it\\\/wp-content\\\/uploads\\\/2023\\\/06\\\/blog_cervicalgia-1-1.jpeg\",\"keywords\":[\"Magnetoterapia\",\"mal di testa\"],\"articleSection\":[\"Anziani\",\"News\"],\"inLanguage\":\"pt-PT\"},{\"@type\":\"WebPage\",\"@id\":\"https:\\\/\\\/www.miamedicalitalia.it\\\/mal-di-testa-da-cervicale-come-risolvere-con-la-magnetoterapia\\\/\",\"url\":\"https:\\\/\\\/www.miamedicalitalia.it\\\/mal-di-testa-da-cervicale-come-risolvere-con-la-magnetoterapia\\\/\",\"name\":\"Mal di testa da cervicale : Come risolvere con la Magnetoterapia. - Mia Medical\",\"isPartOf\":{\"@id\":\"https:\\\/\\\/www.miamedicalitalia.it\\\/#website\"},\"primaryImageOfPage\":{\"@id\":\"https:\\\/\\\/www.miamedicalitalia.it\\\/mal-di-testa-da-cervicale-come-risolvere-con-la-magnetoterapia\\\/#primaryimage\"},\"image\":{\"@id\":\"https:\\\/\\\/www.miamedicalitalia.it\\\/mal-di-testa-da-cervicale-come-risolvere-con-la-magnetoterapia\\\/#primaryimage\"},\"thumbnailUrl\":\"https:\\\/\\\/www.miamedicalitalia.it\\\/wp-content\\\/uploads\\\/2023\\\/06\\\/blog_cervicalgia-1-1.jpeg\",\"datePublished\":\"2023-06-18T13:55:47+00:00\",\"dateModified\":\"2024-11-03T10:02:01+00:00\",\"description\":\"Mal di testa da cervicale. In questo articolo esploriamo le possibili cause, e illustriamo i rimedi che si possono adottare per risolvere.\",\"breadcrumb\":{\"@id\":\"https:\\\/\\\/www.miamedicalitalia.it\\\/mal-di-testa-da-cervicale-come-risolvere-con-la-magnetoterapia\\\/#breadcrumb\"},\"inLanguage\":\"pt-PT\",\"potentialAction\":[{\"@type\":\"ReadAction\",\"target\":[\"https:\\\/\\\/www.miamedicalitalia.it\\\/mal-di-testa-da-cervicale-come-risolvere-con-la-magnetoterapia\\\/\"]}]},{\"@type\":\"ImageObject\",\"inLanguage\":\"pt-PT\",\"@id\":\"https:\\\/\\\/www.miamedicalitalia.it\\\/mal-di-testa-da-cervicale-come-risolvere-con-la-magnetoterapia\\\/#primaryimage\",\"url\":\"https:\\\/\\\/www.miamedicalitalia.it\\\/wp-content\\\/uploads\\\/2023\\\/06\\\/blog_cervicalgia-1-1.jpeg\",\"contentUrl\":\"https:\\\/\\\/www.miamedicalitalia.it\\\/wp-content\\\/uploads\\\/2023\\\/06\\\/blog_cervicalgia-1-1.jpeg\",\"width\":1200,\"height\":600},{\"@type\":\"BreadcrumbList\",\"@id\":\"https:\\\/\\\/www.miamedicalitalia.it\\\/mal-di-testa-da-cervicale-come-risolvere-con-la-magnetoterapia\\\/#breadcrumb\",\"itemListElement\":[{\"@type\":\"ListItem\",\"position\":1,\"name\":\"Home\",\"item\":\"https:\\\/\\\/www.miamedicalitalia.it\\\/\"},{\"@type\":\"ListItem\",\"position\":2,\"name\":\"Mal di testa da cervicale : Come risolvere con la Magnetoterapia.\"}]},{\"@type\":\"WebSite\",\"@id\":\"https:\\\/\\\/www.miamedicalitalia.it\\\/#website\",\"url\":\"https:\\\/\\\/www.miamedicalitalia.it\\\/\",\"name\":\"www.miamedicalitalia.it\",\"description\":\"Noleggio e Vendita Attrezzatura Sanitarie\",\"publisher\":{\"@id\":\"https:\\\/\\\/www.miamedicalitalia.it\\\/#organization\"},\"potentialAction\":[{\"@type\":\"SearchAction\",\"target\":{\"@type\":\"EntryPoint\",\"urlTemplate\":\"https:\\\/\\\/www.miamedicalitalia.it\\\/?s={search_term_string}\"},\"query-input\":{\"@type\":\"PropertyValueSpecification\",\"valueRequired\":true,\"valueName\":\"search_term_string\"}}],\"inLanguage\":\"pt-PT\"},{\"@type\":\"Organization\",\"@id\":\"https:\\\/\\\/www.miamedicalitalia.it\\\/#organization\",\"name\":\"OLG\",\"url\":\"https:\\\/\\\/www.miamedicalitalia.it\\\/\",\"logo\":{\"@type\":\"ImageObject\",\"inLanguage\":\"pt-PT\",\"@id\":\"https:\\\/\\\/www.miamedicalitalia.it\\\/#\\\/schema\\\/logo\\\/image\\\/\",\"url\":\"https:\\\/\\\/www.miamedicalitalia.it\\\/wp-content\\\/uploads\\\/2023\\\/04\\\/mia-medical-logo-free.png\",\"contentUrl\":\"https:\\\/\\\/www.miamedicalitalia.it\\\/wp-content\\\/uploads\\\/2023\\\/04\\\/mia-medical-logo-free.png\",\"width\":700,\"height\":700,\"caption\":\"OLG\"},\"image\":{\"@id\":\"https:\\\/\\\/www.miamedicalitalia.it\\\/#\\\/schema\\\/logo\\\/image\\\/\"},\"sameAs\":[\"https:\\\/\\\/www.facebook.com\\\/miamedicalitalia\"]},{\"@type\":\"Person\",\"@id\":\"https:\\\/\\\/www.miamedicalitalia.it\\\/#\\\/schema\\\/person\\\/24e10484bdd8eed1e8631309ffcf4ccf\",\"name\":\"Ingrid Stefanazzi\",\"image\":{\"@type\":\"ImageObject\",\"inLanguage\":\"pt-PT\",\"@id\":\"https:\\\/\\\/secure.gravatar.com\\\/avatar\\\/0fd1a6239ca4b01464ddc932dade86b13d0fe3923037ec0aa1d6ff53208bfba7?s=96&d=mm&r=g\",\"url\":\"https:\\\/\\\/secure.gravatar.com\\\/avatar\\\/0fd1a6239ca4b01464ddc932dade86b13d0fe3923037ec0aa1d6ff53208bfba7?s=96&d=mm&r=g\",\"contentUrl\":\"https:\\\/\\\/secure.gravatar.com\\\/avatar\\\/0fd1a6239ca4b01464ddc932dade86b13d0fe3923037ec0aa1d6ff53208bfba7?s=96&d=mm&r=g\",\"caption\":\"Ingrid Stefanazzi\"}}]}<\/script>\n<!-- \/ Yoast SEO Premium plugin. -->","yoast_head_json":{"title":"Dores de cabe\u00e7a cervicais: Como resolv\u00ea-las com a Magnetoterapia. - Mia Medical","description":"Dores de cabe\u00e7a cervicais. Neste artigo, exploramos as poss\u00edveis causas e descrevemos as solu\u00e7\u00f5es que podem ser adoptadas para as resolver.","robots":{"index":"index","follow":"follow","max-snippet":"max-snippet:-1","max-image-preview":"max-image-preview:large","max-video-preview":"max-video-preview:-1"},"canonical":"https:\/\/www.miamedicalitalia.it\/pt\/mal-di-testa-da-cervicale-come-risolvere-con-la-magnetoterapia\/","og_locale":"pt_PT","og_type":"article","og_title":"Mal di testa da cervicale : Come risolvere con la Magnetoterapia. - Mia Medical","og_description":"Mal di testa da cervicale. In questo articolo esploriamo le possibili cause, e illustriamo i rimedi che si possono adottare per risolvere.","og_url":"https:\/\/www.miamedicalitalia.it\/pt\/mal-di-testa-da-cervicale-come-risolvere-con-la-magnetoterapia\/","og_site_name":"Mia Medical","article_publisher":"https:\/\/www.facebook.com\/miamedicalitalia","article_published_time":"2023-06-18T13:55:47+00:00","article_modified_time":"2024-11-03T10:02:01+00:00","og_image":[{"width":1200,"height":600,"url":"https:\/\/www.miamedicalitalia.it\/wp-content\/uploads\/2023\/06\/blog_cervicalgia-1-1.jpeg","type":"image\/jpeg"}],"author":"Ingrid Stefanazzi","twitter_card":"summary_large_image","twitter_misc":{"Escrito por":"Ingrid Stefanazzi","Tempo estimado de leitura":"5 minutos"},"schema":{"@context":"https:\/\/schema.org","@graph":[{"@type":"Article","@id":"https:\/\/www.miamedicalitalia.it\/mal-di-testa-da-cervicale-come-risolvere-con-la-magnetoterapia\/#article","isPartOf":{"@id":"https:\/\/www.miamedicalitalia.it\/mal-di-testa-da-cervicale-come-risolvere-con-la-magnetoterapia\/"},"author":{"name":"Ingrid Stefanazzi","@id":"https:\/\/www.miamedicalitalia.it\/#\/schema\/person\/24e10484bdd8eed1e8631309ffcf4ccf"},"headline":"Mal di testa da cervicale : Come risolvere con la Magnetoterapia.","datePublished":"2023-06-18T13:55:47+00:00","dateModified":"2024-11-03T10:02:01+00:00","mainEntityOfPage":{"@id":"https:\/\/www.miamedicalitalia.it\/mal-di-testa-da-cervicale-come-risolvere-con-la-magnetoterapia\/"},"wordCount":1102,"publisher":{"@id":"https:\/\/www.miamedicalitalia.it\/#organization"},"image":{"@id":"https:\/\/www.miamedicalitalia.it\/mal-di-testa-da-cervicale-come-risolvere-con-la-magnetoterapia\/#primaryimage"},"thumbnailUrl":"https:\/\/www.miamedicalitalia.it\/wp-content\/uploads\/2023\/06\/blog_cervicalgia-1-1.jpeg","keywords":["Magnetoterapia","mal di testa"],"articleSection":["Anziani","News"],"inLanguage":"pt-PT"},{"@type":"WebPage","@id":"https:\/\/www.miamedicalitalia.it\/mal-di-testa-da-cervicale-come-risolvere-con-la-magnetoterapia\/","url":"https:\/\/www.miamedicalitalia.it\/mal-di-testa-da-cervicale-come-risolvere-con-la-magnetoterapia\/","name":"Dores de cabe\u00e7a cervicais: Como resolv\u00ea-las com a Magnetoterapia. - Mia Medical","isPartOf":{"@id":"https:\/\/www.miamedicalitalia.it\/#website"},"primaryImageOfPage":{"@id":"https:\/\/www.miamedicalitalia.it\/mal-di-testa-da-cervicale-come-risolvere-con-la-magnetoterapia\/#primaryimage"},"image":{"@id":"https:\/\/www.miamedicalitalia.it\/mal-di-testa-da-cervicale-come-risolvere-con-la-magnetoterapia\/#primaryimage"},"thumbnailUrl":"https:\/\/www.miamedicalitalia.it\/wp-content\/uploads\/2023\/06\/blog_cervicalgia-1-1.jpeg","datePublished":"2023-06-18T13:55:47+00:00","dateModified":"2024-11-03T10:02:01+00:00","description":"Dores de cabe\u00e7a cervicais. Neste artigo, exploramos as poss\u00edveis causas e descrevemos as solu\u00e7\u00f5es que podem ser adoptadas para as resolver.","breadcrumb":{"@id":"https:\/\/www.miamedicalitalia.it\/mal-di-testa-da-cervicale-come-risolvere-con-la-magnetoterapia\/#breadcrumb"},"inLanguage":"pt-PT","potentialAction":[{"@type":"ReadAction","target":["https:\/\/www.miamedicalitalia.it\/mal-di-testa-da-cervicale-come-risolvere-con-la-magnetoterapia\/"]}]},{"@type":"ImageObject","inLanguage":"pt-PT","@id":"https:\/\/www.miamedicalitalia.it\/mal-di-testa-da-cervicale-come-risolvere-con-la-magnetoterapia\/#primaryimage","url":"https:\/\/www.miamedicalitalia.it\/wp-content\/uploads\/2023\/06\/blog_cervicalgia-1-1.jpeg","contentUrl":"https:\/\/www.miamedicalitalia.it\/wp-content\/uploads\/2023\/06\/blog_cervicalgia-1-1.jpeg","width":1200,"height":600},{"@type":"BreadcrumbList","@id":"https:\/\/www.miamedicalitalia.it\/mal-di-testa-da-cervicale-come-risolvere-con-la-magnetoterapia\/#breadcrumb","itemListElement":[{"@type":"ListItem","position":1,"name":"Home","item":"https:\/\/www.miamedicalitalia.it\/"},{"@type":"ListItem","position":2,"name":"Mal di testa da cervicale : Come risolvere con la Magnetoterapia."}]},{"@type":"WebSite","@id":"https:\/\/www.miamedicalitalia.it\/#website","url":"https:\/\/www.miamedicalitalia.it\/","name":"www.miamedicalitalia.it","description":"Aluguer e venda de equipamento sanit\u00e1rio","publisher":{"@id":"https:\/\/www.miamedicalitalia.it\/#organization"},"potentialAction":[{"@type":"SearchAction","target":{"@type":"EntryPoint","urlTemplate":"https:\/\/www.miamedicalitalia.it\/?s={search_term_string}"},"query-input":{"@type":"PropertyValueSpecification","valueRequired":true,"valueName":"search_term_string"}}],"inLanguage":"pt-PT"},{"@type":"Organization","@id":"https:\/\/www.miamedicalitalia.it\/#organization","name":"OLG","url":"https:\/\/www.miamedicalitalia.it\/","logo":{"@type":"ImageObject","inLanguage":"pt-PT","@id":"https:\/\/www.miamedicalitalia.it\/#\/schema\/logo\/image\/","url":"https:\/\/www.miamedicalitalia.it\/wp-content\/uploads\/2023\/04\/mia-medical-logo-free.png","contentUrl":"https:\/\/www.miamedicalitalia.it\/wp-content\/uploads\/2023\/04\/mia-medical-logo-free.png","width":700,"height":700,"caption":"OLG"},"image":{"@id":"https:\/\/www.miamedicalitalia.it\/#\/schema\/logo\/image\/"},"sameAs":["https:\/\/www.facebook.com\/miamedicalitalia"]},{"@type":"Person","@id":"https:\/\/www.miamedicalitalia.it\/#\/schema\/person\/24e10484bdd8eed1e8631309ffcf4ccf","name":"Ingrid Stefanazzi","image":{"@type":"ImageObject","inLanguage":"pt-PT","@id":"https:\/\/secure.gravatar.com\/avatar\/0fd1a6239ca4b01464ddc932dade86b13d0fe3923037ec0aa1d6ff53208bfba7?s=96&d=mm&r=g","url":"https:\/\/secure.gravatar.com\/avatar\/0fd1a6239ca4b01464ddc932dade86b13d0fe3923037ec0aa1d6ff53208bfba7?s=96&d=mm&r=g","contentUrl":"https:\/\/secure.gravatar.com\/avatar\/0fd1a6239ca4b01464ddc932dade86b13d0fe3923037ec0aa1d6ff53208bfba7?s=96&d=mm&r=g","caption":"Ingrid Stefanazzi"}}]}},"_links":{"self":[{"href":"https:\/\/www.miamedicalitalia.it\/pt\/wp-json\/wp\/v2\/posts\/11208","targetHints":{"allow":["GET"]}}],"collection":[{"href":"https:\/\/www.miamedicalitalia.it\/pt\/wp-json\/wp\/v2\/posts"}],"about":[{"href":"https:\/\/www.miamedicalitalia.it\/pt\/wp-json\/wp\/v2\/types\/post"}],"author":[{"embeddable":true,"href":"https:\/\/www.miamedicalitalia.it\/pt\/wp-json\/wp\/v2\/users\/3"}],"replies":[{"embeddable":true,"href":"https:\/\/www.miamedicalitalia.it\/pt\/wp-json\/wp\/v2\/comments?post=11208"}],"version-history":[{"count":1,"href":"https:\/\/www.miamedicalitalia.it\/pt\/wp-json\/wp\/v2\/posts\/11208\/revisions"}],"predecessor-version":[{"id":13068,"href":"https:\/\/www.miamedicalitalia.it\/pt\/wp-json\/wp\/v2\/posts\/11208\/revisions\/13068"}],"wp:featuredmedia":[{"embeddable":true,"href":"https:\/\/www.miamedicalitalia.it\/pt\/wp-json\/wp\/v2\/media\/11211"}],"wp:attachment":[{"href":"https:\/\/www.miamedicalitalia.it\/pt\/wp-json\/wp\/v2\/media?parent=11208"}],"wp:term":[{"taxonomy":"category","embeddable":true,"href":"https:\/\/www.miamedicalitalia.it\/pt\/wp-json\/wp\/v2\/categories?post=11208"},{"taxonomy":"post_tag","embeddable":true,"href":"https:\/\/www.miamedicalitalia.it\/pt\/wp-json\/wp\/v2\/tags?post=11208"}],"curies":[{"name":"wp","href":"https:\/\/api.w.org\/{rel}","templated":true}]}}