{"id":14464,"date":"2025-09-07T20:43:04","date_gmt":"2025-09-07T18:43:04","guid":{"rendered":"https:\/\/www.miamedicalitalia.it\/?p=14464"},"modified":"2026-03-30T18:21:33","modified_gmt":"2026-03-30T16:21:33","slug":"disability-pride-toscana-2025-la-prima-edizione-a-firenze","status":"publish","type":"post","link":"https:\/\/www.miamedicalitalia.it\/fr\/disability-pride-toscana-2025-la-prima-edizione-a-firenze\/","title":{"rendered":"Disability Pride Toscana 2025 : la premi\u00e8re \u00e9dition \u00e0 Florence"},"content":{"rendered":"<p><strong>Samedi 27 septembre 2025<\/strong>Florence \u00e9crira une nouvelle page de l'histoire sociale et culturelle : pour la premi\u00e8re fois, la Toscane accueillera l'Assembl\u00e9e g\u00e9n\u00e9rale de l'Union europ\u00e9enne.&nbsp;<strong>Fiert\u00e9 des personnes handicap\u00e9es<\/strong>une journ\u00e9e de <strong>fiert\u00e9 et participation collective<\/strong>. Il ne s'agit pas seulement d'un \u00e9v\u00e9nement d\u00e9di\u00e9 aux personnes handicap\u00e9es, mais d'un rendez-vous qui rassemble toute la communaut\u00e9 florentine !<\/p>\n\n\n\n<h4 class=\"wp-block-heading\" id=\"h-che-cos-e-il-disability-pride-e-perche-partecipare-significa-scegliere-l-inclusione\"><strong>Qu'est-ce que la Disability Pride et pourquoi participer signifie choisir l'inclusion ?<\/strong><\/h4>\n\n\n\n<p>Les&nbsp;<strong>Fiert\u00e9 des personnes handicap\u00e9es<\/strong>&nbsp;est un mouvement international n\u00e9 dans le but de :<\/p>\n\n\n\n<ul class=\"wp-block-list\">\n<li>valoriser l'identit\u00e9 et la fiert\u00e9 des personnes handicap\u00e9es,<\/li>\n\n\n\n<li>la sensibilisation collective aux droits et \u00e0 l'inclusion,<\/li>\n\n\n\n<li>surmonter les barri\u00e8res culturelles et sociales qui limitent encore la pleine participation.<\/li>\n<\/ul>\n\n\n\n<p>Participer \u00e0 la Disability Pride, c'est faire une&nbsp;<strong>acte de citoyennet\u00e9 consciente<\/strong>dire oui \u00e0 une soci\u00e9t\u00e9 dans laquelle tout le monde peut vivre avec&nbsp;<strong>l'\u00e9galit\u00e9 de dignit\u00e9, de libert\u00e9 et surtout d'opportunit\u00e9s<\/strong>.<\/p>\n\n\n\n<figure class=\"wp-block-image size-full\"><img loading=\"lazy\" decoding=\"async\" width=\"2048\" height=\"1367\" src=\"https:\/\/www.miamedicalitalia.it\/wp-content\/uploads\/2025\/09\/IMG_4525.jpeg\" alt=\"\" class=\"wp-image-14471\" srcset=\"https:\/\/www.miamedicalitalia.it\/wp-content\/uploads\/2025\/09\/IMG_4525.jpeg 2048w, https:\/\/www.miamedicalitalia.it\/wp-content\/uploads\/2025\/09\/IMG_4525-1536x1025.jpeg 1536w, https:\/\/www.miamedicalitalia.it\/wp-content\/uploads\/2025\/09\/IMG_4525-18x12.jpeg 18w, https:\/\/www.miamedicalitalia.it\/wp-content\/uploads\/2025\/09\/IMG_4525-500x334.jpeg 500w, https:\/\/www.miamedicalitalia.it\/wp-content\/uploads\/2025\/09\/IMG_4525-700x467.jpeg 700w\" sizes=\"auto, (max-width: 2048px) 100vw, 2048px\" \/><figcaption class=\"wp-element-caption\">Photos de <a href=\"https:\/\/www.facebook.com\/DisabilityPrideITA\/\">Disability Pride Italie.<\/a><\/figcaption><\/figure>\n\n\n\n<h4 class=\"wp-block-heading\" id=\"h-la-storia-del-disability-pride-dalla-nascita-negli-usa-alla-rete-globale\"><strong>L'histoire de la Disability Pride : de sa naissance aux \u00c9tats-Unis au r\u00e9seau mondial<\/strong><\/h4>\n\n\n\n<p>Le mouvement est n\u00e9 dans les&nbsp;<strong>Les \u00c9tats-Unis dans les ann\u00e9es 1990<\/strong>inspir\u00e9e des grands mouvements civiques et de la fiert\u00e9 LGBTQ+. L'intention \u00e9tait claire : ne plus voir le handicap comme un manque, mais comme une&nbsp;<strong>une partie int\u00e9grante de l'identit\u00e9<\/strong>\u00e0 vivre avec fiert\u00e9 et sans crainte.<\/p>\n\n\n\n<p>En Italie, le premier&nbsp;<strong>Fiert\u00e9 des personnes handicap\u00e9es<\/strong>&nbsp;a eu lieu en&nbsp;<strong>Rome en 2015<\/strong>. Depuis, l'\u00e9v\u00e9nement n'a cess\u00e9 de prendre de l'ampleur, faisant partie d'un r\u00e9seau mondial dont les manifestations se d\u00e9roulent aux endroits suivants&nbsp;<strong>New York, Londres, Berlin et Madrid<\/strong>.<\/p>\n\n\n\n<p>L'\u00e9dition florentine repr\u00e9sente une nouvelle \u00e9tape.<strong>&nbsp;e&nbsp;<\/strong>l'occasion d'affirmer que la diversit\u00e9 n'est pas un obstacle, mais une&nbsp;<strong>des ressources pr\u00e9cieuses pour la soci\u00e9t\u00e9 dans son ensemble<\/strong>.<\/p>\n\n\n\n<h3 class=\"wp-block-heading\" id=\"h-programma-della-giornata-del-disability-pride-toscana-2025-a-firenze\"><strong><a href=\"https:\/\/www.dptoscana.it\/programma\/\">Programme de la journ\u00e9e Disability Pride Toscana 2025 \u00e0 Florence<\/a><\/strong><\/h3>\n\n\n\n<p><strong>Palazzo degli Affari, Piazza Adua 1<\/strong><\/p>\n\n\n\n<p>- <strong>9h30 - Conf\u00e9rence<\/strong><\/p>\n\n\n\n<p>D\u00e9bat avec des universitaires, des experts et des journalistes sur&nbsp;<strong>droits, accessibilit\u00e9 et \u00e9galit\u00e9 des chances<\/strong>. <a href=\"https:\/\/www.dptoscana.it\/programma\/\">Cliquez ici pour d\u00e9couvrir la liste compl\u00e8te.<\/a><\/p>\n\n\n\n<p>- <strong>15:00 - Procession depuis le centre historique<\/strong><\/p>\n\n\n\n<p>Le moment le plus marquant de la journ\u00e9e, le <strong>cort\u00e8ge color\u00e9<\/strong> en partant du merveilleux <a href=\"https:\/\/www.visitflorence.com\/florence-monuments\/piazza-santa-maria-novella.html\"><strong>Carr\u00e9 de<\/strong> <strong>Santa Maria Novella<\/strong><\/a>qui traversera la <strong>rues du centre-ville<\/strong>\u00e0 descendre dans la rue pour faire passer un message de <strong>solidarit\u00e9 et inclusion<\/strong>.<\/p>\n\n\n\n<p>- <strong>17:45 - Spectacle de danse au <a href=\"http:\/\/www.firenzefiera.it\/\">Palais des affaires<\/a><\/strong><\/p>\n\n\n\n<p>Un moment de partage artistique et culturel pour terminer la journ\u00e9e ensemble.<\/p>\n\n\n\n<p>Voir le <strong><a href=\"https:\/\/www.dptoscana.it\/contatti\/\">canaux sociaux officiels<\/a><\/strong> pour obtenir toutes les derni\u00e8res nouvelles et consulter le site web de l'Union europ\u00e9enne. <strong><a href=\"https:\/\/www.dptoscana.it\/programma\/\">programme d'une journ\u00e9e<\/a><\/strong>.&nbsp;<\/p>\n\n\n\n<figure class=\"wp-block-image size-full\"><img loading=\"lazy\" decoding=\"async\" width=\"2360\" height=\"1344\" src=\"https:\/\/www.miamedicalitalia.it\/wp-content\/uploads\/2025\/09\/IMG_4527.jpeg\" alt=\"\" class=\"wp-image-14472\" srcset=\"https:\/\/www.miamedicalitalia.it\/wp-content\/uploads\/2025\/09\/IMG_4527.jpeg 2360w, https:\/\/www.miamedicalitalia.it\/wp-content\/uploads\/2025\/09\/IMG_4527-1536x875.jpeg 1536w, https:\/\/www.miamedicalitalia.it\/wp-content\/uploads\/2025\/09\/IMG_4527-2048x1166.jpeg 2048w, https:\/\/www.miamedicalitalia.it\/wp-content\/uploads\/2025\/09\/IMG_4527-18x10.jpeg 18w, https:\/\/www.miamedicalitalia.it\/wp-content\/uploads\/2025\/09\/IMG_4527-500x285.jpeg 500w, https:\/\/www.miamedicalitalia.it\/wp-content\/uploads\/2025\/09\/IMG_4527-700x399.jpeg 700w\" sizes=\"auto, (max-width: 2360px) 100vw, 2360px\" \/><figcaption class=\"wp-element-caption\">Photos de <a href=\"https:\/\/www.rollingstone.it\/cultura\/ad-essere-disabili-sono-i-luoghi-non-le-persone-torna-il-disability-pride-italia\/671326\/\">Rolling Stones Italie.<\/a><\/figcaption><\/figure>\n\n\n\n<h4 class=\"wp-block-heading\" id=\"h-come-raggiungere-l-evento-consigli-sulla-viabilita\">Comment se rendre \u00e0 l'\u00e9v\u00e9nement : conseils sur la circulation <\/h4>\n\n\n\n<p>La procession partira de&nbsp;<strong>Piazza Santa Maria Novella<\/strong>&nbsp;et se terminera \u00e0 nouveau pr\u00e8s de la&nbsp;<strong>Palais des affaires<\/strong>\u00e9galement un point de r\u00e9f\u00e9rence pour la conf\u00e9rence et le spectacle final. Voici quelques conseils pratiques :<\/p>\n\n\n\n<p><strong>En train<\/strong>: le <a href=\"https:\/\/www.rfi.it\/it\/stazioni\/firenze-santa-maria-novella.html\"><strong>station<\/strong> par&nbsp;<strong>Florence Santa Maria Novella<\/strong><\/a>&nbsp;est \u00e0 quelques pas de la Piazza Santa Maria Novella et du Palazzo degli Affari. C'est le moyen le plus pratique pour ceux qui arrivent de l'ext\u00e9rieur de la ville. Vous voulez faire le moins d'efforts possible ? Louez un <strong><a href=\"https:\/\/www.miamedicalitalia.it\/fr\/categoria\/affitto-e-noleggio-ausili\/affitto-e-noleggio-carrozzina\/\">fauteuil roulant<\/a><\/strong> ou un <strong><a href=\"https:\/\/www.miamedicalitalia.it\/fr\/categoria\/affitto-e-noleggio-ausili\/noleggio-e-affitto-carrozzina-elettrica-e-scooter\/\">scooter \u00e9lectrique de M.I.A. Medical Italy<\/a><\/strong> avec prise en charge directement \u00e0 la gare et arriv\u00e9e au point de rendez-vous en toute s\u00e9curit\u00e9 et confortablement. <\/p>\n\n\n\n<p><strong>Par le tram<\/strong>Les lignes <strong><a href=\"https:\/\/www.firenzetramvia.it\/\">T1 et T2<\/a><\/strong> de l'arr\u00eat de la rue devant la gare, ce qui permet d'assurer <strong>liens rapides<\/strong> de toutes les r\u00e9gions de Florence. Ces <strong>les lignes sont accessibles aux personnes handicap\u00e9es<\/strong>y compris les <strong>les passagers en fauteuil roulant<\/strong> et ceux qui ont <strong>d\u00e9ficience visuelle<\/strong>. Les tramways ont une <strong>la r\u00e9duction \u00e0 z\u00e9ro de la diff\u00e9rence de hauteur entre la plate-forme et le wagon pour en faciliter l'acc\u00e8s<\/strong> et ont<strong> points d'ancrage sp\u00e9ciaux pour les fauteuils roulants<\/strong>. Le <strong>les abribus sont \u00e9quip\u00e9s d'indicateurs acoustiques pour les arr\u00eats de bus et de panneaux en braille sur les panneaux \u00e0 boutons-poussoirs<\/strong>tandis que les itin\u00e9raires pour les personnes malvoyantes, appel\u00e9s \"<strong>Chemins de loges<\/strong>sont pr\u00e9sents sur les routes d'acc\u00e8s aux arr\u00eats.&nbsp;<br><\/p>\n\n\n\n<p><strong>En voiture<\/strong>Il est recommand\u00e9 d'utiliser le <strong>parkings<\/strong> \u00e0 proximit\u00e9 de la gare, Fortezza Fiera, Santa Maria Novella, Villa Costanza avec une connexion tram-via pour \u00e9viter le trafic dans le centre ville. Egalement avec le <strong>marque<\/strong> pour la circulation des personnes handicap\u00e9es, il est possible d'entrer dans la <strong>Zone \u00e0 circulation restreinte<\/strong> de <strong>centre historique<\/strong>mais il est n\u00e9cessaire <strong>enregistrement de la plaque d'immatriculation<\/strong> du v\u00e9hicule utilis\u00e9 \u00e0 <strong><a href=\"https:\/\/www.serviziallastrada.it\/\">Firenze Servizi alla Strada S.p.A.<\/a><\/strong> avant de se connecter, ou dans les 48 heures qui suivent. L'inscription peut se faire en ligne.<\/p>\n\n\n\n<h3 class=\"wp-block-heading\" id=\"h-m-i-a-medical-italia-il-nostro-impegno-quotidiano\">M.I.A. MEDICAL ITALIA : notre engagement quotidien <\/h3>\n\n\n\n<figure class=\"wp-block-gallery has-nested-images columns-default is-cropped wp-block-gallery-1 is-layout-flex wp-block-gallery-is-layout-flex\">\n<figure class=\"wp-block-image size-large\"><img loading=\"lazy\" decoding=\"async\" width=\"1227\" height=\"1614\" data-id=\"13255\" src=\"https:\/\/www.miamedicalitalia.it\/wp-content\/uploads\/2024\/11\/IMG_2343.jpeg\" alt=\"\" class=\"wp-image-13255\" srcset=\"https:\/\/www.miamedicalitalia.it\/wp-content\/uploads\/2024\/11\/IMG_2343.jpeg 1227w, https:\/\/www.miamedicalitalia.it\/wp-content\/uploads\/2024\/11\/IMG_2343-1168x1536.jpeg 1168w, https:\/\/www.miamedicalitalia.it\/wp-content\/uploads\/2024\/11\/IMG_2343-9x12.jpeg 9w, https:\/\/www.miamedicalitalia.it\/wp-content\/uploads\/2024\/11\/IMG_2343-500x658.jpeg 500w, https:\/\/www.miamedicalitalia.it\/wp-content\/uploads\/2024\/11\/IMG_2343-700x921.jpeg 700w\" sizes=\"auto, (max-width: 1227px) 100vw, 1227px\" \/><\/figure>\n\n\n\n<figure class=\"wp-block-image size-large\"><img loading=\"lazy\" decoding=\"async\" width=\"1224\" height=\"1600\" data-id=\"13250\" src=\"https:\/\/www.miamedicalitalia.it\/wp-content\/uploads\/2024\/11\/IMG_2341.jpeg\" alt=\"\" class=\"wp-image-13250\" srcset=\"https:\/\/www.miamedicalitalia.it\/wp-content\/uploads\/2024\/11\/IMG_2341.jpeg 1224w, https:\/\/www.miamedicalitalia.it\/wp-content\/uploads\/2024\/11\/IMG_2341-1175x1536.jpeg 1175w, https:\/\/www.miamedicalitalia.it\/wp-content\/uploads\/2024\/11\/IMG_2341-9x12.jpeg 9w, https:\/\/www.miamedicalitalia.it\/wp-content\/uploads\/2024\/11\/IMG_2341-500x654.jpeg 500w, https:\/\/www.miamedicalitalia.it\/wp-content\/uploads\/2024\/11\/IMG_2341-700x915.jpeg 700w\" sizes=\"auto, (max-width: 1224px) 100vw, 1224px\" \/><\/figure>\n\n\n\n<figure class=\"wp-block-image size-large\"><img loading=\"lazy\" decoding=\"async\" width=\"1223\" height=\"1561\" data-id=\"13234\" src=\"https:\/\/www.miamedicalitalia.it\/wp-content\/uploads\/2024\/11\/IMG_2337.jpeg\" alt=\"\" class=\"wp-image-13234\" srcset=\"https:\/\/www.miamedicalitalia.it\/wp-content\/uploads\/2024\/11\/IMG_2337.jpeg 1223w, https:\/\/www.miamedicalitalia.it\/wp-content\/uploads\/2024\/11\/IMG_2337-1203x1536.jpeg 1203w, https:\/\/www.miamedicalitalia.it\/wp-content\/uploads\/2024\/11\/IMG_2337-9x12.jpeg 9w, https:\/\/www.miamedicalitalia.it\/wp-content\/uploads\/2024\/11\/IMG_2337-500x638.jpeg 500w, https:\/\/www.miamedicalitalia.it\/wp-content\/uploads\/2024\/11\/IMG_2337-700x893.jpeg 700w\" sizes=\"auto, (max-width: 1223px) 100vw, 1223px\" \/><\/figure>\n<\/figure>\n\n\n\n<p>Participer \u00e0 la&nbsp;<strong>Disability Pride Toscane 2025<\/strong>&nbsp;c'est croire en une soci\u00e9t\u00e9 o\u00f9 l'autonomie et la dignit\u00e9 sont des droits garantis \u00e0 tous. C'est cette m\u00eame mission que nous, \u00e0&nbsp;<strong><a href=\"https:\/\/www.miamedicalitalia.it\/fr\/chi-siamo\/\">Mia Medical<\/a><\/strong>&nbsp;que nous r\u00e9alisons quotidiennement.<\/p>\n\n\n\n<p>Avec nos bureaux en Italie, et celui de&nbsp;<strong>Florence<\/strong>&nbsp;\u00e0 deux pas du c\u0153ur de l'\u00e9v\u00e9nement, nous travaillons pour offrir :<\/p>\n\n\n\n<ul class=\"wp-block-list\">\n<li><a href=\"https:\/\/www.miamedicalitalia.it\/fr\/categoria\/affitto-e-noleggio-ausili\/\"><strong>Location et vente d'aides \u00e0 la mobilit\u00e9 et d'\u00e9quipements \u00e9lectrom\u00e9dicaux<\/strong>&nbsp;<\/a>tels que les fauteuils roulants \u00e9lectriques et non \u00e9lectriques, les lits orthop\u00e9diques, les matelas anti-escarres, les d\u00e9ambulateurs et bien d'autres encore pour les soins et l'assistance \u00e0 domicile ;<\/li>\n\n\n\n<li><a href=\"https:\/\/www.miamedicalitalia.it\/fr\/categoria\/affitto-e-noleggio-ausili\/\"><strong>Monte-escaliers et ascenseurs \u00e9lectriques<\/strong>&nbsp;<\/a>pour rendre le logement plus accessible ;<\/li>\n\n\n\n<li><strong>Assistance technique et conseils personnalis\u00e9s<\/strong>parce que chaque personne a des besoins diff\u00e9rents et m\u00e9rite des solutions sur mesure ;<\/li>\n\n\n\n<li><strong>Des services rapides et flexibles<\/strong>con\u00e7u pour les familles, les soignants et les \u00e9tablissements de soins de sant\u00e9.<\/li>\n<\/ul>\n\n\n\n<p>Notre objectif est simple et clair,&nbsp;<strong>faire tomber les barri\u00e8res, m\u00eame \u00e0 l'int\u00e9rieur du domicile, et r\u00e9tablir la libert\u00e9 de mouvement et la s\u00e9r\u00e9nit\u00e9 dans la vie quotidienne<\/strong>. Pour nous, soutenir la Disability Pride Toscana, c'est r\u00e9affirmer que l'inclusion n'est pas un id\u00e9al abstrait, mais un objectif qui se construit aussi \u00e0 travers des services concrets, innovants et accessibles.<\/p>\n\n\n\n<p>N'oubliez pas de vous abonner \u00e0 notre <strong><a href=\"https:\/\/www.miamedicalitalia.it\/fr\/contatti\/\">Bulletin d'information<\/a><\/strong> pour rester au courant de toutes les nouvelles du monde de l'accessibilit\u00e9, du tourisme, du style de vie et de bien d'autres choses encore !<\/p>","protected":false},"excerpt":{"rendered":"<p>Sabato 27 settembre 2025, Firenze scriver\u00e0 una nuova pagina di storia sociale [&hellip;]<\/p>\n","protected":false},"author":809,"featured_media":14475,"comment_status":"open","ping_status":"open","sticky":false,"template":"","format":"standard","meta":{"_acf_changed":false,"footnotes":""},"categories":[183,186,176],"tags":[318,188,180,308,432,453,451,452,455,456,184],"class_list":["post-14464","post","type-post","status-publish","format-standard","has-post-thumbnail","hentry","category-articoli-anziani","category-articoli-disabili","category-news","tag-318","tag-ausili-medicali","tag-carrozzine","tag-disabilita","tag-disability-pride","tag-disability-pride-firenze","tag-disability-pride-italia","tag-disability-pride-toscana","tag-noleggio-ausili-medicali-firenze","tag-noleggio-scooter-elettrico-firenze","tag-turismo"],"acf":[],"yoast_head":"<!-- This site is optimized with the Yoast SEO Premium plugin v27.5 (Yoast SEO v27.5) - https:\/\/yoast.com\/product\/yoast-seo-premium-wordpress\/ -->\n<title>Disability Pride Toscana 2025: la prima edizione a Firenze - Mia Medical<\/title>\n<meta name=\"description\" content=\"Firenze nel 2025 apre le proprie strade alla prima edizione del Disability Pride Toscana. Scopri di cosa si tratta e come partecipare!\" \/>\n<meta name=\"robots\" content=\"index, follow, max-snippet:-1, max-image-preview:large, max-video-preview:-1\" \/>\n<link rel=\"canonical\" href=\"https:\/\/www.miamedicalitalia.it\/fr\/disability-pride-toscana-2025-la-prima-edizione-a-firenze\/\" \/>\n<meta property=\"og:locale\" content=\"fr_FR\" \/>\n<meta property=\"og:type\" content=\"article\" \/>\n<meta property=\"og:title\" content=\"Disability Pride Toscana 2025: la prima edizione a Firenze - Mia Medical\" \/>\n<meta property=\"og:description\" content=\"Firenze nel 2025 apre le proprie strade alla prima edizione del Disability Pride Toscana. Scopri di cosa si tratta e come partecipare!\" \/>\n<meta property=\"og:url\" content=\"https:\/\/www.miamedicalitalia.it\/fr\/disability-pride-toscana-2025-la-prima-edizione-a-firenze\/\" \/>\n<meta property=\"og:site_name\" content=\"Mia Medical\" \/>\n<meta property=\"article:publisher\" content=\"https:\/\/www.facebook.com\/miamedicalitalia\" \/>\n<meta property=\"article:published_time\" content=\"2025-09-07T18:43:04+00:00\" \/>\n<meta property=\"article:modified_time\" content=\"2026-03-30T16:21:33+00:00\" \/>\n<meta property=\"og:image\" content=\"https:\/\/www.miamedicalitalia.it\/wp-content\/uploads\/2025\/09\/2Q.jpeg\" \/>\n\t<meta property=\"og:image:width\" content=\"1024\" \/>\n\t<meta property=\"og:image:height\" content=\"1024\" \/>\n\t<meta property=\"og:image:type\" content=\"image\/jpeg\" \/>\n<meta name=\"author\" content=\"Anna Norante\" \/>\n<meta name=\"twitter:card\" content=\"summary_large_image\" \/>\n<meta name=\"twitter:label1\" content=\"\u00c9crit par\" \/>\n\t<meta name=\"twitter:data1\" content=\"Anna Norante\" \/>\n\t<meta name=\"twitter:label2\" content=\"Dur\u00e9e de lecture estim\u00e9e\" \/>\n\t<meta name=\"twitter:data2\" content=\"6 minutes\" \/>\n<script type=\"application\/ld+json\" class=\"yoast-schema-graph\">{\"@context\":\"https:\\\/\\\/schema.org\",\"@graph\":[{\"@type\":\"Article\",\"@id\":\"https:\\\/\\\/www.miamedicalitalia.it\\\/disability-pride-toscana-2025-la-prima-edizione-a-firenze\\\/#article\",\"isPartOf\":{\"@id\":\"https:\\\/\\\/www.miamedicalitalia.it\\\/disability-pride-toscana-2025-la-prima-edizione-a-firenze\\\/\"},\"author\":{\"name\":\"Anna Norante\",\"@id\":\"https:\\\/\\\/www.miamedicalitalia.it\\\/#\\\/schema\\\/person\\\/04a65f5cdcc128d65095be90c183f35a\"},\"headline\":\"Disability Pride Toscana 2025: la prima edizione a Firenze\",\"datePublished\":\"2025-09-07T18:43:04+00:00\",\"dateModified\":\"2026-03-30T16:21:33+00:00\",\"mainEntityOfPage\":{\"@id\":\"https:\\\/\\\/www.miamedicalitalia.it\\\/disability-pride-toscana-2025-la-prima-edizione-a-firenze\\\/\"},\"wordCount\":920,\"commentCount\":0,\"publisher\":{\"@id\":\"https:\\\/\\\/www.miamedicalitalia.it\\\/#organization\"},\"image\":{\"@id\":\"https:\\\/\\\/www.miamedicalitalia.it\\\/disability-pride-toscana-2025-la-prima-edizione-a-firenze\\\/#primaryimage\"},\"thumbnailUrl\":\"https:\\\/\\\/www.miamedicalitalia.it\\\/wp-content\\\/uploads\\\/2025\\\/09\\\/2Q.jpeg\",\"keywords\":[\"2025\",\"ausili medicali\",\"carrozzine\",\"disabilit\u00e0\",\"Disability Pride\",\"Disability Pride Firenze\",\"Disability Pride Italia\",\"Disability Pride Toscana\",\"noleggio ausili medicali Firenze\",\"noleggio scooter elettrico Firenze\",\"turismo\"],\"articleSection\":[\"Anziani\",\"Disabili\",\"News\"],\"inLanguage\":\"fr-FR\",\"potentialAction\":[{\"@type\":\"CommentAction\",\"name\":\"Comment\",\"target\":[\"https:\\\/\\\/www.miamedicalitalia.it\\\/disability-pride-toscana-2025-la-prima-edizione-a-firenze\\\/#respond\"]}]},{\"@type\":\"WebPage\",\"@id\":\"https:\\\/\\\/www.miamedicalitalia.it\\\/disability-pride-toscana-2025-la-prima-edizione-a-firenze\\\/\",\"url\":\"https:\\\/\\\/www.miamedicalitalia.it\\\/disability-pride-toscana-2025-la-prima-edizione-a-firenze\\\/\",\"name\":\"Disability Pride Toscana 2025: la prima edizione a Firenze - Mia Medical\",\"isPartOf\":{\"@id\":\"https:\\\/\\\/www.miamedicalitalia.it\\\/#website\"},\"primaryImageOfPage\":{\"@id\":\"https:\\\/\\\/www.miamedicalitalia.it\\\/disability-pride-toscana-2025-la-prima-edizione-a-firenze\\\/#primaryimage\"},\"image\":{\"@id\":\"https:\\\/\\\/www.miamedicalitalia.it\\\/disability-pride-toscana-2025-la-prima-edizione-a-firenze\\\/#primaryimage\"},\"thumbnailUrl\":\"https:\\\/\\\/www.miamedicalitalia.it\\\/wp-content\\\/uploads\\\/2025\\\/09\\\/2Q.jpeg\",\"datePublished\":\"2025-09-07T18:43:04+00:00\",\"dateModified\":\"2026-03-30T16:21:33+00:00\",\"description\":\"Firenze nel 2025 apre le proprie strade alla prima edizione del Disability Pride Toscana. Scopri di cosa si tratta e come partecipare!\",\"breadcrumb\":{\"@id\":\"https:\\\/\\\/www.miamedicalitalia.it\\\/disability-pride-toscana-2025-la-prima-edizione-a-firenze\\\/#breadcrumb\"},\"inLanguage\":\"fr-FR\",\"potentialAction\":[{\"@type\":\"ReadAction\",\"target\":[\"https:\\\/\\\/www.miamedicalitalia.it\\\/disability-pride-toscana-2025-la-prima-edizione-a-firenze\\\/\"]}]},{\"@type\":\"ImageObject\",\"inLanguage\":\"fr-FR\",\"@id\":\"https:\\\/\\\/www.miamedicalitalia.it\\\/disability-pride-toscana-2025-la-prima-edizione-a-firenze\\\/#primaryimage\",\"url\":\"https:\\\/\\\/www.miamedicalitalia.it\\\/wp-content\\\/uploads\\\/2025\\\/09\\\/2Q.jpeg\",\"contentUrl\":\"https:\\\/\\\/www.miamedicalitalia.it\\\/wp-content\\\/uploads\\\/2025\\\/09\\\/2Q.jpeg\",\"width\":1024,\"height\":1024,\"caption\":\"Disability Pride Toscana 2025\"},{\"@type\":\"BreadcrumbList\",\"@id\":\"https:\\\/\\\/www.miamedicalitalia.it\\\/disability-pride-toscana-2025-la-prima-edizione-a-firenze\\\/#breadcrumb\",\"itemListElement\":[{\"@type\":\"ListItem\",\"position\":1,\"name\":\"Home\",\"item\":\"https:\\\/\\\/www.miamedicalitalia.it\\\/\"},{\"@type\":\"ListItem\",\"position\":2,\"name\":\"Disability Pride Toscana 2025: la prima edizione a Firenze\"}]},{\"@type\":\"WebSite\",\"@id\":\"https:\\\/\\\/www.miamedicalitalia.it\\\/#website\",\"url\":\"https:\\\/\\\/www.miamedicalitalia.it\\\/\",\"name\":\"www.miamedicalitalia.it\",\"description\":\"Noleggio e Vendita Attrezzatura Sanitarie\",\"publisher\":{\"@id\":\"https:\\\/\\\/www.miamedicalitalia.it\\\/#organization\"},\"potentialAction\":[{\"@type\":\"SearchAction\",\"target\":{\"@type\":\"EntryPoint\",\"urlTemplate\":\"https:\\\/\\\/www.miamedicalitalia.it\\\/?s={search_term_string}\"},\"query-input\":{\"@type\":\"PropertyValueSpecification\",\"valueRequired\":true,\"valueName\":\"search_term_string\"}}],\"inLanguage\":\"fr-FR\"},{\"@type\":\"Organization\",\"@id\":\"https:\\\/\\\/www.miamedicalitalia.it\\\/#organization\",\"name\":\"OLG\",\"url\":\"https:\\\/\\\/www.miamedicalitalia.it\\\/\",\"logo\":{\"@type\":\"ImageObject\",\"inLanguage\":\"fr-FR\",\"@id\":\"https:\\\/\\\/www.miamedicalitalia.it\\\/#\\\/schema\\\/logo\\\/image\\\/\",\"url\":\"https:\\\/\\\/www.miamedicalitalia.it\\\/wp-content\\\/uploads\\\/2023\\\/04\\\/mia-medical-logo-free.png\",\"contentUrl\":\"https:\\\/\\\/www.miamedicalitalia.it\\\/wp-content\\\/uploads\\\/2023\\\/04\\\/mia-medical-logo-free.png\",\"width\":700,\"height\":700,\"caption\":\"OLG\"},\"image\":{\"@id\":\"https:\\\/\\\/www.miamedicalitalia.it\\\/#\\\/schema\\\/logo\\\/image\\\/\"},\"sameAs\":[\"https:\\\/\\\/www.facebook.com\\\/miamedicalitalia\"]},{\"@type\":\"Person\",\"@id\":\"https:\\\/\\\/www.miamedicalitalia.it\\\/#\\\/schema\\\/person\\\/04a65f5cdcc128d65095be90c183f35a\",\"name\":\"Anna Norante\",\"image\":{\"@type\":\"ImageObject\",\"inLanguage\":\"fr-FR\",\"@id\":\"https:\\\/\\\/secure.gravatar.com\\\/avatar\\\/f0be0e99d2a735522752a5fe34e6262c835130f0de176393ad559698341f2d55?s=96&d=mm&r=g\",\"url\":\"https:\\\/\\\/secure.gravatar.com\\\/avatar\\\/f0be0e99d2a735522752a5fe34e6262c835130f0de176393ad559698341f2d55?s=96&d=mm&r=g\",\"contentUrl\":\"https:\\\/\\\/secure.gravatar.com\\\/avatar\\\/f0be0e99d2a735522752a5fe34e6262c835130f0de176393ad559698341f2d55?s=96&d=mm&r=g\",\"caption\":\"Anna Norante\"}}]}<\/script>\n<!-- \/ Yoast SEO Premium plugin. -->","yoast_head_json":{"title":"Disability Pride Toscana 2025 : premi\u00e8re \u00e9dition \u00e0 Florence - Mia Medical","description":"En 2025, Florence ouvre ses rues \u00e0 la premi\u00e8re \u00e9dition de la Disability Pride Toscana. D\u00e9couvrez de quoi il s'agit et comment y participer !","robots":{"index":"index","follow":"follow","max-snippet":"max-snippet:-1","max-image-preview":"max-image-preview:large","max-video-preview":"max-video-preview:-1"},"canonical":"https:\/\/www.miamedicalitalia.it\/fr\/disability-pride-toscana-2025-la-prima-edizione-a-firenze\/","og_locale":"fr_FR","og_type":"article","og_title":"Disability Pride Toscana 2025: la prima edizione a Firenze - Mia Medical","og_description":"Firenze nel 2025 apre le proprie strade alla prima edizione del Disability Pride Toscana. Scopri di cosa si tratta e come partecipare!","og_url":"https:\/\/www.miamedicalitalia.it\/fr\/disability-pride-toscana-2025-la-prima-edizione-a-firenze\/","og_site_name":"Mia Medical","article_publisher":"https:\/\/www.facebook.com\/miamedicalitalia","article_published_time":"2025-09-07T18:43:04+00:00","article_modified_time":"2026-03-30T16:21:33+00:00","og_image":[{"width":1024,"height":1024,"url":"https:\/\/www.miamedicalitalia.it\/wp-content\/uploads\/2025\/09\/2Q.jpeg","type":"image\/jpeg"}],"author":"Anna Norante","twitter_card":"summary_large_image","twitter_misc":{"\u00c9crit par":"Anna Norante","Dur\u00e9e de lecture estim\u00e9e":"6 minutes"},"schema":{"@context":"https:\/\/schema.org","@graph":[{"@type":"Article","@id":"https:\/\/www.miamedicalitalia.it\/disability-pride-toscana-2025-la-prima-edizione-a-firenze\/#article","isPartOf":{"@id":"https:\/\/www.miamedicalitalia.it\/disability-pride-toscana-2025-la-prima-edizione-a-firenze\/"},"author":{"name":"Anna Norante","@id":"https:\/\/www.miamedicalitalia.it\/#\/schema\/person\/04a65f5cdcc128d65095be90c183f35a"},"headline":"Disability Pride Toscana 2025: la prima edizione a Firenze","datePublished":"2025-09-07T18:43:04+00:00","dateModified":"2026-03-30T16:21:33+00:00","mainEntityOfPage":{"@id":"https:\/\/www.miamedicalitalia.it\/disability-pride-toscana-2025-la-prima-edizione-a-firenze\/"},"wordCount":920,"commentCount":0,"publisher":{"@id":"https:\/\/www.miamedicalitalia.it\/#organization"},"image":{"@id":"https:\/\/www.miamedicalitalia.it\/disability-pride-toscana-2025-la-prima-edizione-a-firenze\/#primaryimage"},"thumbnailUrl":"https:\/\/www.miamedicalitalia.it\/wp-content\/uploads\/2025\/09\/2Q.jpeg","keywords":["2025","ausili medicali","carrozzine","disabilit\u00e0","Disability Pride","Disability Pride Firenze","Disability Pride Italia","Disability Pride Toscana","noleggio ausili medicali Firenze","noleggio scooter elettrico Firenze","turismo"],"articleSection":["Anziani","Disabili","News"],"inLanguage":"fr-FR","potentialAction":[{"@type":"CommentAction","name":"Comment","target":["https:\/\/www.miamedicalitalia.it\/disability-pride-toscana-2025-la-prima-edizione-a-firenze\/#respond"]}]},{"@type":"WebPage","@id":"https:\/\/www.miamedicalitalia.it\/disability-pride-toscana-2025-la-prima-edizione-a-firenze\/","url":"https:\/\/www.miamedicalitalia.it\/disability-pride-toscana-2025-la-prima-edizione-a-firenze\/","name":"Disability Pride Toscana 2025 : premi\u00e8re \u00e9dition \u00e0 Florence - Mia Medical","isPartOf":{"@id":"https:\/\/www.miamedicalitalia.it\/#website"},"primaryImageOfPage":{"@id":"https:\/\/www.miamedicalitalia.it\/disability-pride-toscana-2025-la-prima-edizione-a-firenze\/#primaryimage"},"image":{"@id":"https:\/\/www.miamedicalitalia.it\/disability-pride-toscana-2025-la-prima-edizione-a-firenze\/#primaryimage"},"thumbnailUrl":"https:\/\/www.miamedicalitalia.it\/wp-content\/uploads\/2025\/09\/2Q.jpeg","datePublished":"2025-09-07T18:43:04+00:00","dateModified":"2026-03-30T16:21:33+00:00","description":"En 2025, Florence ouvre ses rues \u00e0 la premi\u00e8re \u00e9dition de la Disability Pride Toscana. D\u00e9couvrez de quoi il s'agit et comment y participer !","breadcrumb":{"@id":"https:\/\/www.miamedicalitalia.it\/disability-pride-toscana-2025-la-prima-edizione-a-firenze\/#breadcrumb"},"inLanguage":"fr-FR","potentialAction":[{"@type":"ReadAction","target":["https:\/\/www.miamedicalitalia.it\/disability-pride-toscana-2025-la-prima-edizione-a-firenze\/"]}]},{"@type":"ImageObject","inLanguage":"fr-FR","@id":"https:\/\/www.miamedicalitalia.it\/disability-pride-toscana-2025-la-prima-edizione-a-firenze\/#primaryimage","url":"https:\/\/www.miamedicalitalia.it\/wp-content\/uploads\/2025\/09\/2Q.jpeg","contentUrl":"https:\/\/www.miamedicalitalia.it\/wp-content\/uploads\/2025\/09\/2Q.jpeg","width":1024,"height":1024,"caption":"Disability Pride Toscana 2025"},{"@type":"BreadcrumbList","@id":"https:\/\/www.miamedicalitalia.it\/disability-pride-toscana-2025-la-prima-edizione-a-firenze\/#breadcrumb","itemListElement":[{"@type":"ListItem","position":1,"name":"Home","item":"https:\/\/www.miamedicalitalia.it\/"},{"@type":"ListItem","position":2,"name":"Disability Pride Toscana 2025: la prima edizione a Firenze"}]},{"@type":"WebSite","@id":"https:\/\/www.miamedicalitalia.it\/#website","url":"https:\/\/www.miamedicalitalia.it\/","name":"www.miamedicalitalia.it","description":"Location et vente d'\u00e9quipements sanitaires","publisher":{"@id":"https:\/\/www.miamedicalitalia.it\/#organization"},"potentialAction":[{"@type":"SearchAction","target":{"@type":"EntryPoint","urlTemplate":"https:\/\/www.miamedicalitalia.it\/?s={search_term_string}"},"query-input":{"@type":"PropertyValueSpecification","valueRequired":true,"valueName":"search_term_string"}}],"inLanguage":"fr-FR"},{"@type":"Organization","@id":"https:\/\/www.miamedicalitalia.it\/#organization","name":"OLG","url":"https:\/\/www.miamedicalitalia.it\/","logo":{"@type":"ImageObject","inLanguage":"fr-FR","@id":"https:\/\/www.miamedicalitalia.it\/#\/schema\/logo\/image\/","url":"https:\/\/www.miamedicalitalia.it\/wp-content\/uploads\/2023\/04\/mia-medical-logo-free.png","contentUrl":"https:\/\/www.miamedicalitalia.it\/wp-content\/uploads\/2023\/04\/mia-medical-logo-free.png","width":700,"height":700,"caption":"OLG"},"image":{"@id":"https:\/\/www.miamedicalitalia.it\/#\/schema\/logo\/image\/"},"sameAs":["https:\/\/www.facebook.com\/miamedicalitalia"]},{"@type":"Person","@id":"https:\/\/www.miamedicalitalia.it\/#\/schema\/person\/04a65f5cdcc128d65095be90c183f35a","name":"Anna Norante","image":{"@type":"ImageObject","inLanguage":"fr-FR","@id":"https:\/\/secure.gravatar.com\/avatar\/f0be0e99d2a735522752a5fe34e6262c835130f0de176393ad559698341f2d55?s=96&d=mm&r=g","url":"https:\/\/secure.gravatar.com\/avatar\/f0be0e99d2a735522752a5fe34e6262c835130f0de176393ad559698341f2d55?s=96&d=mm&r=g","contentUrl":"https:\/\/secure.gravatar.com\/avatar\/f0be0e99d2a735522752a5fe34e6262c835130f0de176393ad559698341f2d55?s=96&d=mm&r=g","caption":"Anna Norante"}}]}},"_links":{"self":[{"href":"https:\/\/www.miamedicalitalia.it\/fr\/wp-json\/wp\/v2\/posts\/14464","targetHints":{"allow":["GET"]}}],"collection":[{"href":"https:\/\/www.miamedicalitalia.it\/fr\/wp-json\/wp\/v2\/posts"}],"about":[{"href":"https:\/\/www.miamedicalitalia.it\/fr\/wp-json\/wp\/v2\/types\/post"}],"author":[{"embeddable":true,"href":"https:\/\/www.miamedicalitalia.it\/fr\/wp-json\/wp\/v2\/users\/809"}],"replies":[{"embeddable":true,"href":"https:\/\/www.miamedicalitalia.it\/fr\/wp-json\/wp\/v2\/comments?post=14464"}],"version-history":[{"count":8,"href":"https:\/\/www.miamedicalitalia.it\/fr\/wp-json\/wp\/v2\/posts\/14464\/revisions"}],"predecessor-version":[{"id":14474,"href":"https:\/\/www.miamedicalitalia.it\/fr\/wp-json\/wp\/v2\/posts\/14464\/revisions\/14474"}],"wp:featuredmedia":[{"embeddable":true,"href":"https:\/\/www.miamedicalitalia.it\/fr\/wp-json\/wp\/v2\/media\/14475"}],"wp:attachment":[{"href":"https:\/\/www.miamedicalitalia.it\/fr\/wp-json\/wp\/v2\/media?parent=14464"}],"wp:term":[{"taxonomy":"category","embeddable":true,"href":"https:\/\/www.miamedicalitalia.it\/fr\/wp-json\/wp\/v2\/categories?post=14464"},{"taxonomy":"post_tag","embeddable":true,"href":"https:\/\/www.miamedicalitalia.it\/fr\/wp-json\/wp\/v2\/tags?post=14464"}],"curies":[{"name":"wp","href":"https:\/\/api.w.org\/{rel}","templated":true}]}}