{"id":14338,"date":"2025-09-07T20:44:31","date_gmt":"2025-09-07T18:44:31","guid":{"rendered":"https:\/\/www.miamedicalitalia.it\/?p=14338"},"modified":"2025-09-07T20:44:32","modified_gmt":"2025-09-07T18:44:32","slug":"disability-pride-roma-2025-tutto-quello-che-ce-da-sapere","status":"publish","type":"post","link":"https:\/\/www.miamedicalitalia.it\/fr\/disability-pride-roma-2025-tutto-quello-che-ce-da-sapere\/","title":{"rendered":"Disability Pride Rome 2025 : tout ce qu'il faut savoir\u00a0"},"content":{"rendered":"<h4 class=\"wp-block-heading\" id=\"h-il-20-settembre-la-capitale-celebra-inclusione-e-diritti\">Le 20 septembre, la capitale c\u00e9l\u00e8bre l'inclusion et les droits <\/h4>\n\n\n\n<figure class=\"wp-block-image size-full\"><img loading=\"lazy\" decoding=\"async\" width=\"2344\" height=\"1584\" src=\"https:\/\/www.miamedicalitalia.it\/wp-content\/uploads\/2025\/08\/IMG_4504.jpeg\" alt=\"DISABILITY PRIDE ROMA\" class=\"wp-image-14346\" srcset=\"https:\/\/www.miamedicalitalia.it\/wp-content\/uploads\/2025\/08\/IMG_4504.jpeg 2344w, https:\/\/www.miamedicalitalia.it\/wp-content\/uploads\/2025\/08\/IMG_4504-1536x1038.jpeg 1536w, https:\/\/www.miamedicalitalia.it\/wp-content\/uploads\/2025\/08\/IMG_4504-2048x1384.jpeg 2048w, https:\/\/www.miamedicalitalia.it\/wp-content\/uploads\/2025\/08\/IMG_4504-18x12.jpeg 18w, https:\/\/www.miamedicalitalia.it\/wp-content\/uploads\/2025\/08\/IMG_4504-500x338.jpeg 500w, https:\/\/www.miamedicalitalia.it\/wp-content\/uploads\/2025\/08\/IMG_4504-700x473.jpeg 700w\" sizes=\"auto, (max-width: 2344px) 100vw, 2344px\" \/><figcaption class=\"wp-element-caption\"><a href=\"https:\/\/www.rollingstone.it\/cultura\/ad-essere-disabili-sono-i-luoghi-non-le-persone-torna-il-disability-pride-italia\/671326\/\">De Rolling Stones Italie<\/a>Disability Pride Rome 2022<\/figcaption><\/figure>\n\n\n\n<p>Les&nbsp;<strong>20 septembre 2025<\/strong>&nbsp;retourne \u00e0 Rome le&nbsp;<strong>Fiert\u00e9 des personnes handicap\u00e9es<\/strong>l'\u00e9v\u00e9nement qui promeut les droits, le respect, l'\u00e9ducation et l'inclusion des personnes handicap\u00e9es. Un \u00e9v\u00e9nement qui n'est pas un simple d\u00e9fil\u00e9, mais un v\u00e9ritable moment de communaut\u00e9, de partage et de participation ouvert \u00e0 tous.<\/p>\n\n\n\n<h3 class=\"wp-block-heading\" id=\"h-che-cos-e-il-disability-pride-e-perche-e-importante-partecipare-come-atto-di-consapevolezza-collettiva-nbsp\"><strong>Qu'est-ce que la Disability Pride et pourquoi est-ce important : participer en tant qu'acte de conscience collective&nbsp;<\/strong><\/h3>\n\n\n\n<p>Les <strong><a href=\"https:\/\/www.disabilitypridesc.org\/home\">Fiert\u00e9 des personnes handicap\u00e9es <\/a><\/strong>est un mouvement international n\u00e9 dans le but de :<\/p>\n\n\n\n<ul class=\"wp-block-list\">\n<li>renforcer l'identit\u00e9 et la fiert\u00e9 des personnes handicap\u00e9es ;<\/li>\n\n\n\n<li>sensibiliser aux droits et \u00e0 l'inclusion ;<\/li>\n\n\n\n<li>briser les st\u00e9r\u00e9otypes et les barri\u00e8res culturelles et sociales ;<\/li>\n<\/ul>\n\n\n\n<p>Participer \u00e0 cette journ\u00e9e signifie&nbsp;<strong>se lever pour une soci\u00e9t\u00e9 plus inclusive<\/strong>dans lequel chaque personne peut vivre avec la m\u00eame dignit\u00e9 et les m\u00eames chances.<\/p>\n\n\n\n<h4 class=\"wp-block-heading\" id=\"h-la-storia-del-disability-pride-e-il-suo-messaggio-universale-diversita-come-risorsa-e-valore-per-l-intera-societa-nbsp\"><strong>L'histoire de la Disability Pride et son message universel : la diversit\u00e9 comme ressource et valeur pour l'ensemble de la soci\u00e9t\u00e9&nbsp;<\/strong><\/h4>\n\n\n\n<p>Les&nbsp;<strong>Fiert\u00e9 des personnes handicap\u00e9es<\/strong>&nbsp;est n\u00e9e aux \u00c9tats-Unis au d\u00e9but des ann\u00e9es 1990, \u00e0 l'instar des mouvements des droits civiques et de la fiert\u00e9 LGBTQ+. L'id\u00e9e \u00e9tait claire :&nbsp;<strong>passer d'un handicap consid\u00e9r\u00e9 comme une limitation \u00e0 un handicap faisant partie de l'identit\u00e9, \u00e0 vivre avec fiert\u00e9 et dignit\u00e9<\/strong>.<\/p>\n\n\n\n<p>En Italie, la premi\u00e8re \u00e9dition remonte \u00e0&nbsp;<strong>2015<\/strong>avec un d\u00e9fil\u00e9 \u00e0 Rome qui a inaugur\u00e9 un parcours qui, aujourd'hui, est de plus en plus fr\u00e9quent\u00e9 et reconnu \u00e0 l'\u00e9chelle nationale et internationale. Aujourd'hui, Disability Pride Italy fait partie d'un r\u00e9seau mondial qui organise des \u00e9v\u00e9nements dans des villes telles que New York, Londres, Berlin et Madrid.<\/p>\n\n\n\n<h3 class=\"wp-block-heading\" id=\"h-disability-pride-roma-2025-come-partecipare\"><strong>Disability Pride Rome 2025 : comment participer ?<\/strong><\/h3>\n\n\n\n<p><strong>Date :<\/strong>&nbsp;Samedi 20 septembre 2025<\/p>\n\n\n\n<p><strong>Localisation :<\/strong>&nbsp;Rome (l'itin\u00e9raire officiel de la parade sera publi\u00e9 prochainement sur le site web)&nbsp;<a href=\"https:\/\/www.disabilityprideitalia.org\/\">Disability Pride Italie<\/a>&nbsp;et sur les canaux sociaux de l'\u00e9v\u00e9nement).<\/p>\n\n\n\n<figure class=\"wp-block-image size-full is-resized\"><img loading=\"lazy\" decoding=\"async\" width=\"674\" height=\"449\" src=\"https:\/\/www.miamedicalitalia.it\/wp-content\/uploads\/2025\/08\/IMG_4505-1.jpeg\" alt=\"\" class=\"wp-image-14354\" style=\"width:840px;height:auto\" srcset=\"https:\/\/www.miamedicalitalia.it\/wp-content\/uploads\/2025\/08\/IMG_4505-1.jpeg 674w, https:\/\/www.miamedicalitalia.it\/wp-content\/uploads\/2025\/08\/IMG_4505-1-18x12.jpeg 18w, https:\/\/www.miamedicalitalia.it\/wp-content\/uploads\/2025\/08\/IMG_4505-1-500x333.jpeg 500w\" sizes=\"auto, (max-width: 674px) 100vw, 674px\" \/><figcaption class=\"wp-element-caption\">DISABILITY PRIDE ROME<\/figcaption><\/figure>\n\n\n\n<p>L'\u00e9v\u00e9nement comprend&nbsp;<strong><a href=\"https:\/\/www.superabile.it\/portale\/it\/storie-eventi-e-notizie\/news-disabilita\/dettaglio-notizia.2025.06.disability-pride-2025-roma-settembre.html\">D\u00e9fil\u00e9 des personnes handicap\u00e9es<\/a><\/strong>,&nbsp;<strong>cort\u00e8ge color\u00e9 et festif<\/strong>&nbsp;entre les rues de&nbsp;<strong>centre historique de Rome<\/strong>&nbsp;(de la Piazza Santi Apostoli \u00e0 la Piazza di Spagna ou Piazza del Popolo), avec de la musique, des discours, des t\u00e9moignages et des moments de r\u00e9flexion. Les&nbsp;<strong>Village des handicap\u00e9s<\/strong>&nbsp;sur l'une des places historiques (Piazza di Spagna ou Piazza del Popolo), o\u00f9 vous aurez l'occasion de participer \u00e0 de nombreuses activit\u00e9s.<\/p>\n\n\n\n<p><strong>L'invitation est ouverte \u00e0 tous :<\/strong> les personnes handicap\u00e9es, les aidants, les familles, les associations, les professionnels et les citoyens qui souhaitent s'unir pour soutenir une soci\u00e9t\u00e9 plus juste et plus inclusive.<\/p>\n\n\n\n<h3 class=\"wp-block-heading\" id=\"h-come-arrivare-con-la-metropolitana-e-mezzi-pubblici-informazioni-utili\"><strong>Comment s'y rendre en m\u00e9tro et en transports publics : Informations utiles<\/strong><\/h3>\n\n\n\n<p>Malheureusement, les stations les plus proches du point de d\u00e9part (<strong>Espagne, Barberini, R\u00e9publique<\/strong>)&nbsp;<strong>ne sont pas accessibles par un ascenseur ou un monte-escalier fonctionnel<\/strong>.<\/p>\n\n\n\n<p>Pour les personnes en fauteuil roulant, le m\u00e9tro n'est donc pas une solution pratique. <strong>Alternative recommand\u00e9e<\/strong>: <strong><a href=\"https:\/\/www.atac.roma.it\/utility\/servizi-accessibili\">utiliser des autobus avec des marchepieds manuels ou \u00e9lectriques.<\/a><\/strong><\/p>\n\n\n\n<p>- Les lignes qui s'arr\u00eatent en&nbsp;<strong>Piazza Venezia<\/strong>&nbsp;(\u00e0 200 m\u00e8tres de la Piazza Santi Apostoli) sont :&nbsp;<strong>40, 60, 64, 70, 80, 83, 85, 87, 118, 170, H<\/strong>tous \u00e9quip\u00e9s de moyens accessibles.<\/p>\n\n\n\n<p>En <strong>voitures<\/strong> pour ceux qui ont le <strong>carte de stationnement et de circulation pour les personnes handicap\u00e9es<\/strong>, c'est possible :<\/p>\n\n\n\n<ul class=\"wp-block-list\">\n<li>Acc\u00e9der \u00e0 la <strong>ZTL<\/strong> du centre historique sans restrictions<\/li>\n\n\n\n<li> Se garer sur les places de parking r\u00e9serv\u00e9es le long des rues adjacentes \u00e0 la Piazza Venezia et \u00e0 la Piazza Santi Apostoli.<\/li>\n<\/ul>\n\n\n\n<p><strong>Conseils pratiques<\/strong>\u00a0Le moyen le plus simple et le plus pratique de se rendre \u00e0 l'a\u00e9roport de Bruxelles-Capitale.\u00a0<strong>Disability Pride Rome<\/strong>\u00a0pour les personnes \u00e0 mobilit\u00e9 r\u00e9duite est\u00a0<strong>rejoindre la Piazza Venezia en voiture ou en bus accessible<\/strong>et de l\u00e0, se d\u00e9placer de quelques m\u00e8tres en direction de<a href=\"https:\/\/maps.apple.com\/?address=Piazza%20Santi%20Apostoli,%2000187%20Roma,%20Italia&amp;auid=14749013147826958395&amp;ll=41.897668,12.483063&amp;lsp=9902&amp;q=Piazza%20Santi%20Apostoli&amp;t=r\">\u00a0<strong>Piazza Santi Apostoli<\/strong><\/a>point de d\u00e9part de la procession.<\/p>\n\n\n\n<h3 class=\"wp-block-heading\" id=\"h-il-ruolo-di-mia-medical-italia-al-fianco-delle-persone-con-disabilita-ogni-giorno\"><strong><a href=\"https:\/\/www.miamedicalitalia.it\/fr\/chi-siamo\/\">Le r\u00f4le de Mia Medical Italia : accompagner les personnes handicap\u00e9es au quotidien<\/a><\/strong><\/h3>\n\n\n\n<p>Pour <strong>Mia Medical Italie <\/strong>les <strong>Fiert\u00e9 des personnes handicap\u00e9es<\/strong> n'est pas seulement un rendez-vous annuel, mais un rappel de notre engagement quotidien :\u00a0<strong>Apporter autonomie, s\u00e9r\u00e9nit\u00e9 et bien-\u00eatre<\/strong>\u00a0\u00e0 ceux qui en ont le plus besoin. Depuis des ann\u00e9es, nous travaillons sur le terrain pour offrir des solutions de mobilit\u00e9 qui am\u00e9liorent concr\u00e8tement la vie des personnes handicap\u00e9es.<\/p>\n\n\n\n<p><a href=\"https:\/\/www.miamedicalitalia.it\/fr\/chi-siamo\/\">D\u00e9couvrez qui nous sommes<\/a><\/p>\n\n\n\n<p>Participer et soutenir des \u00e9v\u00e9nements tels que le <strong>Disability Pride Rome<\/strong> signifie r\u00e9affirmer que\u00a0<strong>l'inclusion et les droits sont notre mission<\/strong>\u00a0que l'attention port\u00e9e aux d\u00e9tails de nos services. <a href=\"https:\/\/www.miamedicalitalia.it\/fr\/categoria\/affitto-e-noleggio-ausili\/\">D\u00e9couvrez nos services de vente et de location d'aides \u00e0 la mobilit\u00e9 et d'\u00e9quipements \u00e9lectrom\u00e9dicaux.\u00a0<\/a><\/p>\n\n\n\n<figure class=\"wp-block-gallery has-nested-images columns-default is-cropped wp-block-gallery-1 is-layout-flex wp-block-gallery-is-layout-flex\">\n<figure class=\"wp-block-image size-large\"><img loading=\"lazy\" decoding=\"async\" width=\"691\" height=\"733\" data-id=\"14351\" src=\"https:\/\/www.miamedicalitalia.it\/wp-content\/uploads\/2025\/08\/IMG_4352.jpeg\" alt=\"\" class=\"wp-image-14351\" srcset=\"https:\/\/www.miamedicalitalia.it\/wp-content\/uploads\/2025\/08\/IMG_4352.jpeg 691w, https:\/\/www.miamedicalitalia.it\/wp-content\/uploads\/2025\/08\/IMG_4352-11x12.jpeg 11w, https:\/\/www.miamedicalitalia.it\/wp-content\/uploads\/2025\/08\/IMG_4352-500x530.jpeg 500w\" sizes=\"auto, (max-width: 691px) 100vw, 691px\" \/><figcaption class=\"wp-element-caption\">I <a href=\"https:\/\/www.miamedicalitalia.it\/fr\/categoria\/affitto-e-noleggio-ausili\/noleggio-e-affitto-carrozzina-elettrica-e-scooter\/\">nos scooters \u00e9lectriques <\/a><\/figcaption><\/figure>\n\n\n\n<figure class=\"wp-block-image size-large\"><img loading=\"lazy\" decoding=\"async\" width=\"1080\" height=\"1080\" data-id=\"14352\" src=\"https:\/\/www.miamedicalitalia.it\/wp-content\/uploads\/2025\/08\/IMG_4355.jpeg\" alt=\"\" class=\"wp-image-14352\" srcset=\"https:\/\/www.miamedicalitalia.it\/wp-content\/uploads\/2025\/08\/IMG_4355.jpeg 1080w, https:\/\/www.miamedicalitalia.it\/wp-content\/uploads\/2025\/08\/IMG_4355-150x150.jpeg 150w, https:\/\/www.miamedicalitalia.it\/wp-content\/uploads\/2025\/08\/IMG_4355-12x12.jpeg 12w, https:\/\/www.miamedicalitalia.it\/wp-content\/uploads\/2025\/08\/IMG_4355-500x500.jpeg 500w, https:\/\/www.miamedicalitalia.it\/wp-content\/uploads\/2025\/08\/IMG_4355-700x700.jpeg 700w, https:\/\/www.miamedicalitalia.it\/wp-content\/uploads\/2025\/08\/IMG_4355-100x100.jpeg 100w\" sizes=\"auto, (max-width: 1080px) 100vw, 1080px\" \/><figcaption class=\"wp-element-caption\">Le <a href=\"https:\/\/www.miamedicalitalia.it\/fr\/categoria\/affitto-e-noleggio-ausili\/noleggio-e-affitto-carrozzina-elettrica-e-scooter\/\">nos fauteuils roulants \u00e9lectriques pliants ultra-l\u00e9gers<\/a><\/figcaption><\/figure>\n\n\n\n<figure class=\"wp-block-image size-large\"><img loading=\"lazy\" decoding=\"async\" width=\"1000\" height=\"1000\" data-id=\"14350\" src=\"https:\/\/www.miamedicalitalia.it\/wp-content\/uploads\/2025\/08\/IMG_2158.jpeg\" alt=\"\" class=\"wp-image-14350\" srcset=\"https:\/\/www.miamedicalitalia.it\/wp-content\/uploads\/2025\/08\/IMG_2158.jpeg 1000w, https:\/\/www.miamedicalitalia.it\/wp-content\/uploads\/2025\/08\/IMG_2158-150x150.jpeg 150w, https:\/\/www.miamedicalitalia.it\/wp-content\/uploads\/2025\/08\/IMG_2158-12x12.jpeg 12w, https:\/\/www.miamedicalitalia.it\/wp-content\/uploads\/2025\/08\/IMG_2158-500x500.jpeg 500w, https:\/\/www.miamedicalitalia.it\/wp-content\/uploads\/2025\/08\/IMG_2158-700x700.jpeg 700w, https:\/\/www.miamedicalitalia.it\/wp-content\/uploads\/2025\/08\/IMG_2158-100x100.jpeg 100w\" sizes=\"auto, (max-width: 1000px) 100vw, 1000px\" \/><figcaption class=\"wp-element-caption\"><a href=\"https:\/\/www.miamedicalitalia.it\/fr\/categoria\/affitto-e-noleggio-ausili\/affitto-e-noleggio-carrozzina\/\">Tous nos mod\u00e8les de fauteuils roulants <\/a><\/figcaption><\/figure>\n<\/figure>\n\n\n\n<p><strong>Rejoignez Disability Pride Roma 2025<\/strong>Participez, partagez, faites entendre votre voix. <strong><a href=\"https:\/\/wa.me\/393926509237\">Contactez nous<\/a><\/strong> pour louer un scooter \u00e9lectrique, un fauteuil roulant et bien plus encore pour participer \u00e0 cet \u00e9v\u00e9nement incontournable ! <strong>Appeler le +39 392 65 09 237<\/strong>.<\/p>\n\n\n\n<h3 class=\"wp-block-heading\" id=\"h-prossimo-appuntamento-disability-pride-firenze-2025\"><strong><a href=\"https:\/\/www.dptoscana.it\/\">Prochain \u00e9v\u00e9nement : Disability Pride Florence 2025<\/a><\/strong><\/h3>\n\n\n\n<p>Apr\u00e8s Rome, le 27 septembre, ce sera au tour de Florence, qui accueillera son&nbsp;<strong>premi\u00e8re \u00e9dition de Disability Pride<\/strong>.<\/p>\n\n\n\n<p>C'est une nouvelle que nous sommes fiers d'apprendre et dont nous parlerons prochainement sur notre blog, notamment parce que Mia Medical est bas\u00e9e \u00e0 Florence et qu'elle ne manquera pas cette nouvelle \u00e9tape !&nbsp;<\/p>\n\n\n\n<p>S'abonner \u00e0 notre <strong><a href=\"https:\/\/www.miamedicalitalia.it\/fr\/contatti\/\">Bulletin d'information<\/a><\/strong> pour ne rien manquer de l'actualit\u00e9 de la <strong>le tourisme accessible \u00e0 Rome et \u00e0 Florence, des offres incontournables sur les aides \u00e0 la mobilit\u00e9 et les \u00e9quipements \u00e9lectrom\u00e9dicaux, des conseils et bien plus encore !\u00a0<\/strong><\/p>","protected":false},"excerpt":{"rendered":"<p>Il 20 Settembre la Capitale celebra inclusione e diritti Il&nbsp;20 settembre 2025&nbsp;torna [&hellip;]<\/p>\n","protected":false},"author":809,"featured_media":14356,"comment_status":"open","ping_status":"open","sticky":false,"template":"","format":"standard","meta":{"_acf_changed":false,"footnotes":""},"categories":[183,186,176],"tags":[318,437,188,190,308,432,434,433,435,439,436,193,184],"class_list":["post-14338","post","type-post","status-publish","format-standard","has-post-thumbnail","hentry","category-articoli-anziani","category-articoli-disabili","category-news","tag-318","tag-accessibilita-mezzi-roma","tag-ausili-medicali","tag-benefici","tag-disabilita","tag-disability-pride","tag-disability-pride-parade-roma","tag-disability-pride-roma","tag-disability-village-roma","tag-inclusivita","tag-manifestazione-disabilita-roma","tag-noleggio","tag-turismo"],"acf":[],"yoast_head":"<!-- This site is optimized with the Yoast SEO Premium plugin v27.5 (Yoast SEO v27.5) - https:\/\/yoast.com\/product\/yoast-seo-premium-wordpress\/ -->\n<title>Disability Pride Roma 2025: tutto quello che c\u2019\u00e8 da sapere\u00a0 - Mia Medical<\/title>\n<meta name=\"description\" content=\"Il 20 settembre 2025 Roma torna ad ospitare il Disability Pride. Scopri tutto quello che c\u2019\u00e8 da sapere per partecipare alla manifestazione!\" \/>\n<meta name=\"robots\" content=\"index, follow, max-snippet:-1, max-image-preview:large, max-video-preview:-1\" \/>\n<link rel=\"canonical\" href=\"https:\/\/www.miamedicalitalia.it\/fr\/disability-pride-roma-2025-tutto-quello-che-ce-da-sapere\/\" \/>\n<meta property=\"og:locale\" content=\"fr_FR\" \/>\n<meta property=\"og:type\" content=\"article\" \/>\n<meta property=\"og:title\" content=\"Disability Pride Roma 2025: tutto quello che c\u2019\u00e8 da sapere\u00a0 - Mia Medical\" \/>\n<meta property=\"og:description\" content=\"Il 20 settembre 2025 Roma torna ad ospitare il Disability Pride. Scopri tutto quello che c\u2019\u00e8 da sapere per partecipare alla manifestazione!\" \/>\n<meta property=\"og:url\" content=\"https:\/\/www.miamedicalitalia.it\/fr\/disability-pride-roma-2025-tutto-quello-che-ce-da-sapere\/\" \/>\n<meta property=\"og:site_name\" content=\"Mia Medical\" \/>\n<meta property=\"article:publisher\" content=\"https:\/\/www.facebook.com\/miamedicalitalia\" \/>\n<meta property=\"article:published_time\" content=\"2025-09-07T18:44:31+00:00\" \/>\n<meta property=\"article:modified_time\" content=\"2025-09-07T18:44:32+00:00\" \/>\n<meta property=\"og:image\" content=\"https:\/\/www.miamedicalitalia.it\/wp-content\/uploads\/2025\/08\/D3Rk4hVXHS7SAAAAAElFTkSuQmCC.png\" \/>\n\t<meta property=\"og:image:width\" content=\"1024\" \/>\n\t<meta property=\"og:image:height\" content=\"1024\" \/>\n\t<meta property=\"og:image:type\" content=\"image\/png\" \/>\n<meta name=\"author\" content=\"Anna Norante\" \/>\n<meta name=\"twitter:card\" content=\"summary_large_image\" \/>\n<meta name=\"twitter:label1\" content=\"\u00c9crit par\" \/>\n\t<meta name=\"twitter:data1\" content=\"Anna Norante\" \/>\n\t<meta name=\"twitter:label2\" content=\"Dur\u00e9e de lecture estim\u00e9e\" \/>\n\t<meta name=\"twitter:data2\" content=\"4 minutes\" \/>\n<script type=\"application\/ld+json\" class=\"yoast-schema-graph\">{\"@context\":\"https:\\\/\\\/schema.org\",\"@graph\":[{\"@type\":\"Article\",\"@id\":\"https:\\\/\\\/www.miamedicalitalia.it\\\/disability-pride-roma-2025-tutto-quello-che-ce-da-sapere\\\/#article\",\"isPartOf\":{\"@id\":\"https:\\\/\\\/www.miamedicalitalia.it\\\/disability-pride-roma-2025-tutto-quello-che-ce-da-sapere\\\/\"},\"author\":{\"name\":\"Anna Norante\",\"@id\":\"https:\\\/\\\/www.miamedicalitalia.it\\\/#\\\/schema\\\/person\\\/04a65f5cdcc128d65095be90c183f35a\"},\"headline\":\"Disability Pride Roma 2025: tutto quello che c\u2019\u00e8 da sapere\u00a0\",\"datePublished\":\"2025-09-07T18:44:31+00:00\",\"dateModified\":\"2025-09-07T18:44:32+00:00\",\"mainEntityOfPage\":{\"@id\":\"https:\\\/\\\/www.miamedicalitalia.it\\\/disability-pride-roma-2025-tutto-quello-che-ce-da-sapere\\\/\"},\"wordCount\":822,\"commentCount\":0,\"publisher\":{\"@id\":\"https:\\\/\\\/www.miamedicalitalia.it\\\/#organization\"},\"image\":{\"@id\":\"https:\\\/\\\/www.miamedicalitalia.it\\\/disability-pride-roma-2025-tutto-quello-che-ce-da-sapere\\\/#primaryimage\"},\"thumbnailUrl\":\"https:\\\/\\\/www.miamedicalitalia.it\\\/wp-content\\\/uploads\\\/2025\\\/08\\\/D3Rk4hVXHS7SAAAAAElFTkSuQmCC.png\",\"keywords\":[\"2025\",\"accessibilit\u00e0 mezzi Roma\",\"ausili medicali\",\"benefici\",\"disabilit\u00e0\",\"Disability Pride\",\"Disability Pride Parade Roma\",\"Disability Pride Roma\",\"Disability Village Roma\",\"inclusivit\u00e0\",\"manifestazione disabilit\u00e0 Roma\",\"noleggio\",\"turismo\"],\"articleSection\":[\"Anziani\",\"Disabili\",\"News\"],\"inLanguage\":\"fr-FR\",\"potentialAction\":[{\"@type\":\"CommentAction\",\"name\":\"Comment\",\"target\":[\"https:\\\/\\\/www.miamedicalitalia.it\\\/disability-pride-roma-2025-tutto-quello-che-ce-da-sapere\\\/#respond\"]}]},{\"@type\":\"WebPage\",\"@id\":\"https:\\\/\\\/www.miamedicalitalia.it\\\/disability-pride-roma-2025-tutto-quello-che-ce-da-sapere\\\/\",\"url\":\"https:\\\/\\\/www.miamedicalitalia.it\\\/disability-pride-roma-2025-tutto-quello-che-ce-da-sapere\\\/\",\"name\":\"Disability Pride Roma 2025: tutto quello che c\u2019\u00e8 da sapere\u00a0 - Mia Medical\",\"isPartOf\":{\"@id\":\"https:\\\/\\\/www.miamedicalitalia.it\\\/#website\"},\"primaryImageOfPage\":{\"@id\":\"https:\\\/\\\/www.miamedicalitalia.it\\\/disability-pride-roma-2025-tutto-quello-che-ce-da-sapere\\\/#primaryimage\"},\"image\":{\"@id\":\"https:\\\/\\\/www.miamedicalitalia.it\\\/disability-pride-roma-2025-tutto-quello-che-ce-da-sapere\\\/#primaryimage\"},\"thumbnailUrl\":\"https:\\\/\\\/www.miamedicalitalia.it\\\/wp-content\\\/uploads\\\/2025\\\/08\\\/D3Rk4hVXHS7SAAAAAElFTkSuQmCC.png\",\"datePublished\":\"2025-09-07T18:44:31+00:00\",\"dateModified\":\"2025-09-07T18:44:32+00:00\",\"description\":\"Il 20 settembre 2025 Roma torna ad ospitare il Disability Pride. Scopri tutto quello che c\u2019\u00e8 da sapere per partecipare alla manifestazione!\",\"breadcrumb\":{\"@id\":\"https:\\\/\\\/www.miamedicalitalia.it\\\/disability-pride-roma-2025-tutto-quello-che-ce-da-sapere\\\/#breadcrumb\"},\"inLanguage\":\"fr-FR\",\"potentialAction\":[{\"@type\":\"ReadAction\",\"target\":[\"https:\\\/\\\/www.miamedicalitalia.it\\\/disability-pride-roma-2025-tutto-quello-che-ce-da-sapere\\\/\"]}]},{\"@type\":\"ImageObject\",\"inLanguage\":\"fr-FR\",\"@id\":\"https:\\\/\\\/www.miamedicalitalia.it\\\/disability-pride-roma-2025-tutto-quello-che-ce-da-sapere\\\/#primaryimage\",\"url\":\"https:\\\/\\\/www.miamedicalitalia.it\\\/wp-content\\\/uploads\\\/2025\\\/08\\\/D3Rk4hVXHS7SAAAAAElFTkSuQmCC.png\",\"contentUrl\":\"https:\\\/\\\/www.miamedicalitalia.it\\\/wp-content\\\/uploads\\\/2025\\\/08\\\/D3Rk4hVXHS7SAAAAAElFTkSuQmCC.png\",\"width\":1024,\"height\":1024,\"caption\":\"DISABILITY PRIDE ROMA\"},{\"@type\":\"BreadcrumbList\",\"@id\":\"https:\\\/\\\/www.miamedicalitalia.it\\\/disability-pride-roma-2025-tutto-quello-che-ce-da-sapere\\\/#breadcrumb\",\"itemListElement\":[{\"@type\":\"ListItem\",\"position\":1,\"name\":\"Home\",\"item\":\"https:\\\/\\\/www.miamedicalitalia.it\\\/\"},{\"@type\":\"ListItem\",\"position\":2,\"name\":\"Disability Pride Roma 2025: tutto quello che c\u2019\u00e8 da sapere\u00a0\"}]},{\"@type\":\"WebSite\",\"@id\":\"https:\\\/\\\/www.miamedicalitalia.it\\\/#website\",\"url\":\"https:\\\/\\\/www.miamedicalitalia.it\\\/\",\"name\":\"www.miamedicalitalia.it\",\"description\":\"Noleggio e Vendita Attrezzatura Sanitarie\",\"publisher\":{\"@id\":\"https:\\\/\\\/www.miamedicalitalia.it\\\/#organization\"},\"potentialAction\":[{\"@type\":\"SearchAction\",\"target\":{\"@type\":\"EntryPoint\",\"urlTemplate\":\"https:\\\/\\\/www.miamedicalitalia.it\\\/?s={search_term_string}\"},\"query-input\":{\"@type\":\"PropertyValueSpecification\",\"valueRequired\":true,\"valueName\":\"search_term_string\"}}],\"inLanguage\":\"fr-FR\"},{\"@type\":\"Organization\",\"@id\":\"https:\\\/\\\/www.miamedicalitalia.it\\\/#organization\",\"name\":\"OLG\",\"url\":\"https:\\\/\\\/www.miamedicalitalia.it\\\/\",\"logo\":{\"@type\":\"ImageObject\",\"inLanguage\":\"fr-FR\",\"@id\":\"https:\\\/\\\/www.miamedicalitalia.it\\\/#\\\/schema\\\/logo\\\/image\\\/\",\"url\":\"https:\\\/\\\/www.miamedicalitalia.it\\\/wp-content\\\/uploads\\\/2023\\\/04\\\/mia-medical-logo-free.png\",\"contentUrl\":\"https:\\\/\\\/www.miamedicalitalia.it\\\/wp-content\\\/uploads\\\/2023\\\/04\\\/mia-medical-logo-free.png\",\"width\":700,\"height\":700,\"caption\":\"OLG\"},\"image\":{\"@id\":\"https:\\\/\\\/www.miamedicalitalia.it\\\/#\\\/schema\\\/logo\\\/image\\\/\"},\"sameAs\":[\"https:\\\/\\\/www.facebook.com\\\/miamedicalitalia\"]},{\"@type\":\"Person\",\"@id\":\"https:\\\/\\\/www.miamedicalitalia.it\\\/#\\\/schema\\\/person\\\/04a65f5cdcc128d65095be90c183f35a\",\"name\":\"Anna Norante\",\"image\":{\"@type\":\"ImageObject\",\"inLanguage\":\"fr-FR\",\"@id\":\"https:\\\/\\\/secure.gravatar.com\\\/avatar\\\/f0be0e99d2a735522752a5fe34e6262c835130f0de176393ad559698341f2d55?s=96&d=mm&r=g\",\"url\":\"https:\\\/\\\/secure.gravatar.com\\\/avatar\\\/f0be0e99d2a735522752a5fe34e6262c835130f0de176393ad559698341f2d55?s=96&d=mm&r=g\",\"contentUrl\":\"https:\\\/\\\/secure.gravatar.com\\\/avatar\\\/f0be0e99d2a735522752a5fe34e6262c835130f0de176393ad559698341f2d55?s=96&d=mm&r=g\",\"caption\":\"Anna Norante\"}}]}<\/script>\n<!-- \/ Yoast SEO Premium plugin. -->","yoast_head_json":{"title":"Disability Pride Rome 2025 : tout ce qu'il faut savoir  - Mia Medical","description":"Le 20 septembre 2025, Rome accueillera \u00e0 nouveau la Disability Pride. D\u00e9couvrez tout ce qu'il faut savoir pour participer \u00e0 l'\u00e9v\u00e9nement !","robots":{"index":"index","follow":"follow","max-snippet":"max-snippet:-1","max-image-preview":"max-image-preview:large","max-video-preview":"max-video-preview:-1"},"canonical":"https:\/\/www.miamedicalitalia.it\/fr\/disability-pride-roma-2025-tutto-quello-che-ce-da-sapere\/","og_locale":"fr_FR","og_type":"article","og_title":"Disability Pride Roma 2025: tutto quello che c\u2019\u00e8 da sapere\u00a0 - Mia Medical","og_description":"Il 20 settembre 2025 Roma torna ad ospitare il Disability Pride. Scopri tutto quello che c\u2019\u00e8 da sapere per partecipare alla manifestazione!","og_url":"https:\/\/www.miamedicalitalia.it\/fr\/disability-pride-roma-2025-tutto-quello-che-ce-da-sapere\/","og_site_name":"Mia Medical","article_publisher":"https:\/\/www.facebook.com\/miamedicalitalia","article_published_time":"2025-09-07T18:44:31+00:00","article_modified_time":"2025-09-07T18:44:32+00:00","og_image":[{"url":"https:\/\/www.miamedicalitalia.it\/wp-content\/uploads\/2025\/08\/D3Rk4hVXHS7SAAAAAElFTkSuQmCC.png","width":1024,"height":1024,"type":"image\/png"}],"author":"Anna Norante","twitter_card":"summary_large_image","twitter_misc":{"\u00c9crit par":"Anna Norante","Dur\u00e9e de lecture estim\u00e9e":"4 minutes"},"schema":{"@context":"https:\/\/schema.org","@graph":[{"@type":"Article","@id":"https:\/\/www.miamedicalitalia.it\/disability-pride-roma-2025-tutto-quello-che-ce-da-sapere\/#article","isPartOf":{"@id":"https:\/\/www.miamedicalitalia.it\/disability-pride-roma-2025-tutto-quello-che-ce-da-sapere\/"},"author":{"name":"Anna Norante","@id":"https:\/\/www.miamedicalitalia.it\/#\/schema\/person\/04a65f5cdcc128d65095be90c183f35a"},"headline":"Disability Pride Roma 2025: tutto quello che c\u2019\u00e8 da sapere\u00a0","datePublished":"2025-09-07T18:44:31+00:00","dateModified":"2025-09-07T18:44:32+00:00","mainEntityOfPage":{"@id":"https:\/\/www.miamedicalitalia.it\/disability-pride-roma-2025-tutto-quello-che-ce-da-sapere\/"},"wordCount":822,"commentCount":0,"publisher":{"@id":"https:\/\/www.miamedicalitalia.it\/#organization"},"image":{"@id":"https:\/\/www.miamedicalitalia.it\/disability-pride-roma-2025-tutto-quello-che-ce-da-sapere\/#primaryimage"},"thumbnailUrl":"https:\/\/www.miamedicalitalia.it\/wp-content\/uploads\/2025\/08\/D3Rk4hVXHS7SAAAAAElFTkSuQmCC.png","keywords":["2025","accessibilit\u00e0 mezzi Roma","ausili medicali","benefici","disabilit\u00e0","Disability Pride","Disability Pride Parade Roma","Disability Pride Roma","Disability Village Roma","inclusivit\u00e0","manifestazione disabilit\u00e0 Roma","noleggio","turismo"],"articleSection":["Anziani","Disabili","News"],"inLanguage":"fr-FR","potentialAction":[{"@type":"CommentAction","name":"Comment","target":["https:\/\/www.miamedicalitalia.it\/disability-pride-roma-2025-tutto-quello-che-ce-da-sapere\/#respond"]}]},{"@type":"WebPage","@id":"https:\/\/www.miamedicalitalia.it\/disability-pride-roma-2025-tutto-quello-che-ce-da-sapere\/","url":"https:\/\/www.miamedicalitalia.it\/disability-pride-roma-2025-tutto-quello-che-ce-da-sapere\/","name":"Disability Pride Rome 2025 : tout ce qu'il faut savoir  - Mia Medical","isPartOf":{"@id":"https:\/\/www.miamedicalitalia.it\/#website"},"primaryImageOfPage":{"@id":"https:\/\/www.miamedicalitalia.it\/disability-pride-roma-2025-tutto-quello-che-ce-da-sapere\/#primaryimage"},"image":{"@id":"https:\/\/www.miamedicalitalia.it\/disability-pride-roma-2025-tutto-quello-che-ce-da-sapere\/#primaryimage"},"thumbnailUrl":"https:\/\/www.miamedicalitalia.it\/wp-content\/uploads\/2025\/08\/D3Rk4hVXHS7SAAAAAElFTkSuQmCC.png","datePublished":"2025-09-07T18:44:31+00:00","dateModified":"2025-09-07T18:44:32+00:00","description":"Le 20 septembre 2025, Rome accueillera \u00e0 nouveau la Disability Pride. D\u00e9couvrez tout ce qu'il faut savoir pour participer \u00e0 l'\u00e9v\u00e9nement !","breadcrumb":{"@id":"https:\/\/www.miamedicalitalia.it\/disability-pride-roma-2025-tutto-quello-che-ce-da-sapere\/#breadcrumb"},"inLanguage":"fr-FR","potentialAction":[{"@type":"ReadAction","target":["https:\/\/www.miamedicalitalia.it\/disability-pride-roma-2025-tutto-quello-che-ce-da-sapere\/"]}]},{"@type":"ImageObject","inLanguage":"fr-FR","@id":"https:\/\/www.miamedicalitalia.it\/disability-pride-roma-2025-tutto-quello-che-ce-da-sapere\/#primaryimage","url":"https:\/\/www.miamedicalitalia.it\/wp-content\/uploads\/2025\/08\/D3Rk4hVXHS7SAAAAAElFTkSuQmCC.png","contentUrl":"https:\/\/www.miamedicalitalia.it\/wp-content\/uploads\/2025\/08\/D3Rk4hVXHS7SAAAAAElFTkSuQmCC.png","width":1024,"height":1024,"caption":"DISABILITY PRIDE ROMA"},{"@type":"BreadcrumbList","@id":"https:\/\/www.miamedicalitalia.it\/disability-pride-roma-2025-tutto-quello-che-ce-da-sapere\/#breadcrumb","itemListElement":[{"@type":"ListItem","position":1,"name":"Home","item":"https:\/\/www.miamedicalitalia.it\/"},{"@type":"ListItem","position":2,"name":"Disability Pride Roma 2025: tutto quello che c\u2019\u00e8 da sapere\u00a0"}]},{"@type":"WebSite","@id":"https:\/\/www.miamedicalitalia.it\/#website","url":"https:\/\/www.miamedicalitalia.it\/","name":"www.miamedicalitalia.it","description":"Location et vente d'\u00e9quipements sanitaires","publisher":{"@id":"https:\/\/www.miamedicalitalia.it\/#organization"},"potentialAction":[{"@type":"SearchAction","target":{"@type":"EntryPoint","urlTemplate":"https:\/\/www.miamedicalitalia.it\/?s={search_term_string}"},"query-input":{"@type":"PropertyValueSpecification","valueRequired":true,"valueName":"search_term_string"}}],"inLanguage":"fr-FR"},{"@type":"Organization","@id":"https:\/\/www.miamedicalitalia.it\/#organization","name":"OLG","url":"https:\/\/www.miamedicalitalia.it\/","logo":{"@type":"ImageObject","inLanguage":"fr-FR","@id":"https:\/\/www.miamedicalitalia.it\/#\/schema\/logo\/image\/","url":"https:\/\/www.miamedicalitalia.it\/wp-content\/uploads\/2023\/04\/mia-medical-logo-free.png","contentUrl":"https:\/\/www.miamedicalitalia.it\/wp-content\/uploads\/2023\/04\/mia-medical-logo-free.png","width":700,"height":700,"caption":"OLG"},"image":{"@id":"https:\/\/www.miamedicalitalia.it\/#\/schema\/logo\/image\/"},"sameAs":["https:\/\/www.facebook.com\/miamedicalitalia"]},{"@type":"Person","@id":"https:\/\/www.miamedicalitalia.it\/#\/schema\/person\/04a65f5cdcc128d65095be90c183f35a","name":"Anna Norante","image":{"@type":"ImageObject","inLanguage":"fr-FR","@id":"https:\/\/secure.gravatar.com\/avatar\/f0be0e99d2a735522752a5fe34e6262c835130f0de176393ad559698341f2d55?s=96&d=mm&r=g","url":"https:\/\/secure.gravatar.com\/avatar\/f0be0e99d2a735522752a5fe34e6262c835130f0de176393ad559698341f2d55?s=96&d=mm&r=g","contentUrl":"https:\/\/secure.gravatar.com\/avatar\/f0be0e99d2a735522752a5fe34e6262c835130f0de176393ad559698341f2d55?s=96&d=mm&r=g","caption":"Anna Norante"}}]}},"_links":{"self":[{"href":"https:\/\/www.miamedicalitalia.it\/fr\/wp-json\/wp\/v2\/posts\/14338","targetHints":{"allow":["GET"]}}],"collection":[{"href":"https:\/\/www.miamedicalitalia.it\/fr\/wp-json\/wp\/v2\/posts"}],"about":[{"href":"https:\/\/www.miamedicalitalia.it\/fr\/wp-json\/wp\/v2\/types\/post"}],"author":[{"embeddable":true,"href":"https:\/\/www.miamedicalitalia.it\/fr\/wp-json\/wp\/v2\/users\/809"}],"replies":[{"embeddable":true,"href":"https:\/\/www.miamedicalitalia.it\/fr\/wp-json\/wp\/v2\/comments?post=14338"}],"version-history":[{"count":11,"href":"https:\/\/www.miamedicalitalia.it\/fr\/wp-json\/wp\/v2\/posts\/14338\/revisions"}],"predecessor-version":[{"id":14355,"href":"https:\/\/www.miamedicalitalia.it\/fr\/wp-json\/wp\/v2\/posts\/14338\/revisions\/14355"}],"wp:featuredmedia":[{"embeddable":true,"href":"https:\/\/www.miamedicalitalia.it\/fr\/wp-json\/wp\/v2\/media\/14356"}],"wp:attachment":[{"href":"https:\/\/www.miamedicalitalia.it\/fr\/wp-json\/wp\/v2\/media?parent=14338"}],"wp:term":[{"taxonomy":"category","embeddable":true,"href":"https:\/\/www.miamedicalitalia.it\/fr\/wp-json\/wp\/v2\/categories?post=14338"},{"taxonomy":"post_tag","embeddable":true,"href":"https:\/\/www.miamedicalitalia.it\/fr\/wp-json\/wp\/v2\/tags?post=14338"}],"curies":[{"name":"wp","href":"https:\/\/api.w.org\/{rel}","templated":true}]}}