{"id":13886,"date":"2025-05-09T16:18:51","date_gmt":"2025-05-09T14:18:51","guid":{"rendered":"https:\/\/www.miamedicalitalia.it\/?p=13886"},"modified":"2025-05-09T16:18:52","modified_gmt":"2025-05-09T14:18:52","slug":"camminare-insieme-partecipa-alla-piu-passeggiata-inclusiva-universale","status":"publish","type":"post","link":"https:\/\/www.miamedicalitalia.it\/fr\/camminare-insieme-partecipa-alla-piu-passeggiata-inclusiva-universale\/","title":{"rendered":"La Marche universelle pour l'inclusion vient \u00e0 EUR : rejoignez-nous !"},"content":{"rendered":"<h4 class=\"wp-block-heading\" id=\"h-p-i-u-la-camminata-dell-inclusione-un-evento-per-abbattere-le-barriere-visibili-e-invisibili\">P.I.U. la marche de l'inclusion : un \u00e9v\u00e9nement pour faire tomber les barri\u00e8res, visibles et invisibles<\/h4>\n\n\n\n<p>Suivant&nbsp;<strong>9 mai \u00e0 17h00<\/strong>Le quartier EUR de Rome accueillera la&nbsp;<strong>Marche universelle inclusive (PIU)<\/strong>promu par&nbsp;<strong><a href=\"https:\/\/www.disabilitypridenetwork.org\/2025\/05\/02\/eur-eka-piu-passeggiata-inclusiva-universale-alleur\/\">Disability Pride Italie<\/a><\/strong>&nbsp;en collaboration avec la&nbsp;<strong>IX Municipalit\u00e9<\/strong>. Un \u00e9v\u00e9nement pr\u00e9cieux et participatif pour r\u00e9affirmer que&nbsp;<strong>l'accessibilit\u00e9 est un droit universel<\/strong>n'est pas un privil\u00e8ge r\u00e9serv\u00e9 \u00e0 quelques-uns.<\/p>\n\n\n\n<p><strong>Nous marcherons ensemble<\/strong>de mani\u00e8re symbolique mais aussi tr\u00e8s concr\u00e8te, de rendre visible ce qui reste trop souvent invisible : les difficult\u00e9s quotidiennes de ceux qui vivent, se d\u00e9placent et explorent le monde avec un handicap.<\/p>\n\n\n\n<h4 class=\"wp-block-heading\" id=\"h-il-percorso-della-piu-da-eur-palasport-a-piazza-marconi\">L'itin\u00e9raire PIU : de l'EUR Palasport \u00e0 la Piazza Marconi<\/h4>\n\n\n\n<p>Le d\u00e9part est fix\u00e9&nbsp;<strong>\u00e0 17 heures<\/strong>\u00e0 l'arr\u00eat de m\u00e9tro&nbsp;<strong>EUR Palasport<\/strong>\u00e0 c\u00f4t\u00e9 du bar&nbsp;<em>Belv\u00e9d\u00e8re<\/em>. A partir de l\u00e0, nous marcherons ensemble&nbsp;<strong>Avenue America<\/strong>,&nbsp;<strong>Rue Beethoven<\/strong>&nbsp;e&nbsp;<strong>Rue Liszt<\/strong>jusqu'\u00e0&nbsp;<strong>Piazza Guglielmo Marconi<\/strong>devant le majestueux Ob\u00e9lisque.<\/p>\n\n\n\n<p>Un simple chemin qui, pour certains, peut devenir une course d'obstacles. <a href=\"https:\/\/www.comune.roma.it\/web\/it\/notizia\/mun09-eur-passeggiata-inclusiva-universale.page\">C'est pr\u00e9cis\u00e9ment ce que l'UPI nous invite \u00e0 d\u00e9couvrir.<\/a><\/p>\n\n\n\n<h4 class=\"wp-block-heading\" id=\"h-un-esperienza-trasformativa-mettersi-nei-panni-degli-altri\">Une exp\u00e9rience transformatrice : se mettre \u00e0 la place des autres <\/h4>\n\n\n\n<p>Pendant le PIU, ceux qui le souhaitent peuvent s'essayer \u00e0&nbsp;<strong>simulations sensorielles et motrices<\/strong>fauteuils roulants, bandeaux, cannes blanches, bouchons d'oreille. Des petits gestes pour exp\u00e9rimenter, au moins pour un moment, ce que cela signifie d'\u00eatre confront\u00e9 \u00e0 des barri\u00e8res architecturales, \u00e0 l'inattention, \u00e0 des difficult\u00e9s de communication. Parce que l'empathie na\u00eet du geste le plus simple : \u00e9couter, regarder, marcher aux c\u00f4t\u00e9s de ceux qui affrontent chaque jour des d\u00e9fis invisibles.  <br><\/p>\n\n\n\n<h4 class=\"wp-block-heading\" id=\"h-risvegliare-la-consapevolezza-collettiva-con-la-passeggiata-inclusiva-universale\">\u00c9veiller la conscience collective avec la marche universelle inclusive <\/h4>\n\n\n\n<p>Dans un monde o\u00f9 tout va tr\u00e8s vite, ceux qui ne vivent pas avec un handicap au quotidien peuvent facilement oublier \u00e0 quel point il est difficile de monter sur un trottoir, de traverser une rue, de visiter un mus\u00e9e ou d'acc\u00e9der \u00e0 des toilettes publiques.&nbsp;<strong>C'est la raison pour laquelle des \u00e9v\u00e9nements comme le PIU sont essentiels<\/strong>parce qu'ils nous aident \u00e0 ouvrir nos yeux, nos c\u0153urs et surtout nos esprits.<\/p>\n\n\n\n<p>Il ne suffit pas de construire des rampes ou des monte-escaliers :&nbsp;<strong>un changement culturel est n\u00e9cessaire<\/strong>l'\u00e9ducation au respect, \u00e0 la diversit\u00e9 et \u00e0 la coexistence. Parce qu'une ville v\u00e9ritablement inclusive est une ville dans laquelle chacun peut choisir comment et o\u00f9 se d\u00e9placer, en toute autonomie et dignit\u00e9.<\/p>\n\n\n\n<h4 class=\"wp-block-heading\" id=\"h-passeggiata-inclusiva-universale-mia-medical-italia-c-e\">Marche pour l'inclusion universelle : Mia Medical Italia est l\u00e0 !<\/h4>\n\n\n\n<p><strong>Mia Medical Italie<\/strong>veut, \u00e0 sa mani\u00e8re, contribuer \u00e0 ce long voyage...&nbsp;<strong>m\u00e9taphorique et non m\u00e9taphorique<\/strong>&nbsp;- avec des outils concrets et un engagement permanent \u00e0 diffuser une culture de l'accessibilit\u00e9.<\/p>\n\n\n\n<p>Avec notre&nbsp;<strong><a href=\"https:\/\/www.miamedicalitalia.it\/fr\/blog\/?_gl=1*1vec15u*_up*MQ..*_ga*NDYxNzU5ODk1LjE3NDY2OTY3MTA.*_ga_D9FZ9V3LL7*czE3NDY2OTY3MDkkbzEkZzAkdDE3NDY2OTY3MDkkajAkbDAkaDA.\">blog<\/a><\/strong>chaque semaine, nous essayons d'offrir&nbsp;<strong>conseils, guides, r\u00e9flexions et astuces<\/strong>: \u00e0 partir de&nbsp;<strong>tourisme accessible<\/strong>&nbsp;\u00e0 l'utilisation correcte des aides, de&nbsp;<strong>l\u00e9gislation actuelle<\/strong>&nbsp;aux histoires de ceux qui ont r\u00e9ussi. Parce que les mots, l'information et la connaissance sont aussi des outils puissants pour faire tomber les barri\u00e8res.<\/p>\n\n\n\n<h4 class=\"wp-block-heading\" id=\"h-unisciti-a-noi-partecipa-alla-piu\">Rejoignez-nous : participez au PIU<\/h4>\n\n\n\n<p><strong>Le PIU est ouvert \u00e0 tous.<\/strong>&nbsp;C'est gratuit, engageant, passionnant. Participer, c'est choisir de ne pas regarder ailleurs, c'est devenir un \u00e9l\u00e9ment actif du changement. Amenez vos amis, votre famille, vos coll\u00e8gues, vos enfants : chaque pas compte. Et chaque pas fait ensemble a plus de force.<\/p>\n\n\n\n<h4 class=\"wp-block-heading\" id=\"h-informazioni-utili\">INFORMATIONS UTILES<\/h4>\n\n\n\n<ul class=\"wp-block-list\">\n<li><strong>Quand ?<\/strong>\u00a0Vendredi 9 mai, 17h00<\/li>\n\n\n\n<li><strong>O\u00f9 ?<\/strong>&nbsp;Rendez-vous \u00e0 la station de m\u00e9tro EUR Palasport (\u00e0 c\u00f4t\u00e9 du bar Belvedere)<\/li>\n\n\n\n<li><strong>Itin\u00e9raire :<\/strong>&nbsp;Viale America - Via Beethoven - Via Liszt - Piazza Guglielmo Marconi<\/li>\n\n\n\n<li><strong>Ev\u00e9nement sponsoris\u00e9 par :<\/strong>&nbsp;Disability Pride Italy, en collaboration avec la municipalit\u00e9 de IX<\/li>\n\n\n\n<li><strong>Pourquoi ?<\/strong>&nbsp;Promouvoir une culture de l'inclusion et de l'accessibilit\u00e9 universelle<\/li>\n<\/ul>","protected":false},"excerpt":{"rendered":"<p>P.I.U. la camminata dell\u2019inclusione: un evento per abbattere le barriere, visibili e [&hellip;]<\/p>\n","protected":false},"author":809,"featured_media":13897,"comment_status":"open","ping_status":"open","sticky":false,"template":"","format":"standard","meta":{"_acf_changed":false,"footnotes":""},"categories":[183],"tags":[],"class_list":["post-13886","post","type-post","status-publish","format-standard","has-post-thumbnail","hentry","category-articoli-anziani"],"acf":[],"yoast_head":"<!-- This site is optimized with the Yoast SEO Premium plugin v27.5 (Yoast SEO v27.5) - https:\/\/yoast.com\/product\/yoast-seo-premium-wordpress\/ -->\n<title>La Passeggiata Inclusiva Universale arriva all\u2019EUR: unisciti a noi! - Mia Medical<\/title>\n<meta name=\"description\" content=\"Il 9 Maggio alle 17:00 unisciti alla Passeggiata Inclusiva Universale (PIU). Un evento promosso da Disability Pride per un mondo consapevole.\" \/>\n<meta name=\"robots\" content=\"index, follow, max-snippet:-1, max-image-preview:large, max-video-preview:-1\" \/>\n<link rel=\"canonical\" href=\"https:\/\/www.miamedicalitalia.it\/fr\/camminare-insieme-partecipa-alla-piu-passeggiata-inclusiva-universale\/\" \/>\n<meta property=\"og:locale\" content=\"fr_FR\" \/>\n<meta property=\"og:type\" content=\"article\" \/>\n<meta property=\"og:title\" content=\"La Passeggiata Inclusiva Universale arriva all\u2019EUR: unisciti a noi! - Mia Medical\" \/>\n<meta property=\"og:description\" content=\"Il 9 Maggio alle 17:00 unisciti alla Passeggiata Inclusiva Universale (PIU). Un evento promosso da Disability Pride per un mondo consapevole.\" \/>\n<meta property=\"og:url\" content=\"https:\/\/www.miamedicalitalia.it\/fr\/camminare-insieme-partecipa-alla-piu-passeggiata-inclusiva-universale\/\" \/>\n<meta property=\"og:site_name\" content=\"Mia Medical\" \/>\n<meta property=\"article:publisher\" content=\"https:\/\/www.facebook.com\/miamedicalitalia\" \/>\n<meta property=\"article:published_time\" content=\"2025-05-09T14:18:51+00:00\" \/>\n<meta property=\"article:modified_time\" content=\"2025-05-09T14:18:52+00:00\" \/>\n<meta property=\"og:image\" content=\"https:\/\/www.miamedicalitalia.it\/wp-content\/uploads\/2025\/05\/IMG_3858.jpeg\" \/>\n\t<meta property=\"og:image:width\" content=\"1024\" \/>\n\t<meta property=\"og:image:height\" content=\"1024\" \/>\n\t<meta property=\"og:image:type\" content=\"image\/jpeg\" \/>\n<meta name=\"author\" content=\"Anna Norante\" \/>\n<meta name=\"twitter:card\" content=\"summary_large_image\" \/>\n<meta name=\"twitter:label1\" content=\"\u00c9crit par\" \/>\n\t<meta name=\"twitter:data1\" content=\"Anna Norante\" \/>\n\t<meta name=\"twitter:label2\" content=\"Dur\u00e9e de lecture estim\u00e9e\" \/>\n\t<meta name=\"twitter:data2\" content=\"3 minutes\" \/>\n<script type=\"application\/ld+json\" class=\"yoast-schema-graph\">{\"@context\":\"https:\\\/\\\/schema.org\",\"@graph\":[{\"@type\":\"Article\",\"@id\":\"https:\\\/\\\/www.miamedicalitalia.it\\\/camminare-insieme-partecipa-alla-piu-passeggiata-inclusiva-universale\\\/#article\",\"isPartOf\":{\"@id\":\"https:\\\/\\\/www.miamedicalitalia.it\\\/camminare-insieme-partecipa-alla-piu-passeggiata-inclusiva-universale\\\/\"},\"author\":{\"name\":\"Anna Norante\",\"@id\":\"https:\\\/\\\/www.miamedicalitalia.it\\\/#\\\/schema\\\/person\\\/04a65f5cdcc128d65095be90c183f35a\"},\"headline\":\"La Passeggiata Inclusiva Universale arriva all\u2019EUR: unisciti a noi!\",\"datePublished\":\"2025-05-09T14:18:51+00:00\",\"dateModified\":\"2025-05-09T14:18:52+00:00\",\"mainEntityOfPage\":{\"@id\":\"https:\\\/\\\/www.miamedicalitalia.it\\\/camminare-insieme-partecipa-alla-piu-passeggiata-inclusiva-universale\\\/\"},\"wordCount\":556,\"commentCount\":0,\"publisher\":{\"@id\":\"https:\\\/\\\/www.miamedicalitalia.it\\\/#organization\"},\"image\":{\"@id\":\"https:\\\/\\\/www.miamedicalitalia.it\\\/camminare-insieme-partecipa-alla-piu-passeggiata-inclusiva-universale\\\/#primaryimage\"},\"thumbnailUrl\":\"https:\\\/\\\/www.miamedicalitalia.it\\\/wp-content\\\/uploads\\\/2025\\\/05\\\/IMG_3858.jpeg\",\"articleSection\":[\"Anziani\"],\"inLanguage\":\"fr-FR\",\"potentialAction\":[{\"@type\":\"CommentAction\",\"name\":\"Comment\",\"target\":[\"https:\\\/\\\/www.miamedicalitalia.it\\\/camminare-insieme-partecipa-alla-piu-passeggiata-inclusiva-universale\\\/#respond\"]}]},{\"@type\":\"WebPage\",\"@id\":\"https:\\\/\\\/www.miamedicalitalia.it\\\/camminare-insieme-partecipa-alla-piu-passeggiata-inclusiva-universale\\\/\",\"url\":\"https:\\\/\\\/www.miamedicalitalia.it\\\/camminare-insieme-partecipa-alla-piu-passeggiata-inclusiva-universale\\\/\",\"name\":\"La Passeggiata Inclusiva Universale arriva all\u2019EUR: unisciti a noi! - Mia Medical\",\"isPartOf\":{\"@id\":\"https:\\\/\\\/www.miamedicalitalia.it\\\/#website\"},\"primaryImageOfPage\":{\"@id\":\"https:\\\/\\\/www.miamedicalitalia.it\\\/camminare-insieme-partecipa-alla-piu-passeggiata-inclusiva-universale\\\/#primaryimage\"},\"image\":{\"@id\":\"https:\\\/\\\/www.miamedicalitalia.it\\\/camminare-insieme-partecipa-alla-piu-passeggiata-inclusiva-universale\\\/#primaryimage\"},\"thumbnailUrl\":\"https:\\\/\\\/www.miamedicalitalia.it\\\/wp-content\\\/uploads\\\/2025\\\/05\\\/IMG_3858.jpeg\",\"datePublished\":\"2025-05-09T14:18:51+00:00\",\"dateModified\":\"2025-05-09T14:18:52+00:00\",\"description\":\"Il 9 Maggio alle 17:00 unisciti alla Passeggiata Inclusiva Universale (PIU). Un evento promosso da Disability Pride per un mondo consapevole.\",\"breadcrumb\":{\"@id\":\"https:\\\/\\\/www.miamedicalitalia.it\\\/camminare-insieme-partecipa-alla-piu-passeggiata-inclusiva-universale\\\/#breadcrumb\"},\"inLanguage\":\"fr-FR\",\"potentialAction\":[{\"@type\":\"ReadAction\",\"target\":[\"https:\\\/\\\/www.miamedicalitalia.it\\\/camminare-insieme-partecipa-alla-piu-passeggiata-inclusiva-universale\\\/\"]}]},{\"@type\":\"ImageObject\",\"inLanguage\":\"fr-FR\",\"@id\":\"https:\\\/\\\/www.miamedicalitalia.it\\\/camminare-insieme-partecipa-alla-piu-passeggiata-inclusiva-universale\\\/#primaryimage\",\"url\":\"https:\\\/\\\/www.miamedicalitalia.it\\\/wp-content\\\/uploads\\\/2025\\\/05\\\/IMG_3858.jpeg\",\"contentUrl\":\"https:\\\/\\\/www.miamedicalitalia.it\\\/wp-content\\\/uploads\\\/2025\\\/05\\\/IMG_3858.jpeg\",\"width\":1024,\"height\":1024,\"caption\":\"Passeggiata Inclusiva Universale EUR\"},{\"@type\":\"BreadcrumbList\",\"@id\":\"https:\\\/\\\/www.miamedicalitalia.it\\\/camminare-insieme-partecipa-alla-piu-passeggiata-inclusiva-universale\\\/#breadcrumb\",\"itemListElement\":[{\"@type\":\"ListItem\",\"position\":1,\"name\":\"Home\",\"item\":\"https:\\\/\\\/www.miamedicalitalia.it\\\/\"},{\"@type\":\"ListItem\",\"position\":2,\"name\":\"La Passeggiata Inclusiva Universale arriva all\u2019EUR: unisciti a noi!\"}]},{\"@type\":\"WebSite\",\"@id\":\"https:\\\/\\\/www.miamedicalitalia.it\\\/#website\",\"url\":\"https:\\\/\\\/www.miamedicalitalia.it\\\/\",\"name\":\"www.miamedicalitalia.it\",\"description\":\"Noleggio e Vendita Attrezzatura Sanitarie\",\"publisher\":{\"@id\":\"https:\\\/\\\/www.miamedicalitalia.it\\\/#organization\"},\"potentialAction\":[{\"@type\":\"SearchAction\",\"target\":{\"@type\":\"EntryPoint\",\"urlTemplate\":\"https:\\\/\\\/www.miamedicalitalia.it\\\/?s={search_term_string}\"},\"query-input\":{\"@type\":\"PropertyValueSpecification\",\"valueRequired\":true,\"valueName\":\"search_term_string\"}}],\"inLanguage\":\"fr-FR\"},{\"@type\":\"Organization\",\"@id\":\"https:\\\/\\\/www.miamedicalitalia.it\\\/#organization\",\"name\":\"OLG\",\"url\":\"https:\\\/\\\/www.miamedicalitalia.it\\\/\",\"logo\":{\"@type\":\"ImageObject\",\"inLanguage\":\"fr-FR\",\"@id\":\"https:\\\/\\\/www.miamedicalitalia.it\\\/#\\\/schema\\\/logo\\\/image\\\/\",\"url\":\"https:\\\/\\\/www.miamedicalitalia.it\\\/wp-content\\\/uploads\\\/2023\\\/04\\\/mia-medical-logo-free.png\",\"contentUrl\":\"https:\\\/\\\/www.miamedicalitalia.it\\\/wp-content\\\/uploads\\\/2023\\\/04\\\/mia-medical-logo-free.png\",\"width\":700,\"height\":700,\"caption\":\"OLG\"},\"image\":{\"@id\":\"https:\\\/\\\/www.miamedicalitalia.it\\\/#\\\/schema\\\/logo\\\/image\\\/\"},\"sameAs\":[\"https:\\\/\\\/www.facebook.com\\\/miamedicalitalia\"]},{\"@type\":\"Person\",\"@id\":\"https:\\\/\\\/www.miamedicalitalia.it\\\/#\\\/schema\\\/person\\\/04a65f5cdcc128d65095be90c183f35a\",\"name\":\"Anna Norante\",\"image\":{\"@type\":\"ImageObject\",\"inLanguage\":\"fr-FR\",\"@id\":\"https:\\\/\\\/secure.gravatar.com\\\/avatar\\\/f0be0e99d2a735522752a5fe34e6262c835130f0de176393ad559698341f2d55?s=96&d=mm&r=g\",\"url\":\"https:\\\/\\\/secure.gravatar.com\\\/avatar\\\/f0be0e99d2a735522752a5fe34e6262c835130f0de176393ad559698341f2d55?s=96&d=mm&r=g\",\"contentUrl\":\"https:\\\/\\\/secure.gravatar.com\\\/avatar\\\/f0be0e99d2a735522752a5fe34e6262c835130f0de176393ad559698341f2d55?s=96&d=mm&r=g\",\"caption\":\"Anna Norante\"}}]}<\/script>\n<!-- \/ Yoast SEO Premium plugin. -->","yoast_head_json":{"title":"La Marche universelle pour l'inclusion vient \u00e0 EUR : rejoignez-nous ! - Mia Medical","description":"Le 9 mai \u00e0 17 heures, participez \u00e0 la marche universelle inclusive (PIU). Un \u00e9v\u00e9nement promu par Disability Pride pour un monde conscient.","robots":{"index":"index","follow":"follow","max-snippet":"max-snippet:-1","max-image-preview":"max-image-preview:large","max-video-preview":"max-video-preview:-1"},"canonical":"https:\/\/www.miamedicalitalia.it\/fr\/camminare-insieme-partecipa-alla-piu-passeggiata-inclusiva-universale\/","og_locale":"fr_FR","og_type":"article","og_title":"La Passeggiata Inclusiva Universale arriva all\u2019EUR: unisciti a noi! - Mia Medical","og_description":"Il 9 Maggio alle 17:00 unisciti alla Passeggiata Inclusiva Universale (PIU). Un evento promosso da Disability Pride per un mondo consapevole.","og_url":"https:\/\/www.miamedicalitalia.it\/fr\/camminare-insieme-partecipa-alla-piu-passeggiata-inclusiva-universale\/","og_site_name":"Mia Medical","article_publisher":"https:\/\/www.facebook.com\/miamedicalitalia","article_published_time":"2025-05-09T14:18:51+00:00","article_modified_time":"2025-05-09T14:18:52+00:00","og_image":[{"width":1024,"height":1024,"url":"https:\/\/www.miamedicalitalia.it\/wp-content\/uploads\/2025\/05\/IMG_3858.jpeg","type":"image\/jpeg"}],"author":"Anna Norante","twitter_card":"summary_large_image","twitter_misc":{"\u00c9crit par":"Anna Norante","Dur\u00e9e de lecture estim\u00e9e":"3 minutes"},"schema":{"@context":"https:\/\/schema.org","@graph":[{"@type":"Article","@id":"https:\/\/www.miamedicalitalia.it\/camminare-insieme-partecipa-alla-piu-passeggiata-inclusiva-universale\/#article","isPartOf":{"@id":"https:\/\/www.miamedicalitalia.it\/camminare-insieme-partecipa-alla-piu-passeggiata-inclusiva-universale\/"},"author":{"name":"Anna Norante","@id":"https:\/\/www.miamedicalitalia.it\/#\/schema\/person\/04a65f5cdcc128d65095be90c183f35a"},"headline":"La Passeggiata Inclusiva Universale arriva all\u2019EUR: unisciti a noi!","datePublished":"2025-05-09T14:18:51+00:00","dateModified":"2025-05-09T14:18:52+00:00","mainEntityOfPage":{"@id":"https:\/\/www.miamedicalitalia.it\/camminare-insieme-partecipa-alla-piu-passeggiata-inclusiva-universale\/"},"wordCount":556,"commentCount":0,"publisher":{"@id":"https:\/\/www.miamedicalitalia.it\/#organization"},"image":{"@id":"https:\/\/www.miamedicalitalia.it\/camminare-insieme-partecipa-alla-piu-passeggiata-inclusiva-universale\/#primaryimage"},"thumbnailUrl":"https:\/\/www.miamedicalitalia.it\/wp-content\/uploads\/2025\/05\/IMG_3858.jpeg","articleSection":["Anziani"],"inLanguage":"fr-FR","potentialAction":[{"@type":"CommentAction","name":"Comment","target":["https:\/\/www.miamedicalitalia.it\/camminare-insieme-partecipa-alla-piu-passeggiata-inclusiva-universale\/#respond"]}]},{"@type":"WebPage","@id":"https:\/\/www.miamedicalitalia.it\/camminare-insieme-partecipa-alla-piu-passeggiata-inclusiva-universale\/","url":"https:\/\/www.miamedicalitalia.it\/camminare-insieme-partecipa-alla-piu-passeggiata-inclusiva-universale\/","name":"La Marche universelle pour l'inclusion vient \u00e0 EUR : rejoignez-nous ! - Mia Medical","isPartOf":{"@id":"https:\/\/www.miamedicalitalia.it\/#website"},"primaryImageOfPage":{"@id":"https:\/\/www.miamedicalitalia.it\/camminare-insieme-partecipa-alla-piu-passeggiata-inclusiva-universale\/#primaryimage"},"image":{"@id":"https:\/\/www.miamedicalitalia.it\/camminare-insieme-partecipa-alla-piu-passeggiata-inclusiva-universale\/#primaryimage"},"thumbnailUrl":"https:\/\/www.miamedicalitalia.it\/wp-content\/uploads\/2025\/05\/IMG_3858.jpeg","datePublished":"2025-05-09T14:18:51+00:00","dateModified":"2025-05-09T14:18:52+00:00","description":"Le 9 mai \u00e0 17 heures, participez \u00e0 la marche universelle inclusive (PIU). Un \u00e9v\u00e9nement promu par Disability Pride pour un monde conscient.","breadcrumb":{"@id":"https:\/\/www.miamedicalitalia.it\/camminare-insieme-partecipa-alla-piu-passeggiata-inclusiva-universale\/#breadcrumb"},"inLanguage":"fr-FR","potentialAction":[{"@type":"ReadAction","target":["https:\/\/www.miamedicalitalia.it\/camminare-insieme-partecipa-alla-piu-passeggiata-inclusiva-universale\/"]}]},{"@type":"ImageObject","inLanguage":"fr-FR","@id":"https:\/\/www.miamedicalitalia.it\/camminare-insieme-partecipa-alla-piu-passeggiata-inclusiva-universale\/#primaryimage","url":"https:\/\/www.miamedicalitalia.it\/wp-content\/uploads\/2025\/05\/IMG_3858.jpeg","contentUrl":"https:\/\/www.miamedicalitalia.it\/wp-content\/uploads\/2025\/05\/IMG_3858.jpeg","width":1024,"height":1024,"caption":"Passeggiata Inclusiva Universale EUR"},{"@type":"BreadcrumbList","@id":"https:\/\/www.miamedicalitalia.it\/camminare-insieme-partecipa-alla-piu-passeggiata-inclusiva-universale\/#breadcrumb","itemListElement":[{"@type":"ListItem","position":1,"name":"Home","item":"https:\/\/www.miamedicalitalia.it\/"},{"@type":"ListItem","position":2,"name":"La Passeggiata Inclusiva Universale arriva all\u2019EUR: unisciti a noi!"}]},{"@type":"WebSite","@id":"https:\/\/www.miamedicalitalia.it\/#website","url":"https:\/\/www.miamedicalitalia.it\/","name":"www.miamedicalitalia.it","description":"Location et vente d'\u00e9quipements sanitaires","publisher":{"@id":"https:\/\/www.miamedicalitalia.it\/#organization"},"potentialAction":[{"@type":"SearchAction","target":{"@type":"EntryPoint","urlTemplate":"https:\/\/www.miamedicalitalia.it\/?s={search_term_string}"},"query-input":{"@type":"PropertyValueSpecification","valueRequired":true,"valueName":"search_term_string"}}],"inLanguage":"fr-FR"},{"@type":"Organization","@id":"https:\/\/www.miamedicalitalia.it\/#organization","name":"OLG","url":"https:\/\/www.miamedicalitalia.it\/","logo":{"@type":"ImageObject","inLanguage":"fr-FR","@id":"https:\/\/www.miamedicalitalia.it\/#\/schema\/logo\/image\/","url":"https:\/\/www.miamedicalitalia.it\/wp-content\/uploads\/2023\/04\/mia-medical-logo-free.png","contentUrl":"https:\/\/www.miamedicalitalia.it\/wp-content\/uploads\/2023\/04\/mia-medical-logo-free.png","width":700,"height":700,"caption":"OLG"},"image":{"@id":"https:\/\/www.miamedicalitalia.it\/#\/schema\/logo\/image\/"},"sameAs":["https:\/\/www.facebook.com\/miamedicalitalia"]},{"@type":"Person","@id":"https:\/\/www.miamedicalitalia.it\/#\/schema\/person\/04a65f5cdcc128d65095be90c183f35a","name":"Anna Norante","image":{"@type":"ImageObject","inLanguage":"fr-FR","@id":"https:\/\/secure.gravatar.com\/avatar\/f0be0e99d2a735522752a5fe34e6262c835130f0de176393ad559698341f2d55?s=96&d=mm&r=g","url":"https:\/\/secure.gravatar.com\/avatar\/f0be0e99d2a735522752a5fe34e6262c835130f0de176393ad559698341f2d55?s=96&d=mm&r=g","contentUrl":"https:\/\/secure.gravatar.com\/avatar\/f0be0e99d2a735522752a5fe34e6262c835130f0de176393ad559698341f2d55?s=96&d=mm&r=g","caption":"Anna Norante"}}]}},"_links":{"self":[{"href":"https:\/\/www.miamedicalitalia.it\/fr\/wp-json\/wp\/v2\/posts\/13886","targetHints":{"allow":["GET"]}}],"collection":[{"href":"https:\/\/www.miamedicalitalia.it\/fr\/wp-json\/wp\/v2\/posts"}],"about":[{"href":"https:\/\/www.miamedicalitalia.it\/fr\/wp-json\/wp\/v2\/types\/post"}],"author":[{"embeddable":true,"href":"https:\/\/www.miamedicalitalia.it\/fr\/wp-json\/wp\/v2\/users\/809"}],"replies":[{"embeddable":true,"href":"https:\/\/www.miamedicalitalia.it\/fr\/wp-json\/wp\/v2\/comments?post=13886"}],"version-history":[{"count":10,"href":"https:\/\/www.miamedicalitalia.it\/fr\/wp-json\/wp\/v2\/posts\/13886\/revisions"}],"predecessor-version":[{"id":13896,"href":"https:\/\/www.miamedicalitalia.it\/fr\/wp-json\/wp\/v2\/posts\/13886\/revisions\/13896"}],"wp:featuredmedia":[{"embeddable":true,"href":"https:\/\/www.miamedicalitalia.it\/fr\/wp-json\/wp\/v2\/media\/13897"}],"wp:attachment":[{"href":"https:\/\/www.miamedicalitalia.it\/fr\/wp-json\/wp\/v2\/media?parent=13886"}],"wp:term":[{"taxonomy":"category","embeddable":true,"href":"https:\/\/www.miamedicalitalia.it\/fr\/wp-json\/wp\/v2\/categories?post=13886"},{"taxonomy":"post_tag","embeddable":true,"href":"https:\/\/www.miamedicalitalia.it\/fr\/wp-json\/wp\/v2\/tags?post=13886"}],"curies":[{"name":"wp","href":"https:\/\/api.w.org\/{rel}","templated":true}]}}