{"id":13808,"date":"2025-04-27T15:47:05","date_gmt":"2025-04-27T13:47:05","guid":{"rendered":"https:\/\/www.miamedicalitalia.it\/?p=13808"},"modified":"2026-02-10T17:15:38","modified_gmt":"2026-02-10T15:15:38","slug":"giubileo-delle-persone-con-disabilita-e-funerali-di-papa-francesco","status":"publish","type":"post","link":"https:\/\/www.miamedicalitalia.it\/fr\/giubileo-delle-persone-con-disabilita-e-funerali-di-papa-francesco\/","title":{"rendered":"Jubil\u00e9 des personnes handicap\u00e9es et fun\u00e9railles du pape Fran\u00e7ois"},"content":{"rendered":"<p>Les <strong>26<\/strong> et ensuite par <strong>28 et 29 avril 2025<\/strong>Rome devient le c\u0153ur de deux \u00e9v\u00e9nements d'une importance extraordinaire : le&nbsp;<strong>fun\u00e9railles du pape Fran\u00e7ois&nbsp;<\/strong>les&nbsp;<strong>Jubil\u00e9 des personnes handicap\u00e9es<\/strong>&nbsp;qui a marqu\u00e9 de son empreinte l'histoire de l'\u00c9glise en tant que <strong><a href=\"https:\/\/www.vatican.va\/content\/francesco\/it\/biography\/documents\/papa-francesco-biografia-bergoglio.html\">pontife de la simplicit\u00e9, de l'amour des plus petits et de l'inclusion.<\/a><\/strong> En ce moment de recueillement et de spiritualit\u00e9,&nbsp;<strong><a href=\"https:\/\/www.miamedicalitalia.it\/fr\/\">Mia Medical Italie<\/a><\/strong>&nbsp;est aux c\u00f4t\u00e9s de tous ceux qui souhaitent participer, en proposant des solutions pratiques pour vivre ces journ\u00e9es sans barri\u00e8res.<\/p>\n\n\n\n<h4 class=\"wp-block-heading\" id=\"h-il-giubileo-delle-persone-con-disabilita-attivita-e-programma\">Le Jubil\u00e9 des personnes handicap\u00e9es : activit\u00e9s et programme<\/h4>\n\n\n\n<p>Les <strong><a href=\"https:\/\/www.iubilaeum2025.va\/it\/pellegrinaggio\/calendario-giubileo\/GrandiEventi\/Giubileo-delle-Persone-con-Disabilita.html\">Jubil\u00e9 des personnes handicap\u00e9es<\/a><\/strong>promu par le Saint-Si\u00e8ge, se tiendra&nbsp;<strong>28 et 29 avril 2025<\/strong>. Il s'agit d'un \u00e9v\u00e9nement destin\u00e9 \u00e0 accueillir les croyants ayant des besoins sp\u00e9cifiques et leurs familles dans une atmosph\u00e8re d'accueil, de spiritualit\u00e9 et de partage.<\/p>\n\n\n\n<p><strong>Lundi 28 avril<\/strong>Les p\u00e8lerins pourront traverser la&nbsp;<strong><a href=\"https:\/\/www.iubilaeum2025.va\/it\/pellegrinaggio\/porta-santa-san-pietro.html\">Porte sainte de la basilique Saint-Pierre<\/a><\/strong>&nbsp;en petits groupes (jusqu'\u00e0 60 personnes), vivre des moments de pri\u00e8re silencieuse, des confessions accessibles et l'adoration eucharistique dans l'\u00e9glise de la ville. <strong><a href=\"https:\/\/sangiovannibattistadeifiorentini.it\/\">San Giovanni Battista dei Fiorentini<\/a><\/strong>. Le 28 avril \u00e9galement, une conf\u00e9rence intitul\u00e9e&nbsp;<em>\"<strong>Nous, p\u00e8lerins de l'espoir<\/strong>\"<\/em>consacr\u00e9 \u00e0 la pastorale et \u00e0 l'inclusion, \u00e0 la <em><a href=\"https:\/\/www.patristicum.org\/congressi\">Centre de congr\u00e8s \"Augustinianum\".<\/a><\/em><\/p>\n\n\n\n<p>Les <strong>29 avril<\/strong> sera plut\u00f4t le point culminant avec un&nbsp;<strong>Messe sp\u00e9ciale<\/strong>&nbsp;pour les personnes handicap\u00e9es, qui se d\u00e9rouleront dans un contexte visant \u00e0 garantir <strong>l'accessibilit\u00e9<\/strong> e <strong>r\u00e9ception<\/strong>. <br><\/p>\n\n\n\n<figure class=\"wp-block-gallery has-nested-images columns-default is-cropped wp-block-gallery-1 is-layout-flex wp-block-gallery-is-layout-flex\">\n<figure class=\"wp-block-image size-large\"><img loading=\"lazy\" decoding=\"async\" width=\"855\" height=\"912\" data-id=\"13829\" src=\"https:\/\/www.miamedicalitalia.it\/wp-content\/uploads\/2025\/04\/IMG_3751.jpeg\" alt=\"\" class=\"wp-image-13829\" srcset=\"https:\/\/www.miamedicalitalia.it\/wp-content\/uploads\/2025\/04\/IMG_3751.jpeg 855w, https:\/\/www.miamedicalitalia.it\/wp-content\/uploads\/2025\/04\/IMG_3751-11x12.jpeg 11w, https:\/\/www.miamedicalitalia.it\/wp-content\/uploads\/2025\/04\/IMG_3751-500x533.jpeg 500w, https:\/\/www.miamedicalitalia.it\/wp-content\/uploads\/2025\/04\/IMG_3751-700x747.jpeg 700w\" sizes=\"auto, (max-width: 855px) 100vw, 855px\" \/><\/figure>\n<\/figure>\n\n\n\n<h4 class=\"wp-block-heading\" id=\"h-perche-partecipare-con-mia-medical-contattaci-al-30-392-65-09-237\">Pourquoi participer avec Mia Medical : contactez-nous au +30 392 65 09 237<\/h4>\n\n\n\n<p>Participer \u00e0 la <strong>Jubil\u00e9<\/strong> des personnes handicap\u00e9es signifie vivre&nbsp;<strong>une exp\u00e9rience de foi authentique<\/strong>rencontrer d'autres personnes ayant des exp\u00e9riences similaires, partager <strong>espoir<\/strong> e <strong>courage<\/strong>. C'est l'occasion de se sentir partie prenante d'une <strong>communaut\u00e9<\/strong> plus grand, o\u00f9 chaque limitation se transforme en possibilit\u00e9, et o\u00f9 chaque obstacle trouve des r\u00e9ponses concr\u00e8tes.<\/p>\n\n\n\n<h4 class=\"wp-block-heading\" id=\"h-come-mia-medical-puo-rendere-il-giubileo-delle-persone-con-disabilita-un-esperienza-unica\">Comment Mia Medical peut faire du Jubil\u00e9 des personnes handicap\u00e9es une exp\u00e9rience unique <\/h4>\n\n\n\n<p><strong><a href=\"https:\/\/www.miamedicalitalia.it\/fr\/\">Mia Medical Italie<\/a><\/strong> veut que personne ne renonce \u00e0 participer pour des raisons de mobilit\u00e9. C'est pourquoi nous mettons \u00e0 disposition le&nbsp;<strong><a href=\"https:\/\/www.miamedicalitalia.it\/fr\/categoria\/affitto-e-noleggio-ausili\/affitto-e-noleggio-carrozzina\/?_gl=1*aegv2o*_up*MQ..*_ga*MTMwMTYwODM5Ny4xNzQ1NTE3Njk1*_ga_D9FZ9V3LL7*MTc0NTUxNzY5NC4xLjEuMTc0NTUxODExNy4wLjAuMA..\">location de fauteuils roulants manuels et \u00e9lectriques<\/a>, <a href=\"https:\/\/www.miamedicalitalia.it\/fr\/categoria\/affitto-e-noleggio-ausili\/noleggio-e-affitto-carrozzina-elettrica-e-scooter\/?_gl=1*co0597*_up*MQ..*_ga*MTMwMTYwODM5Ny4xNzQ1NTE3Njk1*_ga_D9FZ9V3LL7*MTc0NTUxNzY5NC4xLjEuMTc0NTUxODExNy4wLjAuMA..\">scooters de plein air<\/a>, <a href=\"https:\/\/www.miamedicalitalia.it\/fr\/categoria\/affitto-e-noleggio-ausili\/affitto-e-noleggio-deambulatori\/?_gl=1*co0597*_up*MQ..*_ga*MTMwMTYwODM5Ny4xNzQ1NTE3Njk1*_ga_D9FZ9V3LL7*MTc0NTUxNzY5NC4xLjEuMTc0NTUxODExNy4wLjAuMA..\">marcheurs<\/a>, e <a href=\"https:\/\/www.miamedicalitalia.it\/fr\/categoria\/affitto-e-noleggio-ausili\/?_gl=1*1y1sipj*_up*MQ..*_ga*MTMwMTYwODM5Ny4xNzQ1NTE3Njk1*_ga_D9FZ9V3LL7*MTc0NTUxNzY5NC4xLjAuMTc0NTUxNzY5NC4wLjAuMA..\">beaucoup plus<\/a><\/strong>avec la possibilit\u00e9 d'une livraison directe \u00e0 l'h\u00f4tel ou au domicile.<\/p>\n\n\n\n<figure class=\"wp-block-gallery has-nested-images columns-default is-cropped wp-block-gallery-2 is-layout-flex wp-block-gallery-is-layout-flex\">\n<figure class=\"wp-block-image size-large\"><img loading=\"lazy\" decoding=\"async\" width=\"1000\" height=\"1000\" data-id=\"13229\" src=\"https:\/\/www.miamedicalitalia.it\/wp-content\/uploads\/2024\/11\/IMG_1992-1.jpeg\" alt=\"\" class=\"wp-image-13229\" srcset=\"https:\/\/www.miamedicalitalia.it\/wp-content\/uploads\/2024\/11\/IMG_1992-1.jpeg 1000w, https:\/\/www.miamedicalitalia.it\/wp-content\/uploads\/2024\/11\/IMG_1992-1-150x150.jpeg 150w, https:\/\/www.miamedicalitalia.it\/wp-content\/uploads\/2024\/11\/IMG_1992-1-12x12.jpeg 12w, https:\/\/www.miamedicalitalia.it\/wp-content\/uploads\/2024\/11\/IMG_1992-1-500x500.jpeg 500w, https:\/\/www.miamedicalitalia.it\/wp-content\/uploads\/2024\/11\/IMG_1992-1-700x700.jpeg 700w, https:\/\/www.miamedicalitalia.it\/wp-content\/uploads\/2024\/11\/IMG_1992-1-100x100.jpeg 100w\" sizes=\"auto, (max-width: 1000px) 100vw, 1000px\" \/><\/figure>\n\n\n\n<figure class=\"wp-block-image size-large\"><img loading=\"lazy\" decoding=\"async\" width=\"480\" height=\"480\" data-id=\"12546\" src=\"https:\/\/www.miamedicalitalia.it\/wp-content\/uploads\/2024\/06\/slide-carrozzina-ad-autospinta-pieghevole-150x150-2.jpg\" alt=\"\" class=\"wp-image-12546\" srcset=\"https:\/\/www.miamedicalitalia.it\/wp-content\/uploads\/2024\/06\/slide-carrozzina-ad-autospinta-pieghevole-150x150-2.jpg 480w, https:\/\/www.miamedicalitalia.it\/wp-content\/uploads\/2024\/06\/slide-carrozzina-ad-autospinta-pieghevole-150x150-2-150x150.jpg 150w, https:\/\/www.miamedicalitalia.it\/wp-content\/uploads\/2024\/06\/slide-carrozzina-ad-autospinta-pieghevole-150x150-2-12x12.jpg 12w, https:\/\/www.miamedicalitalia.it\/wp-content\/uploads\/2024\/06\/slide-carrozzina-ad-autospinta-pieghevole-150x150-2-100x100.jpg 100w\" sizes=\"auto, (max-width: 480px) 100vw, 480px\" \/><\/figure>\n\n\n\n<figure class=\"wp-block-image size-large\"><img loading=\"lazy\" decoding=\"async\" width=\"1000\" height=\"1000\" data-id=\"12498\" src=\"https:\/\/www.miamedicalitalia.it\/wp-content\/uploads\/2022\/12\/DSC_1142.jpg\" alt=\"deambulatore rollatore de interno\/esterno\" class=\"wp-image-12498\" srcset=\"https:\/\/www.miamedicalitalia.it\/wp-content\/uploads\/2022\/12\/DSC_1142.jpg 1000w, https:\/\/www.miamedicalitalia.it\/wp-content\/uploads\/2022\/12\/DSC_1142-150x150.jpg 150w, https:\/\/www.miamedicalitalia.it\/wp-content\/uploads\/2022\/12\/DSC_1142-12x12.jpg 12w, https:\/\/www.miamedicalitalia.it\/wp-content\/uploads\/2022\/12\/DSC_1142-500x500.jpg 500w, https:\/\/www.miamedicalitalia.it\/wp-content\/uploads\/2022\/12\/DSC_1142-700x700.jpg 700w, https:\/\/www.miamedicalitalia.it\/wp-content\/uploads\/2022\/12\/DSC_1142-100x100.jpg 100w\" sizes=\"auto, (max-width: 1000px) 100vw, 1000px\" \/><\/figure>\n<\/figure>\n\n\n\n<p>Nous offrons \u00e9galement un service 24 heures sur 24, un personnel qualifi\u00e9 et une assistance sur place pour rendre chaque d\u00e9m\u00e9nagement facile et s\u00fbr. Notre mission est de garantir&nbsp;<strong>confort, autonomie et s\u00e9curit\u00e9<\/strong>&nbsp;\u00e0 chaque personne. De plus, notre \u00e9quipe se tient \u00e0 votre disposition pour une consultation gratuite si vous ne savez toujours pas quelle aide correspond le mieux \u00e0 vos besoins ! Sur notre site <strong><a href=\"https:\/\/www.miamedicalitalia.it\/fr\/blog\/?_gl=1*10w6oxu*_up*MQ..*_ga*MTMwMTYwODM5Ny4xNzQ1NTE3Njk1*_ga_D9FZ9V3LL7*MTc0NTU2NzMwMC4yLjAuMTc0NTU2NzMwMC4wLjAuMA..\">blog<\/a><\/strong> sont disponibles <a href=\"https:\/\/www.miamedicalitalia.it\/fr\/scooter-elettrici-per-mobilita-a-roma-i-vantaggi-del-noleggio\/?_gl=1*10w6oxu*_up*MQ..*_ga*MTMwMTYwODM5Ny4xNzQ1NTE3Njk1*_ga_D9FZ9V3LL7*MTc0NTU2NzMwMC4yLjAuMTc0NTU2NzMwMC4wLjAuMA..\">articles guidant le choix des dispositifs m\u00e9dicaux<\/a> e <a href=\"https:\/\/www.miamedicalitalia.it\/fr\/giubileo-accessibile-alla-portata-di-tutti\/?_gl=1*139a2wh*_up*MQ..*_ga*MTMwMTYwODM5Ny4xNzQ1NTE3Njk1*_ga_D9FZ9V3LL7*MTc0NTU2NzMwMC4yLjEuMTc0NTU2NzMzMi4wLjAuMA..\">des itin\u00e9raires accessibles \u00e0 tous les p\u00e8lerins<\/a>! Contactez-nous d\u00e8s maintenant \u00e0 +<strong>39 392 65 09 237<\/strong> ou nous envoyer un <a href=\"https:\/\/wa.me\/393926509237\">sur Whatsapp. <\/a><\/p>\n\n\n\n<h4 class=\"wp-block-heading\" id=\"h-organizzazione-informazioni-utili\">Organisation : informations utiles <\/h4>\n\n\n\n<ul class=\"wp-block-list\">\n<li><a href=\"https:\/\/www.iubilaeum2025.va\/content\/dam\/iubilaeum2025\/vademecum\/disabilita\/ITA_VADEMECUM-DISAB.pdf\">Affiche et programme <\/a><\/li>\n\n\n\n<li><a href=\"https:\/\/www.iubilaeum2025.va\/it\/pellegrinaggio\/calendario-giubileo\/GrandiEventi\/Giubileo-delle-Persone-con-Disabilita.html\">Site web <\/a><\/li>\n\n\n\n<li>Courriel : info2@iubilaeum2025.va<\/li>\n\n\n\n<li>Num\u00e9ro de t\u00e9l\u00e9phone : 0039 06 698 69500<\/li>\n<\/ul>\n\n\n\n<h4 class=\"wp-block-heading\" id=\"h-i-funerali-di-papa-francesco-un-ultimo-saluto-al-santo-padre\">Les fun\u00e9railles du pape Fran\u00e7ois : un dernier adieu au Saint-P\u00e8re<\/h4>\n\n\n\n<p>Apr\u00e8s trois jours de chambre fun\u00e9raire dans la basilique Saint-Pierre, o\u00f9 des centaines de milliers de fid\u00e8les se relaient pour rendre hommage au d\u00e9funt souverain pontife, les fun\u00e9railles du pape Fran\u00e7ois auront lieu...&nbsp;<strong>Samedi 26 avril 2025<\/strong>&nbsp;\u00e0 <strong>Place Saint-Pierre \u00e0 partir de 10 heures<\/strong>.<\/p>\n\n\n\n<p>De longues files d'attente et un afflux extraordinaire de visiteurs sont attendus. Toute la capitale se mobilise pour assurer l'accueil et la s\u00e9curit\u00e9 de l'un des \u00e9v\u00e9nements religieux les plus sinc\u00e8res du si\u00e8cle dernier. La c\u00e9r\u00e9monie sera sobre, conform\u00e9ment au style simple et humble qui a caract\u00e9ris\u00e9 tout le pontificat de Fran\u00e7ois.<\/p>\n\n\n\n<h4 class=\"wp-block-heading\" id=\"h-organizzazione-informazioni-utili-0\">Organisation : informations utiles <\/h4>\n\n\n\n<ul class=\"wp-block-list\">\n<li><a href=\"https:\/\/www.vaticannews.va\/\">Site officiel<\/a><\/li>\n\n\n\n<li><a href=\"https:\/\/www.rainews.it\/\">Nouvelles de Rai<\/a><\/li>\n\n\n\n<li><a href=\"https:\/\/www.diocesidiroma.it\/\">Dioc\u00e8se de Rome<\/a><\/li>\n<\/ul>\n\n\n\n<p>Comment suivre les fun\u00e9railles depuis chez soi :<\/p>\n\n\n\n<ul class=\"wp-block-list\">\n<li><strong>Rai 1<\/strong>TG1 sp\u00e9cial \u00e0 partir de 8h30<\/li>\n\n\n\n<li><strong>Cha\u00eene 5<\/strong>TG5 sp\u00e9cial de 8h45 \u00e0 11h30.<\/li>\n\n\n\n<li><strong>La7<\/strong>\u00e0 partir de 9 h 40<\/li>\n\n\n\n<li><strong>Sky TG24<\/strong>: retransmission en direct \u00e0 partir de 8h00<\/li>\n<\/ul>\n\n\n\n<h4 class=\"wp-block-heading\" id=\"h-partecipare-con-mia-medical-chiama-ora-il-39-392-65-09-237\">Participez avec Mia Medical : appelez maintenant au +39 392 65 09 237<\/h4>\n\n\n\n<p>Egalement pour le dernier adieu au Pape Fran\u00e7ois,&nbsp;<strong><a href=\"https:\/\/www.miamedicalitalia.it\/fr\/categoria\/affitto-e-noleggio-ausili\/?_gl=1*1y1sipj*_up*MQ..*_ga*MTMwMTYwODM5Ny4xNzQ1NTE3Njk1*_ga_D9FZ9V3LL7*MTc0NTUxNzY5NC4xLjAuMTc0NTUxNzY5NC4wLjAuMA..\">Mia Medical Italia propose des dispositifs d'assistance et de mobilit\u00e9 personnalis\u00e9s<\/a><\/strong>: <strong><a href=\"https:\/\/www.miamedicalitalia.it\/fr\/categoria\/affitto-e-noleggio-ausili\/affitto-e-noleggio-carrozzina\/?_gl=1*ssl2jy*_up*MQ..*_ga*MTMwMTYwODM5Ny4xNzQ1NTE3Njk1*_ga_D9FZ9V3LL7*MTc0NTUxNzY5NC4xLjEuMTc0NTUxODExNy4wLjAuMA..\">fauteuils roulants<\/a><\/strong>, <strong><a href=\"https:\/\/www.miamedicalitalia.it\/fr\/categoria\/affitto-e-noleggio-ausili\/noleggio-e-affitto-carrozzina-elettrica-e-scooter\/?_gl=1*z58ynn*_up*MQ..*_ga*MTMwMTYwODM5Ny4xNzQ1NTE3Njk1*_ga_D9FZ9V3LL7*MTc0NTUxNzY5NC4xLjEuMTc0NTUxODExNy4wLjAuMA..\">scooters \u00e9lectriques<\/a><\/strong> e <strong><a href=\"https:\/\/www.miamedicalitalia.it\/fr\/categoria\/affitto-e-noleggio-ausili\/?_gl=1*1y1sipj*_up*MQ..*_ga*MTMwMTYwODM5Ny4xNzQ1NTE3Njk1*_ga_D9FZ9V3LL7*MTc0NTUxNzY5NC4xLjAuMTc0NTUxNzY5NC4wLjAuMA..\">de nombreux autres soutiens<\/a><\/strong> pour les personnes \u00e0 mobilit\u00e9 r\u00e9duite. Notre pr\u00e9sence dans la r\u00e9gion garantit <strong>vitesse<\/strong>, <strong>flexibilit\u00e9<\/strong> et un <strong>un service fiable<\/strong>con\u00e7u pour ceux qui souhaitent vivre ce moment dans le respect et la s\u00e9r\u00e9nit\u00e9.<\/p>\n\n\n\n<p>Choisir Mia Medical, c'est avoir un&nbsp;<strong>un partenaire qui place la personne au premier plan<\/strong>. Nous ne louons pas seulement des appareils, mais&nbsp;<strong>nous construisons des exp\u00e9riences de participation accessible<\/strong>en offrant une \u00e9coute, des solutions pratiques et un soutien continu. Qu'attendez-vous pour nous contacter d\u00e8s aujourd'hui afin d'engager votre soutien \u00e0 <strong>+39 392 65 09 237<\/strong> ou nous envoyer un <a href=\"https:\/\/wa.me\/393926509237\">message sur whatsapp<\/a>!<\/p>\n\n\n\n<p>Notre \u00e9quipe est \u00e0 votre disposition pour une consultation gratuite si vous ne savez pas encore quelle aide correspond le mieux \u00e0 vos besoins ! Sur notre site <strong><a href=\"https:\/\/www.miamedicalitalia.it\/fr\/blog\/?_gl=1*10w6oxu*_up*MQ..*_ga*MTMwMTYwODM5Ny4xNzQ1NTE3Njk1*_ga_D9FZ9V3LL7*MTc0NTU2NzMwMC4yLjAuMTc0NTU2NzMwMC4wLjAuMA..\">blog<\/a><\/strong> sont disponibles <a href=\"https:\/\/www.miamedicalitalia.it\/fr\/scooter-elettrici-per-mobilita-a-roma-i-vantaggi-del-noleggio\/?_gl=1*10w6oxu*_up*MQ..*_ga*MTMwMTYwODM5Ny4xNzQ1NTE3Njk1*_ga_D9FZ9V3LL7*MTc0NTU2NzMwMC4yLjAuMTc0NTU2NzMwMC4wLjAuMA..\">articles guidant le choix des dispositifs m\u00e9dicaux<\/a> e <a href=\"https:\/\/www.miamedicalitalia.it\/fr\/giubileo-accessibile-alla-portata-di-tutti\/?_gl=1*139a2wh*_up*MQ..*_ga*MTMwMTYwODM5Ny4xNzQ1NTE3Njk1*_ga_D9FZ9V3LL7*MTc0NTU2NzMwMC4yLjEuMTc0NTU2NzMzMi4wLjAuMA..\">des itin\u00e9raires accessibles \u00e0 tous les p\u00e8lerins<\/a>! <\/p>\n\n\n\n<figure class=\"wp-block-gallery has-nested-images columns-default is-cropped wp-block-gallery-3 is-layout-flex wp-block-gallery-is-layout-flex\">\n<figure class=\"wp-block-image size-large\"><img loading=\"lazy\" decoding=\"async\" width=\"505\" height=\"524\" data-id=\"13232\" src=\"https:\/\/www.miamedicalitalia.it\/wp-content\/uploads\/2024\/11\/Untitled-design-4-2.jpeg\" alt=\"\" class=\"wp-image-13232\" srcset=\"https:\/\/www.miamedicalitalia.it\/wp-content\/uploads\/2024\/11\/Untitled-design-4-2.jpeg 505w, https:\/\/www.miamedicalitalia.it\/wp-content\/uploads\/2024\/11\/Untitled-design-4-2-12x12.jpeg 12w, https:\/\/www.miamedicalitalia.it\/wp-content\/uploads\/2024\/11\/Untitled-design-4-2-500x519.jpeg 500w\" sizes=\"auto, (max-width: 505px) 100vw, 505px\" \/><\/figure>\n\n\n\n<figure class=\"wp-block-image size-large\"><img loading=\"lazy\" decoding=\"async\" width=\"1000\" height=\"1000\" data-id=\"12315\" src=\"https:\/\/www.miamedicalitalia.it\/wp-content\/uploads\/2024\/05\/rollatore-MIA-MEDICAL.jpg\" alt=\"\" class=\"wp-image-12315\" srcset=\"https:\/\/www.miamedicalitalia.it\/wp-content\/uploads\/2024\/05\/rollatore-MIA-MEDICAL.jpg 1000w, https:\/\/www.miamedicalitalia.it\/wp-content\/uploads\/2024\/05\/rollatore-MIA-MEDICAL-150x150.jpg 150w, https:\/\/www.miamedicalitalia.it\/wp-content\/uploads\/2024\/05\/rollatore-MIA-MEDICAL-12x12.jpg 12w, https:\/\/www.miamedicalitalia.it\/wp-content\/uploads\/2024\/05\/rollatore-MIA-MEDICAL-500x500.jpg 500w, https:\/\/www.miamedicalitalia.it\/wp-content\/uploads\/2024\/05\/rollatore-MIA-MEDICAL-700x700.jpg 700w, https:\/\/www.miamedicalitalia.it\/wp-content\/uploads\/2024\/05\/rollatore-MIA-MEDICAL-100x100.jpg 100w\" sizes=\"auto, (max-width: 1000px) 100vw, 1000px\" \/><\/figure>\n\n\n\n<figure class=\"wp-block-image size-large\"><img loading=\"lazy\" decoding=\"async\" width=\"1000\" height=\"1000\" data-id=\"12332\" src=\"https:\/\/www.miamedicalitalia.it\/wp-content\/uploads\/2024\/05\/carrozzina-pediatrica-.jpg\" alt=\"\" class=\"wp-image-12332\" srcset=\"https:\/\/www.miamedicalitalia.it\/wp-content\/uploads\/2024\/05\/carrozzina-pediatrica-.jpg 1000w, https:\/\/www.miamedicalitalia.it\/wp-content\/uploads\/2024\/05\/carrozzina-pediatrica--150x150.jpg 150w, https:\/\/www.miamedicalitalia.it\/wp-content\/uploads\/2024\/05\/carrozzina-pediatrica--12x12.jpg 12w, https:\/\/www.miamedicalitalia.it\/wp-content\/uploads\/2024\/05\/carrozzina-pediatrica--500x500.jpg 500w, https:\/\/www.miamedicalitalia.it\/wp-content\/uploads\/2024\/05\/carrozzina-pediatrica--700x700.jpg 700w, https:\/\/www.miamedicalitalia.it\/wp-content\/uploads\/2024\/05\/carrozzina-pediatrica--100x100.jpg 100w\" sizes=\"auto, (max-width: 1000px) 100vw, 1000px\" \/><\/figure>\n<\/figure>\n\n\n\n<p>Au c\u0153ur de Rome, \u00e0 l'un des moments les plus importants de l'histoire r\u00e9cente, nous voulons \u00eatre l'interlocuteur privil\u00e9gi\u00e9 des citoyens.&nbsp;<strong>pont entre le d\u00e9sir d'\u00eatre l\u00e0 et la possibilit\u00e9 concr\u00e8te de le faire<\/strong>. Pour que chacun, sans exception, puisse se sentir partie prenante de ce moment de foi, de m\u00e9moire et d'esp\u00e9rance.<\/p>\n\n\n\n<h4 class=\"wp-block-heading\" id=\"h-non-perderti-questa-occasione-di-condivisione\">Ne manquez pas cette occasion de partager <\/h4>\n\n\n\n<p>Les <strong>Jubil\u00e9<\/strong> et le <strong>fun\u00e9railles du pape Fran\u00e7ois<\/strong> repr\u00e9senter&nbsp;<strong>bien plus que des \u00e9v\u00e9nements religieux<\/strong>sont autant d'occasions de red\u00e9couvrir la valeur de la communaut\u00e9, de l'inclusion, de l'attention \u00e0 l'autre. Gr\u00e2ce \u00e0 des services d\u00e9vou\u00e9s tels que ceux offerts par <strong><a href=\"https:\/\/www.miamedicalitalia.it\/fr\/categoria\/affitto-e-noleggio-ausili\/?_gl=1*1y1sipj*_up*MQ..*_ga*MTMwMTYwODM5Ny4xNzQ1NTE3Njk1*_ga_D9FZ9V3LL7*MTc0NTUxNzY5NC4xLjAuMTc0NTUxNzY5NC4wLjAuMA..\">Mia Medical Italie<\/a><\/strong>ces moments peuvent devenir des exp\u00e9riences v\u00e9cues&nbsp;<strong>avec pl\u00e9nitude et sans obstacles<\/strong>par tous et pour tous.<\/p>\n\n\n\n<p>Dans une p\u00e9riode de transition comme celle-ci, o\u00f9 le deuil, la r\u00e9flexion et la renaissance s'entrem\u00ealent,&nbsp;<strong>Mia Medical Italia est proche des fid\u00e8les et de la communaut\u00e9<\/strong>. Nous voulons contribuer \u00e0 rendre possible une participation v\u00e9ritable, digne et profonde. Pour que la douleur se transforme en espoir et que l'union devienne la plus belle r\u00e9ponse aux d\u00e9fis d'aujourd'hui.<\/p>\n\n\n\n<p><br><\/p>\n\n\n\n<p><br><\/p>","protected":false},"excerpt":{"rendered":"<p>Il 26 e successivamente&nbsp;&nbsp;dal 28 al 29 aprile 2025, Roma diventa il [&hellip;]<\/p>\n","protected":false},"author":809,"featured_media":13840,"comment_status":"open","ping_status":"open","sticky":false,"template":"","format":"standard","meta":{"_acf_changed":false,"footnotes":""},"categories":[183,186,340],"tags":[318,188,180,419,308,328,418,416,325,331,420,193,421,424,422,423,417,184,355],"class_list":["post-13808","post","type-post","status-publish","format-standard","has-post-thumbnail","hentry","category-articoli-anziani","category-articoli-disabili","category-giubileo","tag-318","tag-ausili-medicali","tag-carrozzine","tag-conclave","tag-disabilita","tag-electric-scooter","tag-funerali-papa-francesco","tag-giubileo-2025","tag-holy-year","tag-jubilee","tag-mobility-scooters","tag-noleggio","tag-noleggio-ausili-medicali","tag-noleggio-carrozzina-funerali-papa","tag-noleggio-carrozzine-giubileo","tag-noleggio-scooter-elettrico-giubileo","tag-papa-francesco","tag-turismo","tag-turismo-accessibile"],"acf":[],"yoast_head":"<!-- This site is optimized with the Yoast SEO Premium plugin v27.5 (Yoast SEO v27.5) - https:\/\/yoast.com\/product\/yoast-seo-premium-wordpress\/ -->\n<title>Giubileo delle Persone con disabilit\u00e0 e Funerali di Papa Francesco - Mia Medical<\/title>\n<meta name=\"description\" content=\"Non perdere l\u2019occasione di prendere parte al Giubileo delle persone con disabilit\u00e0 o ai funerali di Papa Francesco. Chiama Mia Medical Italia\" \/>\n<meta name=\"robots\" content=\"index, follow, max-snippet:-1, max-image-preview:large, max-video-preview:-1\" \/>\n<link rel=\"canonical\" href=\"https:\/\/www.miamedicalitalia.it\/fr\/giubileo-delle-persone-con-disabilita-e-funerali-di-papa-francesco\/\" \/>\n<meta property=\"og:locale\" content=\"fr_FR\" \/>\n<meta property=\"og:type\" content=\"article\" \/>\n<meta property=\"og:title\" content=\"Giubileo delle Persone con disabilit\u00e0 e Funerali di Papa Francesco - Mia Medical\" \/>\n<meta property=\"og:description\" content=\"Non perdere l\u2019occasione di prendere parte al Giubileo delle persone con disabilit\u00e0 o ai funerali di Papa Francesco. Chiama Mia Medical Italia\" \/>\n<meta property=\"og:url\" content=\"https:\/\/www.miamedicalitalia.it\/fr\/giubileo-delle-persone-con-disabilita-e-funerali-di-papa-francesco\/\" \/>\n<meta property=\"og:site_name\" content=\"Mia Medical\" \/>\n<meta property=\"article:publisher\" content=\"https:\/\/www.facebook.com\/miamedicalitalia\" \/>\n<meta property=\"article:published_time\" content=\"2025-04-27T13:47:05+00:00\" \/>\n<meta property=\"article:modified_time\" content=\"2026-02-10T15:15:38+00:00\" \/>\n<meta property=\"og:image\" content=\"https:\/\/www.miamedicalitalia.it\/wp-content\/uploads\/2025\/04\/9k.jpg\" \/>\n\t<meta property=\"og:image:width\" content=\"1024\" \/>\n\t<meta property=\"og:image:height\" content=\"1024\" \/>\n\t<meta property=\"og:image:type\" content=\"image\/jpeg\" \/>\n<meta name=\"author\" content=\"Anna Norante\" \/>\n<meta name=\"twitter:card\" content=\"summary_large_image\" \/>\n<meta name=\"twitter:label1\" content=\"\u00c9crit par\" \/>\n\t<meta name=\"twitter:data1\" content=\"Anna Norante\" \/>\n\t<meta name=\"twitter:label2\" content=\"Dur\u00e9e de lecture estim\u00e9e\" \/>\n\t<meta name=\"twitter:data2\" content=\"5 minutes\" \/>\n<script type=\"application\/ld+json\" class=\"yoast-schema-graph\">{\"@context\":\"https:\\\/\\\/schema.org\",\"@graph\":[{\"@type\":\"Article\",\"@id\":\"https:\\\/\\\/www.miamedicalitalia.it\\\/giubileo-delle-persone-con-disabilita-e-funerali-di-papa-francesco\\\/#article\",\"isPartOf\":{\"@id\":\"https:\\\/\\\/www.miamedicalitalia.it\\\/giubileo-delle-persone-con-disabilita-e-funerali-di-papa-francesco\\\/\"},\"author\":{\"name\":\"Anna Norante\",\"@id\":\"https:\\\/\\\/www.miamedicalitalia.it\\\/#\\\/schema\\\/person\\\/04a65f5cdcc128d65095be90c183f35a\"},\"headline\":\"Giubileo delle Persone con disabilit\u00e0 e Funerali di Papa Francesco\",\"datePublished\":\"2025-04-27T13:47:05+00:00\",\"dateModified\":\"2026-02-10T15:15:38+00:00\",\"mainEntityOfPage\":{\"@id\":\"https:\\\/\\\/www.miamedicalitalia.it\\\/giubileo-delle-persone-con-disabilita-e-funerali-di-papa-francesco\\\/\"},\"wordCount\":914,\"commentCount\":0,\"publisher\":{\"@id\":\"https:\\\/\\\/www.miamedicalitalia.it\\\/#organization\"},\"image\":{\"@id\":\"https:\\\/\\\/www.miamedicalitalia.it\\\/giubileo-delle-persone-con-disabilita-e-funerali-di-papa-francesco\\\/#primaryimage\"},\"thumbnailUrl\":\"https:\\\/\\\/www.miamedicalitalia.it\\\/wp-content\\\/uploads\\\/2025\\\/04\\\/9k.jpg\",\"keywords\":[\"2025\",\"ausili medicali\",\"carrozzine\",\"Conclave\",\"disabilit\u00e0\",\"electric scooter\",\"Funerali Papa Francesco\",\"Giubileo 2025\",\"Holy year\",\"jubilee\",\"mobility scooters\",\"noleggio\",\"noleggio ausili medicali\",\"noleggio carrozzina funerali papa\",\"noleggio carrozzine giubileo\",\"noleggio scooter elettrico giubileo\",\"Papa francesco\",\"turismo\",\"Turismo accessibile\"],\"articleSection\":[\"Anziani\",\"Disabili\",\"Giubileo\"],\"inLanguage\":\"fr-FR\",\"potentialAction\":[{\"@type\":\"CommentAction\",\"name\":\"Comment\",\"target\":[\"https:\\\/\\\/www.miamedicalitalia.it\\\/giubileo-delle-persone-con-disabilita-e-funerali-di-papa-francesco\\\/#respond\"]}]},{\"@type\":\"WebPage\",\"@id\":\"https:\\\/\\\/www.miamedicalitalia.it\\\/giubileo-delle-persone-con-disabilita-e-funerali-di-papa-francesco\\\/\",\"url\":\"https:\\\/\\\/www.miamedicalitalia.it\\\/giubileo-delle-persone-con-disabilita-e-funerali-di-papa-francesco\\\/\",\"name\":\"Giubileo delle Persone con disabilit\u00e0 e Funerali di Papa Francesco - Mia Medical\",\"isPartOf\":{\"@id\":\"https:\\\/\\\/www.miamedicalitalia.it\\\/#website\"},\"primaryImageOfPage\":{\"@id\":\"https:\\\/\\\/www.miamedicalitalia.it\\\/giubileo-delle-persone-con-disabilita-e-funerali-di-papa-francesco\\\/#primaryimage\"},\"image\":{\"@id\":\"https:\\\/\\\/www.miamedicalitalia.it\\\/giubileo-delle-persone-con-disabilita-e-funerali-di-papa-francesco\\\/#primaryimage\"},\"thumbnailUrl\":\"https:\\\/\\\/www.miamedicalitalia.it\\\/wp-content\\\/uploads\\\/2025\\\/04\\\/9k.jpg\",\"datePublished\":\"2025-04-27T13:47:05+00:00\",\"dateModified\":\"2026-02-10T15:15:38+00:00\",\"description\":\"Non perdere l\u2019occasione di prendere parte al Giubileo delle persone con disabilit\u00e0 o ai funerali di Papa Francesco. Chiama Mia Medical Italia\",\"breadcrumb\":{\"@id\":\"https:\\\/\\\/www.miamedicalitalia.it\\\/giubileo-delle-persone-con-disabilita-e-funerali-di-papa-francesco\\\/#breadcrumb\"},\"inLanguage\":\"fr-FR\",\"potentialAction\":[{\"@type\":\"ReadAction\",\"target\":[\"https:\\\/\\\/www.miamedicalitalia.it\\\/giubileo-delle-persone-con-disabilita-e-funerali-di-papa-francesco\\\/\"]}]},{\"@type\":\"ImageObject\",\"inLanguage\":\"fr-FR\",\"@id\":\"https:\\\/\\\/www.miamedicalitalia.it\\\/giubileo-delle-persone-con-disabilita-e-funerali-di-papa-francesco\\\/#primaryimage\",\"url\":\"https:\\\/\\\/www.miamedicalitalia.it\\\/wp-content\\\/uploads\\\/2025\\\/04\\\/9k.jpg\",\"contentUrl\":\"https:\\\/\\\/www.miamedicalitalia.it\\\/wp-content\\\/uploads\\\/2025\\\/04\\\/9k.jpg\",\"width\":1024,\"height\":1024},{\"@type\":\"BreadcrumbList\",\"@id\":\"https:\\\/\\\/www.miamedicalitalia.it\\\/giubileo-delle-persone-con-disabilita-e-funerali-di-papa-francesco\\\/#breadcrumb\",\"itemListElement\":[{\"@type\":\"ListItem\",\"position\":1,\"name\":\"Home\",\"item\":\"https:\\\/\\\/www.miamedicalitalia.it\\\/\"},{\"@type\":\"ListItem\",\"position\":2,\"name\":\"Giubileo delle Persone con disabilit\u00e0 e Funerali di Papa Francesco\"}]},{\"@type\":\"WebSite\",\"@id\":\"https:\\\/\\\/www.miamedicalitalia.it\\\/#website\",\"url\":\"https:\\\/\\\/www.miamedicalitalia.it\\\/\",\"name\":\"www.miamedicalitalia.it\",\"description\":\"Noleggio e Vendita Attrezzatura Sanitarie\",\"publisher\":{\"@id\":\"https:\\\/\\\/www.miamedicalitalia.it\\\/#organization\"},\"potentialAction\":[{\"@type\":\"SearchAction\",\"target\":{\"@type\":\"EntryPoint\",\"urlTemplate\":\"https:\\\/\\\/www.miamedicalitalia.it\\\/?s={search_term_string}\"},\"query-input\":{\"@type\":\"PropertyValueSpecification\",\"valueRequired\":true,\"valueName\":\"search_term_string\"}}],\"inLanguage\":\"fr-FR\"},{\"@type\":\"Organization\",\"@id\":\"https:\\\/\\\/www.miamedicalitalia.it\\\/#organization\",\"name\":\"OLG\",\"url\":\"https:\\\/\\\/www.miamedicalitalia.it\\\/\",\"logo\":{\"@type\":\"ImageObject\",\"inLanguage\":\"fr-FR\",\"@id\":\"https:\\\/\\\/www.miamedicalitalia.it\\\/#\\\/schema\\\/logo\\\/image\\\/\",\"url\":\"https:\\\/\\\/www.miamedicalitalia.it\\\/wp-content\\\/uploads\\\/2023\\\/04\\\/mia-medical-logo-free.png\",\"contentUrl\":\"https:\\\/\\\/www.miamedicalitalia.it\\\/wp-content\\\/uploads\\\/2023\\\/04\\\/mia-medical-logo-free.png\",\"width\":700,\"height\":700,\"caption\":\"OLG\"},\"image\":{\"@id\":\"https:\\\/\\\/www.miamedicalitalia.it\\\/#\\\/schema\\\/logo\\\/image\\\/\"},\"sameAs\":[\"https:\\\/\\\/www.facebook.com\\\/miamedicalitalia\"]},{\"@type\":\"Person\",\"@id\":\"https:\\\/\\\/www.miamedicalitalia.it\\\/#\\\/schema\\\/person\\\/04a65f5cdcc128d65095be90c183f35a\",\"name\":\"Anna Norante\",\"image\":{\"@type\":\"ImageObject\",\"inLanguage\":\"fr-FR\",\"@id\":\"https:\\\/\\\/secure.gravatar.com\\\/avatar\\\/f0be0e99d2a735522752a5fe34e6262c835130f0de176393ad559698341f2d55?s=96&d=mm&r=g\",\"url\":\"https:\\\/\\\/secure.gravatar.com\\\/avatar\\\/f0be0e99d2a735522752a5fe34e6262c835130f0de176393ad559698341f2d55?s=96&d=mm&r=g\",\"contentUrl\":\"https:\\\/\\\/secure.gravatar.com\\\/avatar\\\/f0be0e99d2a735522752a5fe34e6262c835130f0de176393ad559698341f2d55?s=96&d=mm&r=g\",\"caption\":\"Anna Norante\"}}]}<\/script>\n<!-- \/ Yoast SEO Premium plugin. -->","yoast_head_json":{"title":"Jubil\u00e9 des personnes handicap\u00e9es et fun\u00e9railles du pape Fran\u00e7ois - Mia Medical","description":"Ne manquez pas l'occasion de participer au Jubil\u00e9 des personnes handicap\u00e9es ou aux fun\u00e9railles du pape Fran\u00e7ois. Appelez Mia Medical Italie","robots":{"index":"index","follow":"follow","max-snippet":"max-snippet:-1","max-image-preview":"max-image-preview:large","max-video-preview":"max-video-preview:-1"},"canonical":"https:\/\/www.miamedicalitalia.it\/fr\/giubileo-delle-persone-con-disabilita-e-funerali-di-papa-francesco\/","og_locale":"fr_FR","og_type":"article","og_title":"Giubileo delle Persone con disabilit\u00e0 e Funerali di Papa Francesco - Mia Medical","og_description":"Non perdere l\u2019occasione di prendere parte al Giubileo delle persone con disabilit\u00e0 o ai funerali di Papa Francesco. Chiama Mia Medical Italia","og_url":"https:\/\/www.miamedicalitalia.it\/fr\/giubileo-delle-persone-con-disabilita-e-funerali-di-papa-francesco\/","og_site_name":"Mia Medical","article_publisher":"https:\/\/www.facebook.com\/miamedicalitalia","article_published_time":"2025-04-27T13:47:05+00:00","article_modified_time":"2026-02-10T15:15:38+00:00","og_image":[{"width":1024,"height":1024,"url":"https:\/\/www.miamedicalitalia.it\/wp-content\/uploads\/2025\/04\/9k.jpg","type":"image\/jpeg"}],"author":"Anna Norante","twitter_card":"summary_large_image","twitter_misc":{"\u00c9crit par":"Anna Norante","Dur\u00e9e de lecture estim\u00e9e":"5 minutes"},"schema":{"@context":"https:\/\/schema.org","@graph":[{"@type":"Article","@id":"https:\/\/www.miamedicalitalia.it\/giubileo-delle-persone-con-disabilita-e-funerali-di-papa-francesco\/#article","isPartOf":{"@id":"https:\/\/www.miamedicalitalia.it\/giubileo-delle-persone-con-disabilita-e-funerali-di-papa-francesco\/"},"author":{"name":"Anna Norante","@id":"https:\/\/www.miamedicalitalia.it\/#\/schema\/person\/04a65f5cdcc128d65095be90c183f35a"},"headline":"Giubileo delle Persone con disabilit\u00e0 e Funerali di Papa Francesco","datePublished":"2025-04-27T13:47:05+00:00","dateModified":"2026-02-10T15:15:38+00:00","mainEntityOfPage":{"@id":"https:\/\/www.miamedicalitalia.it\/giubileo-delle-persone-con-disabilita-e-funerali-di-papa-francesco\/"},"wordCount":914,"commentCount":0,"publisher":{"@id":"https:\/\/www.miamedicalitalia.it\/#organization"},"image":{"@id":"https:\/\/www.miamedicalitalia.it\/giubileo-delle-persone-con-disabilita-e-funerali-di-papa-francesco\/#primaryimage"},"thumbnailUrl":"https:\/\/www.miamedicalitalia.it\/wp-content\/uploads\/2025\/04\/9k.jpg","keywords":["2025","ausili medicali","carrozzine","Conclave","disabilit\u00e0","electric scooter","Funerali Papa Francesco","Giubileo 2025","Holy year","jubilee","mobility scooters","noleggio","noleggio ausili medicali","noleggio carrozzina funerali papa","noleggio carrozzine giubileo","noleggio scooter elettrico giubileo","Papa francesco","turismo","Turismo accessibile"],"articleSection":["Anziani","Disabili","Giubileo"],"inLanguage":"fr-FR","potentialAction":[{"@type":"CommentAction","name":"Comment","target":["https:\/\/www.miamedicalitalia.it\/giubileo-delle-persone-con-disabilita-e-funerali-di-papa-francesco\/#respond"]}]},{"@type":"WebPage","@id":"https:\/\/www.miamedicalitalia.it\/giubileo-delle-persone-con-disabilita-e-funerali-di-papa-francesco\/","url":"https:\/\/www.miamedicalitalia.it\/giubileo-delle-persone-con-disabilita-e-funerali-di-papa-francesco\/","name":"Jubil\u00e9 des personnes handicap\u00e9es et fun\u00e9railles du pape Fran\u00e7ois - Mia Medical","isPartOf":{"@id":"https:\/\/www.miamedicalitalia.it\/#website"},"primaryImageOfPage":{"@id":"https:\/\/www.miamedicalitalia.it\/giubileo-delle-persone-con-disabilita-e-funerali-di-papa-francesco\/#primaryimage"},"image":{"@id":"https:\/\/www.miamedicalitalia.it\/giubileo-delle-persone-con-disabilita-e-funerali-di-papa-francesco\/#primaryimage"},"thumbnailUrl":"https:\/\/www.miamedicalitalia.it\/wp-content\/uploads\/2025\/04\/9k.jpg","datePublished":"2025-04-27T13:47:05+00:00","dateModified":"2026-02-10T15:15:38+00:00","description":"Ne manquez pas l'occasion de participer au Jubil\u00e9 des personnes handicap\u00e9es ou aux fun\u00e9railles du pape Fran\u00e7ois. Appelez Mia Medical Italie","breadcrumb":{"@id":"https:\/\/www.miamedicalitalia.it\/giubileo-delle-persone-con-disabilita-e-funerali-di-papa-francesco\/#breadcrumb"},"inLanguage":"fr-FR","potentialAction":[{"@type":"ReadAction","target":["https:\/\/www.miamedicalitalia.it\/giubileo-delle-persone-con-disabilita-e-funerali-di-papa-francesco\/"]}]},{"@type":"ImageObject","inLanguage":"fr-FR","@id":"https:\/\/www.miamedicalitalia.it\/giubileo-delle-persone-con-disabilita-e-funerali-di-papa-francesco\/#primaryimage","url":"https:\/\/www.miamedicalitalia.it\/wp-content\/uploads\/2025\/04\/9k.jpg","contentUrl":"https:\/\/www.miamedicalitalia.it\/wp-content\/uploads\/2025\/04\/9k.jpg","width":1024,"height":1024},{"@type":"BreadcrumbList","@id":"https:\/\/www.miamedicalitalia.it\/giubileo-delle-persone-con-disabilita-e-funerali-di-papa-francesco\/#breadcrumb","itemListElement":[{"@type":"ListItem","position":1,"name":"Home","item":"https:\/\/www.miamedicalitalia.it\/"},{"@type":"ListItem","position":2,"name":"Giubileo delle Persone con disabilit\u00e0 e Funerali di Papa Francesco"}]},{"@type":"WebSite","@id":"https:\/\/www.miamedicalitalia.it\/#website","url":"https:\/\/www.miamedicalitalia.it\/","name":"www.miamedicalitalia.it","description":"Location et vente d'\u00e9quipements sanitaires","publisher":{"@id":"https:\/\/www.miamedicalitalia.it\/#organization"},"potentialAction":[{"@type":"SearchAction","target":{"@type":"EntryPoint","urlTemplate":"https:\/\/www.miamedicalitalia.it\/?s={search_term_string}"},"query-input":{"@type":"PropertyValueSpecification","valueRequired":true,"valueName":"search_term_string"}}],"inLanguage":"fr-FR"},{"@type":"Organization","@id":"https:\/\/www.miamedicalitalia.it\/#organization","name":"OLG","url":"https:\/\/www.miamedicalitalia.it\/","logo":{"@type":"ImageObject","inLanguage":"fr-FR","@id":"https:\/\/www.miamedicalitalia.it\/#\/schema\/logo\/image\/","url":"https:\/\/www.miamedicalitalia.it\/wp-content\/uploads\/2023\/04\/mia-medical-logo-free.png","contentUrl":"https:\/\/www.miamedicalitalia.it\/wp-content\/uploads\/2023\/04\/mia-medical-logo-free.png","width":700,"height":700,"caption":"OLG"},"image":{"@id":"https:\/\/www.miamedicalitalia.it\/#\/schema\/logo\/image\/"},"sameAs":["https:\/\/www.facebook.com\/miamedicalitalia"]},{"@type":"Person","@id":"https:\/\/www.miamedicalitalia.it\/#\/schema\/person\/04a65f5cdcc128d65095be90c183f35a","name":"Anna Norante","image":{"@type":"ImageObject","inLanguage":"fr-FR","@id":"https:\/\/secure.gravatar.com\/avatar\/f0be0e99d2a735522752a5fe34e6262c835130f0de176393ad559698341f2d55?s=96&d=mm&r=g","url":"https:\/\/secure.gravatar.com\/avatar\/f0be0e99d2a735522752a5fe34e6262c835130f0de176393ad559698341f2d55?s=96&d=mm&r=g","contentUrl":"https:\/\/secure.gravatar.com\/avatar\/f0be0e99d2a735522752a5fe34e6262c835130f0de176393ad559698341f2d55?s=96&d=mm&r=g","caption":"Anna Norante"}}]}},"_links":{"self":[{"href":"https:\/\/www.miamedicalitalia.it\/fr\/wp-json\/wp\/v2\/posts\/13808","targetHints":{"allow":["GET"]}}],"collection":[{"href":"https:\/\/www.miamedicalitalia.it\/fr\/wp-json\/wp\/v2\/posts"}],"about":[{"href":"https:\/\/www.miamedicalitalia.it\/fr\/wp-json\/wp\/v2\/types\/post"}],"author":[{"embeddable":true,"href":"https:\/\/www.miamedicalitalia.it\/fr\/wp-json\/wp\/v2\/users\/809"}],"replies":[{"embeddable":true,"href":"https:\/\/www.miamedicalitalia.it\/fr\/wp-json\/wp\/v2\/comments?post=13808"}],"version-history":[{"count":29,"href":"https:\/\/www.miamedicalitalia.it\/fr\/wp-json\/wp\/v2\/posts\/13808\/revisions"}],"predecessor-version":[{"id":15240,"href":"https:\/\/www.miamedicalitalia.it\/fr\/wp-json\/wp\/v2\/posts\/13808\/revisions\/15240"}],"wp:featuredmedia":[{"embeddable":true,"href":"https:\/\/www.miamedicalitalia.it\/fr\/wp-json\/wp\/v2\/media\/13840"}],"wp:attachment":[{"href":"https:\/\/www.miamedicalitalia.it\/fr\/wp-json\/wp\/v2\/media?parent=13808"}],"wp:term":[{"taxonomy":"category","embeddable":true,"href":"https:\/\/www.miamedicalitalia.it\/fr\/wp-json\/wp\/v2\/categories?post=13808"},{"taxonomy":"post_tag","embeddable":true,"href":"https:\/\/www.miamedicalitalia.it\/fr\/wp-json\/wp\/v2\/tags?post=13808"}],"curies":[{"name":"wp","href":"https:\/\/api.w.org\/{rel}","templated":true}]}}