{"id":14464,"date":"2025-09-07T20:43:04","date_gmt":"2025-09-07T18:43:04","guid":{"rendered":"https:\/\/www.miamedicalitalia.it\/?p=14464"},"modified":"2026-03-30T18:21:33","modified_gmt":"2026-03-30T16:21:33","slug":"disability-pride-toscana-2025-la-prima-edizione-a-firenze","status":"publish","type":"post","link":"https:\/\/www.miamedicalitalia.it\/es\/disability-pride-toscana-2025-la-prima-edizione-a-firenze\/","title":{"rendered":"Disability Pride Toscana 2025: primera edici\u00f3n en Florencia"},"content":{"rendered":"<p><strong>S\u00e1bado 27 de septiembre de 2025<\/strong>Florencia escribir\u00e1 una nueva p\u00e1gina en la historia social y cultural: por primera vez, la Toscana acoger\u00e1 el&nbsp;<strong>Orgullo de la discapacidad<\/strong>un d\u00eda de <strong>orgullo y participaci\u00f3n colectiva<\/strong>. No es s\u00f3lo un acontecimiento dedicado a las personas con discapacidad, sino una cita que convoca a toda la comunidad florentina.<\/p>\n\n\n\n<h4 class=\"wp-block-heading\" id=\"h-che-cos-e-il-disability-pride-e-perche-partecipare-significa-scegliere-l-inclusione\"><strong>Qu\u00e9 es el Orgullo de la Discapacidad y por qu\u00e9 participar significa optar por la inclusi\u00f3n<\/strong><\/h4>\n\n\n\n<p>En&nbsp;<strong>Orgullo de la discapacidad<\/strong>&nbsp;es un movimiento internacional nacido con el objetivo de:<\/p>\n\n\n\n<ul class=\"wp-block-list\">\n<li>valorar la identidad y el orgullo de las personas con discapacidad,<\/li>\n\n\n\n<li>sensibilizaci\u00f3n colectiva sobre los derechos y la inclusi\u00f3n,<\/li>\n\n\n\n<li>superar las barreras culturales y sociales que siguen limitando la plena participaci\u00f3n.<\/li>\n<\/ul>\n\n\n\n<p>Participar en el Orgullo de la Discapacidad significa hacer un&nbsp;<strong>acto de ciudadan\u00eda consciente<\/strong>decir s\u00ed a una sociedad en la que todos puedan vivir con&nbsp;<strong>igual dignidad, libertad y, sobre todo, oportunidades<\/strong>.<\/p>\n\n\n\n<figure class=\"wp-block-image size-full\"><img loading=\"lazy\" decoding=\"async\" width=\"2048\" height=\"1367\" src=\"https:\/\/www.miamedicalitalia.it\/wp-content\/uploads\/2025\/09\/IMG_4525.jpeg\" alt=\"\" class=\"wp-image-14471\" srcset=\"https:\/\/www.miamedicalitalia.it\/wp-content\/uploads\/2025\/09\/IMG_4525.jpeg 2048w, https:\/\/www.miamedicalitalia.it\/wp-content\/uploads\/2025\/09\/IMG_4525-1536x1025.jpeg 1536w, https:\/\/www.miamedicalitalia.it\/wp-content\/uploads\/2025\/09\/IMG_4525-18x12.jpeg 18w, https:\/\/www.miamedicalitalia.it\/wp-content\/uploads\/2025\/09\/IMG_4525-500x334.jpeg 500w, https:\/\/www.miamedicalitalia.it\/wp-content\/uploads\/2025\/09\/IMG_4525-700x467.jpeg 700w\" sizes=\"auto, (max-width: 2048px) 100vw, 2048px\" \/><figcaption class=\"wp-element-caption\">Fotos de <a href=\"https:\/\/www.facebook.com\/DisabilityPrideITA\/\">Disability Pride Italia.<\/a><\/figcaption><\/figure>\n\n\n\n<h4 class=\"wp-block-heading\" id=\"h-la-storia-del-disability-pride-dalla-nascita-negli-usa-alla-rete-globale\"><strong>La historia del Orgullo de la Discapacidad: desde su nacimiento en EE.UU. hasta la red mundial<\/strong><\/h4>\n\n\n\n<p>El movimiento naci\u00f3 en&nbsp;<strong>Estados Unidos en la d\u00e9cada de 1990<\/strong>inspirada en los grandes movimientos civiles y en el Orgullo LGBTQ+. La intenci\u00f3n era clara: dejar de ver la discapacidad como una carencia, sino como una&nbsp;<strong>parte integrante de la identidad<\/strong>para vivirla con orgullo y sin miedo.<\/p>\n\n\n\n<p>En Italia, el primer&nbsp;<strong>Orgullo de la discapacidad<\/strong>&nbsp;tuvo lugar en&nbsp;<strong>Roma en 2015<\/strong>. Desde entonces, el acontecimiento ha ido ganando fuerza hasta convertirse en parte de una red mundial con actos en&nbsp;<strong>Nueva York, Londres, Berl\u00edn y Madrid<\/strong>.<\/p>\n\n\n\n<p>La edici\u00f3n florentina representa un nuevo hito<strong>&nbsp;e&nbsp;<\/strong>una oportunidad para afirmar que la diversidad no es un obst\u00e1culo, sino&nbsp;<strong>recursos valiosos para el conjunto de la sociedad<\/strong>.<\/p>\n\n\n\n<h3 class=\"wp-block-heading\" id=\"h-programma-della-giornata-del-disability-pride-toscana-2025-a-firenze\"><strong><a href=\"https:\/\/www.dptoscana.it\/programma\/\">Programa de la jornada Disability Pride Toscana 2025 en Florencia<\/a><\/strong><\/h3>\n\n\n\n<p><strong>Palazzo degli Affari, Piazza Adua 1<\/strong><\/p>\n\n\n\n<p>- <strong>9.30 h - Conferencia<\/strong><\/p>\n\n\n\n<p>Debate con acad\u00e9micos, expertos y periodistas sobre&nbsp;<strong>derechos, accesibilidad e igualdad de oportunidades<\/strong>. <a href=\"https:\/\/www.dptoscana.it\/programma\/\">Haga clic aqu\u00ed para descubrir la lista completa.<\/a><\/p>\n\n\n\n<p>- <strong>15:00 - Procesi\u00f3n desde el centro hist\u00f3rico<\/strong><\/p>\n\n\n\n<p>El momento m\u00e1s llamativo del d\u00eda, el <strong>colorida procesi\u00f3n<\/strong> partiendo de lo maravilloso <a href=\"https:\/\/www.visitflorence.com\/florence-monuments\/piazza-santa-maria-novella.html\"><strong>Cuadrado de<\/strong> <strong>Santa Mar\u00eda Novella<\/strong><\/a>que cruzar\u00e1 el <strong>calles del centro<\/strong>para llevar a las calles un mensaje de <strong>solidaridad e inclusi\u00f3n<\/strong>.<\/p>\n\n\n\n<p>- <strong>17:45 - Espect\u00e1culo de danza en el <a href=\"http:\/\/www.firenzefiera.it\/\">Palacio de los Negocios<\/a><\/strong><\/p>\n\n\n\n<p>Un momento art\u00edstico y cultural para compartir y terminar el d\u00eda juntos.<\/p>\n\n\n\n<p>V\u00e9ase el <strong><a href=\"https:\/\/www.dptoscana.it\/contatti\/\">canales sociales oficiales<\/a><\/strong> para conocer las \u00faltimas noticias y consultar el <strong><a href=\"https:\/\/www.dptoscana.it\/programma\/\">programa de d\u00eda completo<\/a><\/strong>.&nbsp;<\/p>\n\n\n\n<figure class=\"wp-block-image size-full\"><img loading=\"lazy\" decoding=\"async\" width=\"2360\" height=\"1344\" src=\"https:\/\/www.miamedicalitalia.it\/wp-content\/uploads\/2025\/09\/IMG_4527.jpeg\" alt=\"\" class=\"wp-image-14472\" srcset=\"https:\/\/www.miamedicalitalia.it\/wp-content\/uploads\/2025\/09\/IMG_4527.jpeg 2360w, https:\/\/www.miamedicalitalia.it\/wp-content\/uploads\/2025\/09\/IMG_4527-1536x875.jpeg 1536w, https:\/\/www.miamedicalitalia.it\/wp-content\/uploads\/2025\/09\/IMG_4527-2048x1166.jpeg 2048w, https:\/\/www.miamedicalitalia.it\/wp-content\/uploads\/2025\/09\/IMG_4527-18x10.jpeg 18w, https:\/\/www.miamedicalitalia.it\/wp-content\/uploads\/2025\/09\/IMG_4527-500x285.jpeg 500w, https:\/\/www.miamedicalitalia.it\/wp-content\/uploads\/2025\/09\/IMG_4527-700x399.jpeg 700w\" sizes=\"auto, (max-width: 2360px) 100vw, 2360px\" \/><figcaption class=\"wp-element-caption\">Fotos de <a href=\"https:\/\/www.rollingstone.it\/cultura\/ad-essere-disabili-sono-i-luoghi-non-le-persone-torna-il-disability-pride-italia\/671326\/\">Rolling Stones Italia.<\/a><\/figcaption><\/figure>\n\n\n\n<h4 class=\"wp-block-heading\" id=\"h-come-raggiungere-l-evento-consigli-sulla-viabilita\">C\u00f3mo llegar al acto: consejos sobre tr\u00e1fico <\/h4>\n\n\n\n<p>La procesi\u00f3n partir\u00e1 de&nbsp;<strong>Plaza de Santa Mar\u00eda Novella<\/strong>&nbsp;y terminar\u00e1 de nuevo cerca del&nbsp;<strong>Palacio de los Negocios<\/strong>tambi\u00e9n un punto de referencia para la conferencia y el espect\u00e1culo final. He aqu\u00ed algunos consejos pr\u00e1cticos:<\/p>\n\n\n\n<p><strong>En tren<\/strong>: el <a href=\"https:\/\/www.rfi.it\/it\/stazioni\/firenze-santa-maria-novella.html\"><strong>estaci\u00f3n<\/strong> por&nbsp;<strong>Florencia Santa Maria Novella<\/strong><\/a>&nbsp;est\u00e1 a un corto paseo tanto de la Piazza Santa Maria Novella como del Palazzo degli Affari. Es el modo m\u00e1s c\u00f3modo para quienes llegan desde fuera de la ciudad. \u00bfQuiere reducir el esfuerzo al m\u00ednimo? Alquile un <strong><a href=\"https:\/\/www.miamedicalitalia.it\/es\/categoria\/affitto-e-noleggio-ausili\/affitto-e-noleggio-carrozzina\/\">silla de ruedas<\/a><\/strong> o una <strong><a href=\"https:\/\/www.miamedicalitalia.it\/es\/categoria\/affitto-e-noleggio-ausili\/noleggio-e-affitto-carrozzina-elettrica-e-scooter\/\">scooter el\u00e9ctrico de M.I.A. Medical Italy<\/a><\/strong> con recogida directamente en la estaci\u00f3n y llegar al punto de encuentro con seguridad y comodidad. <\/p>\n\n\n\n<p><strong>Por tranv\u00eda<\/strong>: Las l\u00edneas <strong><a href=\"https:\/\/www.firenzetramvia.it\/\">T1 y T2<\/a><\/strong> de la parada de la calle frente a la estaci\u00f3n, garantizando <strong>enlaces r\u00e1pidos<\/strong> de todas las zonas de Florencia. Estos <strong>l\u00edneas accesibles para personas con discapacidad<\/strong>incluida la <strong>pasajeros en silla de ruedas<\/strong> y los que tienen <strong>discapacidad visual<\/strong>. Los tranv\u00edas tienen un <strong>reducir a cero la diferencia de altura entre la plataforma y el vag\u00f3n para facilitar el acceso<\/strong> y tienen<strong> puntos de anclaje especiales para sillas de ruedas<\/strong>. Le <strong>las marquesinas est\u00e1n equipadas con indicadores ac\u00fasticos para las paradas de autob\u00fas y se\u00f1ales en Braille en las botoneras<\/strong>mientras que las rutas para personas con discapacidad visual, denominadas \"<strong>Rutas de registro<\/strong>est\u00e1n presentes en las carreteras de acceso a las paradas.&nbsp;<br><\/p>\n\n\n\n<p><strong>En coche<\/strong>Se recomienda utilizar el <strong>aparcamientos<\/strong> cerca de la estaci\u00f3n, Fortezza Fiera, estaci\u00f3n Santa Maria Novella, Villa Costanza con conexi\u00f3n tranv\u00eda-via para evitar el tr\u00e1fico en el centro de la ciudad. Tambi\u00e9n con la <strong>marca<\/strong> para la circulaci\u00f3n de personas con discapacidad, es posible entrar en el <strong>Zona de tr\u00e1fico restringido<\/strong> de <strong>centro hist\u00f3rico<\/strong>pero es necesario <strong>matr\u00edcula<\/strong> del veh\u00edculo utilizado en <strong><a href=\"https:\/\/www.serviziallastrada.it\/\">Firenze Servizi alla Strada S.p.A.<\/a><\/strong> antes de registrarse, o en las pr\u00f3ximas 48 horas. La inscripci\u00f3n puede hacerse en l\u00ednea.<\/p>\n\n\n\n<h3 class=\"wp-block-heading\" id=\"h-m-i-a-medical-italia-il-nostro-impegno-quotidiano\">M.I.A. MEDICAL ITALIA: nuestro compromiso diario <\/h3>\n\n\n\n<figure class=\"wp-block-gallery has-nested-images columns-default is-cropped wp-block-gallery-1 is-layout-flex wp-block-gallery-is-layout-flex\">\n<figure class=\"wp-block-image size-large\"><img loading=\"lazy\" decoding=\"async\" width=\"1227\" height=\"1614\" data-id=\"13255\" src=\"https:\/\/www.miamedicalitalia.it\/wp-content\/uploads\/2024\/11\/IMG_2343.jpeg\" alt=\"\" class=\"wp-image-13255\" srcset=\"https:\/\/www.miamedicalitalia.it\/wp-content\/uploads\/2024\/11\/IMG_2343.jpeg 1227w, https:\/\/www.miamedicalitalia.it\/wp-content\/uploads\/2024\/11\/IMG_2343-1168x1536.jpeg 1168w, https:\/\/www.miamedicalitalia.it\/wp-content\/uploads\/2024\/11\/IMG_2343-9x12.jpeg 9w, https:\/\/www.miamedicalitalia.it\/wp-content\/uploads\/2024\/11\/IMG_2343-500x658.jpeg 500w, https:\/\/www.miamedicalitalia.it\/wp-content\/uploads\/2024\/11\/IMG_2343-700x921.jpeg 700w\" sizes=\"auto, (max-width: 1227px) 100vw, 1227px\" \/><\/figure>\n\n\n\n<figure class=\"wp-block-image size-large\"><img loading=\"lazy\" decoding=\"async\" width=\"1224\" height=\"1600\" data-id=\"13250\" src=\"https:\/\/www.miamedicalitalia.it\/wp-content\/uploads\/2024\/11\/IMG_2341.jpeg\" alt=\"\" class=\"wp-image-13250\" srcset=\"https:\/\/www.miamedicalitalia.it\/wp-content\/uploads\/2024\/11\/IMG_2341.jpeg 1224w, https:\/\/www.miamedicalitalia.it\/wp-content\/uploads\/2024\/11\/IMG_2341-1175x1536.jpeg 1175w, https:\/\/www.miamedicalitalia.it\/wp-content\/uploads\/2024\/11\/IMG_2341-9x12.jpeg 9w, https:\/\/www.miamedicalitalia.it\/wp-content\/uploads\/2024\/11\/IMG_2341-500x654.jpeg 500w, https:\/\/www.miamedicalitalia.it\/wp-content\/uploads\/2024\/11\/IMG_2341-700x915.jpeg 700w\" sizes=\"auto, (max-width: 1224px) 100vw, 1224px\" \/><\/figure>\n\n\n\n<figure class=\"wp-block-image size-large\"><img loading=\"lazy\" decoding=\"async\" width=\"1223\" height=\"1561\" data-id=\"13234\" src=\"https:\/\/www.miamedicalitalia.it\/wp-content\/uploads\/2024\/11\/IMG_2337.jpeg\" alt=\"\" class=\"wp-image-13234\" srcset=\"https:\/\/www.miamedicalitalia.it\/wp-content\/uploads\/2024\/11\/IMG_2337.jpeg 1223w, https:\/\/www.miamedicalitalia.it\/wp-content\/uploads\/2024\/11\/IMG_2337-1203x1536.jpeg 1203w, https:\/\/www.miamedicalitalia.it\/wp-content\/uploads\/2024\/11\/IMG_2337-9x12.jpeg 9w, https:\/\/www.miamedicalitalia.it\/wp-content\/uploads\/2024\/11\/IMG_2337-500x638.jpeg 500w, https:\/\/www.miamedicalitalia.it\/wp-content\/uploads\/2024\/11\/IMG_2337-700x893.jpeg 700w\" sizes=\"auto, (max-width: 1223px) 100vw, 1223px\" \/><\/figure>\n<\/figure>\n\n\n\n<p>Participar en el&nbsp;<strong>Orgullo de la Discapacidad Toscana 2025<\/strong>&nbsp;significa creer en una sociedad en la que la autonom\u00eda y la dignidad sean derechos garantizados para todos. Es la misma misi\u00f3n que tenemos en&nbsp;<strong><a href=\"https:\/\/www.miamedicalitalia.it\/es\/chi-siamo\/\">Mia Medical<\/a><\/strong>&nbsp;que llevamos a cabo a diario.<\/p>\n\n\n\n<p>Con nuestras oficinas en Italia, y la de&nbsp;<strong>Florencia<\/strong>&nbsp;a un tiro de piedra del coraz\u00f3n del evento, trabajamos para ofrecer:<\/p>\n\n\n\n<ul class=\"wp-block-list\">\n<li><a href=\"https:\/\/www.miamedicalitalia.it\/es\/categoria\/affitto-e-noleggio-ausili\/\"><strong>Alquiler y venta de ayudas a la movilidad y equipos electrom\u00e9dicos<\/strong>&nbsp;<\/a>como sillas de ruedas el\u00e9ctricas y no el\u00e9ctricas, camas ortop\u00e9dicas, colchones dec\u00fabito, andadores y mucho m\u00e1s para asistencia y cuidados a domicilio;<\/li>\n\n\n\n<li><a href=\"https:\/\/www.miamedicalitalia.it\/es\/categoria\/affitto-e-noleggio-ausili\/\"><strong>Salvaescaleras y elevadores el\u00e9ctricos<\/strong>&nbsp;<\/a>para hacer m\u00e1s accesible la vivienda;<\/li>\n\n\n\n<li><strong>Asistencia t\u00e9cnica y asesoramiento personalizado<\/strong>porque cada persona tiene necesidades diferentes y merece soluciones a medida;<\/li>\n\n\n\n<li><strong>Servicios r\u00e1pidos y flexibles<\/strong>dise\u00f1ado para familias, cuidadores y centros sanitarios.<\/li>\n<\/ul>\n\n\n\n<p>Nuestro objetivo es simple y claro,&nbsp;<strong>romper barreras, incluso dentro del hogar, y recuperar la libertad de movimientos y la serenidad en la vida cotidiana<\/strong>. Para nosotros, apoyar a Disability Pride Toscana significa reafirmar que la inclusi\u00f3n no es un ideal abstracto, sino un objetivo que tambi\u00e9n se construye a trav\u00e9s de servicios concretos, innovadores y accesibles.<\/p>\n\n\n\n<p>No olvide suscribirse a nuestro <strong><a href=\"https:\/\/www.miamedicalitalia.it\/es\/contatti\/\">Bolet\u00edn<\/a><\/strong> para estar al d\u00eda de todas las novedades del mundo de la accesibilidad, el turismo, el estilo de vida, \u00a1y mucho m\u00e1s!<\/p>","protected":false},"excerpt":{"rendered":"<p>Sabato 27 settembre 2025, Firenze scriver\u00e0 una nuova pagina di storia sociale [&hellip;]<\/p>\n","protected":false},"author":809,"featured_media":14475,"comment_status":"open","ping_status":"open","sticky":false,"template":"","format":"standard","meta":{"_acf_changed":false,"footnotes":""},"categories":[183,186,176],"tags":[318,188,180,308,432,453,451,452,455,456,184],"class_list":["post-14464","post","type-post","status-publish","format-standard","has-post-thumbnail","hentry","category-articoli-anziani","category-articoli-disabili","category-news","tag-318","tag-ausili-medicali","tag-carrozzine","tag-disabilita","tag-disability-pride","tag-disability-pride-firenze","tag-disability-pride-italia","tag-disability-pride-toscana","tag-noleggio-ausili-medicali-firenze","tag-noleggio-scooter-elettrico-firenze","tag-turismo"],"acf":[],"yoast_head":"<!-- This site is optimized with the Yoast SEO Premium plugin v27.5 (Yoast SEO v27.5) - https:\/\/yoast.com\/product\/yoast-seo-premium-wordpress\/ -->\n<title>Disability Pride Toscana 2025: la prima edizione a Firenze - Mia Medical<\/title>\n<meta name=\"description\" content=\"Firenze nel 2025 apre le proprie strade alla prima edizione del Disability Pride Toscana. Scopri di cosa si tratta e come partecipare!\" \/>\n<meta name=\"robots\" content=\"index, follow, max-snippet:-1, max-image-preview:large, max-video-preview:-1\" \/>\n<link rel=\"canonical\" href=\"https:\/\/www.miamedicalitalia.it\/es\/disability-pride-toscana-2025-la-prima-edizione-a-firenze\/\" \/>\n<meta property=\"og:locale\" content=\"es_ES\" \/>\n<meta property=\"og:type\" content=\"article\" \/>\n<meta property=\"og:title\" content=\"Disability Pride Toscana 2025: la prima edizione a Firenze - Mia Medical\" \/>\n<meta property=\"og:description\" content=\"Firenze nel 2025 apre le proprie strade alla prima edizione del Disability Pride Toscana. Scopri di cosa si tratta e come partecipare!\" \/>\n<meta property=\"og:url\" content=\"https:\/\/www.miamedicalitalia.it\/es\/disability-pride-toscana-2025-la-prima-edizione-a-firenze\/\" \/>\n<meta property=\"og:site_name\" content=\"Mia Medical\" \/>\n<meta property=\"article:publisher\" content=\"https:\/\/www.facebook.com\/miamedicalitalia\" \/>\n<meta property=\"article:published_time\" content=\"2025-09-07T18:43:04+00:00\" \/>\n<meta property=\"article:modified_time\" content=\"2026-03-30T16:21:33+00:00\" \/>\n<meta property=\"og:image\" content=\"https:\/\/www.miamedicalitalia.it\/wp-content\/uploads\/2025\/09\/2Q.jpeg\" \/>\n\t<meta property=\"og:image:width\" content=\"1024\" \/>\n\t<meta property=\"og:image:height\" content=\"1024\" \/>\n\t<meta property=\"og:image:type\" content=\"image\/jpeg\" \/>\n<meta name=\"author\" content=\"Anna Norante\" \/>\n<meta name=\"twitter:card\" content=\"summary_large_image\" \/>\n<meta name=\"twitter:label1\" content=\"Escrito por\" \/>\n\t<meta name=\"twitter:data1\" content=\"Anna Norante\" \/>\n\t<meta name=\"twitter:label2\" content=\"Tiempo de lectura\" \/>\n\t<meta name=\"twitter:data2\" content=\"6 minutos\" \/>\n<script type=\"application\/ld+json\" class=\"yoast-schema-graph\">{\"@context\":\"https:\\\/\\\/schema.org\",\"@graph\":[{\"@type\":\"Article\",\"@id\":\"https:\\\/\\\/www.miamedicalitalia.it\\\/disability-pride-toscana-2025-la-prima-edizione-a-firenze\\\/#article\",\"isPartOf\":{\"@id\":\"https:\\\/\\\/www.miamedicalitalia.it\\\/disability-pride-toscana-2025-la-prima-edizione-a-firenze\\\/\"},\"author\":{\"name\":\"Anna Norante\",\"@id\":\"https:\\\/\\\/www.miamedicalitalia.it\\\/#\\\/schema\\\/person\\\/04a65f5cdcc128d65095be90c183f35a\"},\"headline\":\"Disability Pride Toscana 2025: la prima edizione a Firenze\",\"datePublished\":\"2025-09-07T18:43:04+00:00\",\"dateModified\":\"2026-03-30T16:21:33+00:00\",\"mainEntityOfPage\":{\"@id\":\"https:\\\/\\\/www.miamedicalitalia.it\\\/disability-pride-toscana-2025-la-prima-edizione-a-firenze\\\/\"},\"wordCount\":920,\"commentCount\":0,\"publisher\":{\"@id\":\"https:\\\/\\\/www.miamedicalitalia.it\\\/#organization\"},\"image\":{\"@id\":\"https:\\\/\\\/www.miamedicalitalia.it\\\/disability-pride-toscana-2025-la-prima-edizione-a-firenze\\\/#primaryimage\"},\"thumbnailUrl\":\"https:\\\/\\\/www.miamedicalitalia.it\\\/wp-content\\\/uploads\\\/2025\\\/09\\\/2Q.jpeg\",\"keywords\":[\"2025\",\"ausili medicali\",\"carrozzine\",\"disabilit\u00e0\",\"Disability Pride\",\"Disability Pride Firenze\",\"Disability Pride Italia\",\"Disability Pride Toscana\",\"noleggio ausili medicali Firenze\",\"noleggio scooter elettrico Firenze\",\"turismo\"],\"articleSection\":[\"Anziani\",\"Disabili\",\"News\"],\"inLanguage\":\"es\",\"potentialAction\":[{\"@type\":\"CommentAction\",\"name\":\"Comment\",\"target\":[\"https:\\\/\\\/www.miamedicalitalia.it\\\/disability-pride-toscana-2025-la-prima-edizione-a-firenze\\\/#respond\"]}]},{\"@type\":\"WebPage\",\"@id\":\"https:\\\/\\\/www.miamedicalitalia.it\\\/disability-pride-toscana-2025-la-prima-edizione-a-firenze\\\/\",\"url\":\"https:\\\/\\\/www.miamedicalitalia.it\\\/disability-pride-toscana-2025-la-prima-edizione-a-firenze\\\/\",\"name\":\"Disability Pride Toscana 2025: la prima edizione a Firenze - Mia Medical\",\"isPartOf\":{\"@id\":\"https:\\\/\\\/www.miamedicalitalia.it\\\/#website\"},\"primaryImageOfPage\":{\"@id\":\"https:\\\/\\\/www.miamedicalitalia.it\\\/disability-pride-toscana-2025-la-prima-edizione-a-firenze\\\/#primaryimage\"},\"image\":{\"@id\":\"https:\\\/\\\/www.miamedicalitalia.it\\\/disability-pride-toscana-2025-la-prima-edizione-a-firenze\\\/#primaryimage\"},\"thumbnailUrl\":\"https:\\\/\\\/www.miamedicalitalia.it\\\/wp-content\\\/uploads\\\/2025\\\/09\\\/2Q.jpeg\",\"datePublished\":\"2025-09-07T18:43:04+00:00\",\"dateModified\":\"2026-03-30T16:21:33+00:00\",\"description\":\"Firenze nel 2025 apre le proprie strade alla prima edizione del Disability Pride Toscana. Scopri di cosa si tratta e come partecipare!\",\"breadcrumb\":{\"@id\":\"https:\\\/\\\/www.miamedicalitalia.it\\\/disability-pride-toscana-2025-la-prima-edizione-a-firenze\\\/#breadcrumb\"},\"inLanguage\":\"es\",\"potentialAction\":[{\"@type\":\"ReadAction\",\"target\":[\"https:\\\/\\\/www.miamedicalitalia.it\\\/disability-pride-toscana-2025-la-prima-edizione-a-firenze\\\/\"]}]},{\"@type\":\"ImageObject\",\"inLanguage\":\"es\",\"@id\":\"https:\\\/\\\/www.miamedicalitalia.it\\\/disability-pride-toscana-2025-la-prima-edizione-a-firenze\\\/#primaryimage\",\"url\":\"https:\\\/\\\/www.miamedicalitalia.it\\\/wp-content\\\/uploads\\\/2025\\\/09\\\/2Q.jpeg\",\"contentUrl\":\"https:\\\/\\\/www.miamedicalitalia.it\\\/wp-content\\\/uploads\\\/2025\\\/09\\\/2Q.jpeg\",\"width\":1024,\"height\":1024,\"caption\":\"Disability Pride Toscana 2025\"},{\"@type\":\"BreadcrumbList\",\"@id\":\"https:\\\/\\\/www.miamedicalitalia.it\\\/disability-pride-toscana-2025-la-prima-edizione-a-firenze\\\/#breadcrumb\",\"itemListElement\":[{\"@type\":\"ListItem\",\"position\":1,\"name\":\"Home\",\"item\":\"https:\\\/\\\/www.miamedicalitalia.it\\\/\"},{\"@type\":\"ListItem\",\"position\":2,\"name\":\"Disability Pride Toscana 2025: la prima edizione a Firenze\"}]},{\"@type\":\"WebSite\",\"@id\":\"https:\\\/\\\/www.miamedicalitalia.it\\\/#website\",\"url\":\"https:\\\/\\\/www.miamedicalitalia.it\\\/\",\"name\":\"www.miamedicalitalia.it\",\"description\":\"Noleggio e Vendita Attrezzatura Sanitarie\",\"publisher\":{\"@id\":\"https:\\\/\\\/www.miamedicalitalia.it\\\/#organization\"},\"potentialAction\":[{\"@type\":\"SearchAction\",\"target\":{\"@type\":\"EntryPoint\",\"urlTemplate\":\"https:\\\/\\\/www.miamedicalitalia.it\\\/?s={search_term_string}\"},\"query-input\":{\"@type\":\"PropertyValueSpecification\",\"valueRequired\":true,\"valueName\":\"search_term_string\"}}],\"inLanguage\":\"es\"},{\"@type\":\"Organization\",\"@id\":\"https:\\\/\\\/www.miamedicalitalia.it\\\/#organization\",\"name\":\"OLG\",\"url\":\"https:\\\/\\\/www.miamedicalitalia.it\\\/\",\"logo\":{\"@type\":\"ImageObject\",\"inLanguage\":\"es\",\"@id\":\"https:\\\/\\\/www.miamedicalitalia.it\\\/#\\\/schema\\\/logo\\\/image\\\/\",\"url\":\"https:\\\/\\\/www.miamedicalitalia.it\\\/wp-content\\\/uploads\\\/2023\\\/04\\\/mia-medical-logo-free.png\",\"contentUrl\":\"https:\\\/\\\/www.miamedicalitalia.it\\\/wp-content\\\/uploads\\\/2023\\\/04\\\/mia-medical-logo-free.png\",\"width\":700,\"height\":700,\"caption\":\"OLG\"},\"image\":{\"@id\":\"https:\\\/\\\/www.miamedicalitalia.it\\\/#\\\/schema\\\/logo\\\/image\\\/\"},\"sameAs\":[\"https:\\\/\\\/www.facebook.com\\\/miamedicalitalia\"]},{\"@type\":\"Person\",\"@id\":\"https:\\\/\\\/www.miamedicalitalia.it\\\/#\\\/schema\\\/person\\\/04a65f5cdcc128d65095be90c183f35a\",\"name\":\"Anna Norante\",\"image\":{\"@type\":\"ImageObject\",\"inLanguage\":\"es\",\"@id\":\"https:\\\/\\\/secure.gravatar.com\\\/avatar\\\/f0be0e99d2a735522752a5fe34e6262c835130f0de176393ad559698341f2d55?s=96&d=mm&r=g\",\"url\":\"https:\\\/\\\/secure.gravatar.com\\\/avatar\\\/f0be0e99d2a735522752a5fe34e6262c835130f0de176393ad559698341f2d55?s=96&d=mm&r=g\",\"contentUrl\":\"https:\\\/\\\/secure.gravatar.com\\\/avatar\\\/f0be0e99d2a735522752a5fe34e6262c835130f0de176393ad559698341f2d55?s=96&d=mm&r=g\",\"caption\":\"Anna Norante\"}}]}<\/script>\n<!-- \/ Yoast SEO Premium plugin. -->","yoast_head_json":{"title":"Disability Pride Toscana 2025: la primera edici\u00f3n en Florencia - Mia Medical","description":"Florencia en 2025 abre sus calles a la primera edici\u00f3n del Disability Pride Toscana. \u00a1Descubre en qu\u00e9 consiste y c\u00f3mo participar!","robots":{"index":"index","follow":"follow","max-snippet":"max-snippet:-1","max-image-preview":"max-image-preview:large","max-video-preview":"max-video-preview:-1"},"canonical":"https:\/\/www.miamedicalitalia.it\/es\/disability-pride-toscana-2025-la-prima-edizione-a-firenze\/","og_locale":"es_ES","og_type":"article","og_title":"Disability Pride Toscana 2025: la prima edizione a Firenze - Mia Medical","og_description":"Firenze nel 2025 apre le proprie strade alla prima edizione del Disability Pride Toscana. Scopri di cosa si tratta e come partecipare!","og_url":"https:\/\/www.miamedicalitalia.it\/es\/disability-pride-toscana-2025-la-prima-edizione-a-firenze\/","og_site_name":"Mia Medical","article_publisher":"https:\/\/www.facebook.com\/miamedicalitalia","article_published_time":"2025-09-07T18:43:04+00:00","article_modified_time":"2026-03-30T16:21:33+00:00","og_image":[{"width":1024,"height":1024,"url":"https:\/\/www.miamedicalitalia.it\/wp-content\/uploads\/2025\/09\/2Q.jpeg","type":"image\/jpeg"}],"author":"Anna Norante","twitter_card":"summary_large_image","twitter_misc":{"Escrito por":"Anna Norante","Tiempo de lectura":"6 minutos"},"schema":{"@context":"https:\/\/schema.org","@graph":[{"@type":"Article","@id":"https:\/\/www.miamedicalitalia.it\/disability-pride-toscana-2025-la-prima-edizione-a-firenze\/#article","isPartOf":{"@id":"https:\/\/www.miamedicalitalia.it\/disability-pride-toscana-2025-la-prima-edizione-a-firenze\/"},"author":{"name":"Anna Norante","@id":"https:\/\/www.miamedicalitalia.it\/#\/schema\/person\/04a65f5cdcc128d65095be90c183f35a"},"headline":"Disability Pride Toscana 2025: la prima edizione a Firenze","datePublished":"2025-09-07T18:43:04+00:00","dateModified":"2026-03-30T16:21:33+00:00","mainEntityOfPage":{"@id":"https:\/\/www.miamedicalitalia.it\/disability-pride-toscana-2025-la-prima-edizione-a-firenze\/"},"wordCount":920,"commentCount":0,"publisher":{"@id":"https:\/\/www.miamedicalitalia.it\/#organization"},"image":{"@id":"https:\/\/www.miamedicalitalia.it\/disability-pride-toscana-2025-la-prima-edizione-a-firenze\/#primaryimage"},"thumbnailUrl":"https:\/\/www.miamedicalitalia.it\/wp-content\/uploads\/2025\/09\/2Q.jpeg","keywords":["2025","ausili medicali","carrozzine","disabilit\u00e0","Disability Pride","Disability Pride Firenze","Disability Pride Italia","Disability Pride Toscana","noleggio ausili medicali Firenze","noleggio scooter elettrico Firenze","turismo"],"articleSection":["Anziani","Disabili","News"],"inLanguage":"es","potentialAction":[{"@type":"CommentAction","name":"Comment","target":["https:\/\/www.miamedicalitalia.it\/disability-pride-toscana-2025-la-prima-edizione-a-firenze\/#respond"]}]},{"@type":"WebPage","@id":"https:\/\/www.miamedicalitalia.it\/disability-pride-toscana-2025-la-prima-edizione-a-firenze\/","url":"https:\/\/www.miamedicalitalia.it\/disability-pride-toscana-2025-la-prima-edizione-a-firenze\/","name":"Disability Pride Toscana 2025: la primera edici\u00f3n en Florencia - Mia Medical","isPartOf":{"@id":"https:\/\/www.miamedicalitalia.it\/#website"},"primaryImageOfPage":{"@id":"https:\/\/www.miamedicalitalia.it\/disability-pride-toscana-2025-la-prima-edizione-a-firenze\/#primaryimage"},"image":{"@id":"https:\/\/www.miamedicalitalia.it\/disability-pride-toscana-2025-la-prima-edizione-a-firenze\/#primaryimage"},"thumbnailUrl":"https:\/\/www.miamedicalitalia.it\/wp-content\/uploads\/2025\/09\/2Q.jpeg","datePublished":"2025-09-07T18:43:04+00:00","dateModified":"2026-03-30T16:21:33+00:00","description":"Florencia en 2025 abre sus calles a la primera edici\u00f3n del Disability Pride Toscana. \u00a1Descubre en qu\u00e9 consiste y c\u00f3mo participar!","breadcrumb":{"@id":"https:\/\/www.miamedicalitalia.it\/disability-pride-toscana-2025-la-prima-edizione-a-firenze\/#breadcrumb"},"inLanguage":"es","potentialAction":[{"@type":"ReadAction","target":["https:\/\/www.miamedicalitalia.it\/disability-pride-toscana-2025-la-prima-edizione-a-firenze\/"]}]},{"@type":"ImageObject","inLanguage":"es","@id":"https:\/\/www.miamedicalitalia.it\/disability-pride-toscana-2025-la-prima-edizione-a-firenze\/#primaryimage","url":"https:\/\/www.miamedicalitalia.it\/wp-content\/uploads\/2025\/09\/2Q.jpeg","contentUrl":"https:\/\/www.miamedicalitalia.it\/wp-content\/uploads\/2025\/09\/2Q.jpeg","width":1024,"height":1024,"caption":"Disability Pride Toscana 2025"},{"@type":"BreadcrumbList","@id":"https:\/\/www.miamedicalitalia.it\/disability-pride-toscana-2025-la-prima-edizione-a-firenze\/#breadcrumb","itemListElement":[{"@type":"ListItem","position":1,"name":"Home","item":"https:\/\/www.miamedicalitalia.it\/"},{"@type":"ListItem","position":2,"name":"Disability Pride Toscana 2025: la prima edizione a Firenze"}]},{"@type":"WebSite","@id":"https:\/\/www.miamedicalitalia.it\/#website","url":"https:\/\/www.miamedicalitalia.it\/","name":"www.miamedicalitalia.it","description":"Alquiler y venta de material sanitario","publisher":{"@id":"https:\/\/www.miamedicalitalia.it\/#organization"},"potentialAction":[{"@type":"SearchAction","target":{"@type":"EntryPoint","urlTemplate":"https:\/\/www.miamedicalitalia.it\/?s={search_term_string}"},"query-input":{"@type":"PropertyValueSpecification","valueRequired":true,"valueName":"search_term_string"}}],"inLanguage":"es"},{"@type":"Organization","@id":"https:\/\/www.miamedicalitalia.it\/#organization","name":"OLG","url":"https:\/\/www.miamedicalitalia.it\/","logo":{"@type":"ImageObject","inLanguage":"es","@id":"https:\/\/www.miamedicalitalia.it\/#\/schema\/logo\/image\/","url":"https:\/\/www.miamedicalitalia.it\/wp-content\/uploads\/2023\/04\/mia-medical-logo-free.png","contentUrl":"https:\/\/www.miamedicalitalia.it\/wp-content\/uploads\/2023\/04\/mia-medical-logo-free.png","width":700,"height":700,"caption":"OLG"},"image":{"@id":"https:\/\/www.miamedicalitalia.it\/#\/schema\/logo\/image\/"},"sameAs":["https:\/\/www.facebook.com\/miamedicalitalia"]},{"@type":"Person","@id":"https:\/\/www.miamedicalitalia.it\/#\/schema\/person\/04a65f5cdcc128d65095be90c183f35a","name":"Anna Norante","image":{"@type":"ImageObject","inLanguage":"es","@id":"https:\/\/secure.gravatar.com\/avatar\/f0be0e99d2a735522752a5fe34e6262c835130f0de176393ad559698341f2d55?s=96&d=mm&r=g","url":"https:\/\/secure.gravatar.com\/avatar\/f0be0e99d2a735522752a5fe34e6262c835130f0de176393ad559698341f2d55?s=96&d=mm&r=g","contentUrl":"https:\/\/secure.gravatar.com\/avatar\/f0be0e99d2a735522752a5fe34e6262c835130f0de176393ad559698341f2d55?s=96&d=mm&r=g","caption":"Anna Norante"}}]}},"_links":{"self":[{"href":"https:\/\/www.miamedicalitalia.it\/es\/wp-json\/wp\/v2\/posts\/14464","targetHints":{"allow":["GET"]}}],"collection":[{"href":"https:\/\/www.miamedicalitalia.it\/es\/wp-json\/wp\/v2\/posts"}],"about":[{"href":"https:\/\/www.miamedicalitalia.it\/es\/wp-json\/wp\/v2\/types\/post"}],"author":[{"embeddable":true,"href":"https:\/\/www.miamedicalitalia.it\/es\/wp-json\/wp\/v2\/users\/809"}],"replies":[{"embeddable":true,"href":"https:\/\/www.miamedicalitalia.it\/es\/wp-json\/wp\/v2\/comments?post=14464"}],"version-history":[{"count":8,"href":"https:\/\/www.miamedicalitalia.it\/es\/wp-json\/wp\/v2\/posts\/14464\/revisions"}],"predecessor-version":[{"id":14474,"href":"https:\/\/www.miamedicalitalia.it\/es\/wp-json\/wp\/v2\/posts\/14464\/revisions\/14474"}],"wp:featuredmedia":[{"embeddable":true,"href":"https:\/\/www.miamedicalitalia.it\/es\/wp-json\/wp\/v2\/media\/14475"}],"wp:attachment":[{"href":"https:\/\/www.miamedicalitalia.it\/es\/wp-json\/wp\/v2\/media?parent=14464"}],"wp:term":[{"taxonomy":"category","embeddable":true,"href":"https:\/\/www.miamedicalitalia.it\/es\/wp-json\/wp\/v2\/categories?post=14464"},{"taxonomy":"post_tag","embeddable":true,"href":"https:\/\/www.miamedicalitalia.it\/es\/wp-json\/wp\/v2\/tags?post=14464"}],"curies":[{"name":"wp","href":"https:\/\/api.w.org\/{rel}","templated":true}]}}