{"id":14338,"date":"2025-09-07T20:44:31","date_gmt":"2025-09-07T18:44:31","guid":{"rendered":"https:\/\/www.miamedicalitalia.it\/?p=14338"},"modified":"2025-09-07T20:44:32","modified_gmt":"2025-09-07T18:44:32","slug":"disability-pride-roma-2025-tutto-quello-che-ce-da-sapere","status":"publish","type":"post","link":"https:\/\/www.miamedicalitalia.it\/es\/disability-pride-roma-2025-tutto-quello-che-ce-da-sapere\/","title":{"rendered":"Orgullo de la Discapacidad Roma 2025: todo lo que necesita saber\u00a0"},"content":{"rendered":"<h4 class=\"wp-block-heading\" id=\"h-il-20-settembre-la-capitale-celebra-inclusione-e-diritti\">El 20 de septiembre, la capital celebra la inclusi\u00f3n y los derechos <\/h4>\n\n\n\n<figure class=\"wp-block-image size-full\"><img loading=\"lazy\" decoding=\"async\" width=\"2344\" height=\"1584\" src=\"https:\/\/www.miamedicalitalia.it\/wp-content\/uploads\/2025\/08\/IMG_4504.jpeg\" alt=\"DISABILITY PRIDE ROMA\" class=\"wp-image-14346\" srcset=\"https:\/\/www.miamedicalitalia.it\/wp-content\/uploads\/2025\/08\/IMG_4504.jpeg 2344w, https:\/\/www.miamedicalitalia.it\/wp-content\/uploads\/2025\/08\/IMG_4504-1536x1038.jpeg 1536w, https:\/\/www.miamedicalitalia.it\/wp-content\/uploads\/2025\/08\/IMG_4504-2048x1384.jpeg 2048w, https:\/\/www.miamedicalitalia.it\/wp-content\/uploads\/2025\/08\/IMG_4504-18x12.jpeg 18w, https:\/\/www.miamedicalitalia.it\/wp-content\/uploads\/2025\/08\/IMG_4504-500x338.jpeg 500w, https:\/\/www.miamedicalitalia.it\/wp-content\/uploads\/2025\/08\/IMG_4504-700x473.jpeg 700w\" sizes=\"auto, (max-width: 2344px) 100vw, 2344px\" \/><figcaption class=\"wp-element-caption\"><a href=\"https:\/\/www.rollingstone.it\/cultura\/ad-essere-disabili-sono-i-luoghi-non-le-persone-torna-il-disability-pride-italia\/671326\/\">De Rolling Stones Italia<\/a>Disability Pride Roma 2022<\/figcaption><\/figure>\n\n\n\n<p>En&nbsp;<strong>20 de septiembre de 2025<\/strong>&nbsp;regresa a Roma el&nbsp;<strong>Orgullo de la discapacidad<\/strong>el evento que promueve los derechos, la educaci\u00f3n en el respeto y la inclusi\u00f3n de las personas con discapacidad. Un evento que no es solo un desfile, sino un verdadero momento de comunidad, intercambio y participaci\u00f3n abierto a todos.<\/p>\n\n\n\n<h3 class=\"wp-block-heading\" id=\"h-che-cos-e-il-disability-pride-e-perche-e-importante-partecipare-come-atto-di-consapevolezza-collettiva-nbsp\"><strong>Qu\u00e9 es el Orgullo de la Discapacidad y por qu\u00e9 es importante: participar como acto de conciencia colectiva&nbsp;<\/strong><\/h3>\n\n\n\n<p>En <strong><a href=\"https:\/\/www.disabilitypridesc.org\/home\">Orgullo de la discapacidad <\/a><\/strong>es un movimiento internacional nacido con el objetivo de:<\/p>\n\n\n\n<ul class=\"wp-block-list\">\n<li>reforzar la identidad y el orgullo de las personas con discapacidad;<\/li>\n\n\n\n<li>sensibilizar sobre los derechos y la inclusi\u00f3n;<\/li>\n\n\n\n<li>romper estereotipos y barreras culturales y sociales;<\/li>\n<\/ul>\n\n\n\n<p>Participar en esta jornada significa&nbsp;<strong>por una sociedad m\u00e1s integradora<\/strong>en la que todas las personas puedan vivir con la misma dignidad y las mismas oportunidades.<\/p>\n\n\n\n<h4 class=\"wp-block-heading\" id=\"h-la-storia-del-disability-pride-e-il-suo-messaggio-universale-diversita-come-risorsa-e-valore-per-l-intera-societa-nbsp\"><strong>La historia del Orgullo de la Discapacidad y su mensaje universal: la diversidad como recurso y valor para toda la sociedad.&nbsp;<\/strong><\/h4>\n\n\n\n<p>En&nbsp;<strong>Orgullo de la discapacidad<\/strong>&nbsp;naci\u00f3 en Estados Unidos a principios de los a\u00f1os 90, siguiendo el ejemplo de los movimientos por los derechos civiles y el Orgullo LGBTQ+. La idea estaba clara:&nbsp;<strong>cambiar el enfoque de la discapacidad vista como una limitaci\u00f3n a la discapacidad como parte de la identidad, que debe vivirse con orgullo y dignidad.<\/strong>.<\/p>\n\n\n\n<p>En Italia, la primera edici\u00f3n se remonta a&nbsp;<strong>2015<\/strong>con un desfile en Roma que inaugur\u00f3 una ruta que ahora cuenta cada vez con m\u00e1s participaci\u00f3n y reconocimiento nacional e internacional. En la actualidad, Disability Pride Italia forma parte de una red mundial que organiza actos en ciudades como Nueva York, Londres, Berl\u00edn y Madrid.<\/p>\n\n\n\n<h3 class=\"wp-block-heading\" id=\"h-disability-pride-roma-2025-come-partecipare\"><strong>Orgullo de la Discapacidad Roma 2025: c\u00f3mo participar<\/strong><\/h3>\n\n\n\n<p><strong>Date:<\/strong>&nbsp;S\u00e1bado 20 de septiembre de 2025<\/p>\n\n\n\n<p><strong>Ubicaci\u00f3n:<\/strong>&nbsp;Roma (el recorrido oficial del desfile se publicar\u00e1 en breve en el sitio web&nbsp;<a href=\"https:\/\/www.disabilityprideitalia.org\/\">Orgullo de la Discapacidad Italia<\/a>&nbsp;y en los canales sociales del evento).<\/p>\n\n\n\n<figure class=\"wp-block-image size-full is-resized\"><img loading=\"lazy\" decoding=\"async\" width=\"674\" height=\"449\" src=\"https:\/\/www.miamedicalitalia.it\/wp-content\/uploads\/2025\/08\/IMG_4505-1.jpeg\" alt=\"\" class=\"wp-image-14354\" style=\"width:840px;height:auto\" srcset=\"https:\/\/www.miamedicalitalia.it\/wp-content\/uploads\/2025\/08\/IMG_4505-1.jpeg 674w, https:\/\/www.miamedicalitalia.it\/wp-content\/uploads\/2025\/08\/IMG_4505-1-18x12.jpeg 18w, https:\/\/www.miamedicalitalia.it\/wp-content\/uploads\/2025\/08\/IMG_4505-1-500x333.jpeg 500w\" sizes=\"auto, (max-width: 674px) 100vw, 674px\" \/><figcaption class=\"wp-element-caption\">ORGULLO DE LA DISCAPACIDAD ROMA<\/figcaption><\/figure>\n\n\n\n<p>El acto incluye la&nbsp;<strong><a href=\"https:\/\/www.superabile.it\/portale\/it\/storie-eventi-e-notizie\/news-disabilita\/dettaglio-notizia.2025.06.disability-pride-2025-roma-settembre.html\">Desfile de la discapacidad<\/a><\/strong>,&nbsp;<strong>procesi\u00f3n colorida y festiva<\/strong>&nbsp;entre las calles de&nbsp;<strong>centro hist\u00f3rico de Roma<\/strong>&nbsp;(desde la Piazza Santi Apostoli hasta la Piazza di Spagna o la Piazza del Popolo), con m\u00fasica, discursos, testimonios y momentos de reflexi\u00f3n. El sitio&nbsp;<strong>Villa de la Discapacidad<\/strong>&nbsp;en una de las plazas hist\u00f3ricas (Piazza di Spagna o Piazza del Popolo), donde tendr\u00e1 la oportunidad de participar en numerosas actividades.<\/p>\n\n\n\n<p><strong>La invitaci\u00f3n est\u00e1 abierta a todos:<\/strong> personas con discapacidad, cuidadores, familias, asociaciones, profesionales y ciudadanos que quieran unirse para apoyar una sociedad m\u00e1s justa e integradora.<\/p>\n\n\n\n<h3 class=\"wp-block-heading\" id=\"h-come-arrivare-con-la-metropolitana-e-mezzi-pubblici-informazioni-utili\"><strong>C\u00f3mo llegar en metro y transporte p\u00fablico: Informaci\u00f3n \u00fatil<\/strong><\/h3>\n\n\n\n<p>Lamentablemente, las estaciones m\u00e1s cercanas al punto de partida (<strong>Espa\u00f1a, Barberini, Rep\u00fablica<\/strong>)&nbsp;<strong>no son accesibles por ascensor o salvaescaleras en funcionamiento<\/strong>.<\/p>\n\n\n\n<p>Para los usuarios de sillas de ruedas, el metro no es una soluci\u00f3n pr\u00e1ctica. <strong>Alternativa recomendada<\/strong>: <strong><a href=\"https:\/\/www.atac.roma.it\/utility\/servizi-accessibili\">utilizar autobuses con estribos manuales o el\u00e9ctricos.<\/a><\/strong><\/p>\n\n\n\n<p>- Las l\u00edneas que se detienen en&nbsp;<strong>Plaza Venecia<\/strong>&nbsp;(a 200 metros de la Piazza Santi Apostoli) son:&nbsp;<strong>40, 60, 64, 70, 80, 83, 85, 87, 118, 170, H<\/strong>todas equipadas con medios accesibles.<\/p>\n\n\n\n<p>En <strong>coches<\/strong> para los que tienen el <strong>tarjeta de aparcamiento y circulaci\u00f3n para personas con discapacidad<\/strong>es posible:<\/p>\n\n\n\n<ul class=\"wp-block-list\">\n<li>Acceso a la <strong>ZTL<\/strong> del centro hist\u00f3rico sin restricciones<\/li>\n\n\n\n<li> Aparque en las plazas de aparcamiento reservadas a lo largo de las calles adyacentes a la Piazza Venezia y la Piazza Santi Apostoli.<\/li>\n<\/ul>\n\n\n\n<p><strong>Consejos pr\u00e1cticos<\/strong>\u00a0: La forma m\u00e1s f\u00e1cil y c\u00f3moda de llegar a la\u00a0<strong>Orgullo de la discapacidad en Roma<\/strong>\u00a0para personas con movilidad reducida es\u00a0<strong>llegar a Piazza Venezia en coche o autob\u00fas accesible<\/strong>y desde all\u00ed avanzar unos metros hacia<a href=\"https:\/\/maps.apple.com\/?address=Piazza%20Santi%20Apostoli,%2000187%20Roma,%20Italia&amp;auid=14749013147826958395&amp;ll=41.897668,12.483063&amp;lsp=9902&amp;q=Piazza%20Santi%20Apostoli&amp;t=r\">\u00a0<strong>Plaza Santi Apostoli<\/strong><\/a>punto de partida de la procesi\u00f3n.<\/p>\n\n\n\n<h3 class=\"wp-block-heading\" id=\"h-il-ruolo-di-mia-medical-italia-al-fianco-delle-persone-con-disabilita-ogni-giorno\"><strong><a href=\"https:\/\/www.miamedicalitalia.it\/es\/chi-siamo\/\">El papel de Mia Medical Italia: al lado de las personas con discapacidad todos los d\u00edas<\/a><\/strong><\/h3>\n\n\n\n<p>Para <strong>Mia Medical Italia <\/strong>el <strong>Orgullo de la discapacidad<\/strong> no es s\u00f3lo una cita anual, sino un recordatorio de nuestro compromiso diario:\u00a0<strong>Proporcionar autonom\u00eda, serenidad y bienestar<\/strong>\u00a0a quienes m\u00e1s lo necesitan. Llevamos a\u00f1os trabajando sobre el terreno para ofrecer soluciones de movilidad que mejoren concretamente la vida de las personas con discapacidad.<\/p>\n\n\n\n<p><a href=\"https:\/\/www.miamedicalitalia.it\/es\/chi-siamo\/\">Descubra qui\u00e9nes somos<\/a><\/p>\n\n\n\n<p>Participar y apoyar actos como el <strong>Orgullo de la discapacidad en Roma<\/strong> significa reafirmar que\u00a0<strong>la inclusi\u00f3n y los derechos son nuestra misi\u00f3n<\/strong>\u00a0tanto como la atenci\u00f3n al detalle en nuestros servicios. <a href=\"https:\/\/www.miamedicalitalia.it\/es\/categoria\/affitto-e-noleggio-ausili\/\">M\u00e1s informaci\u00f3n sobre nuestros servicios de venta y alquiler de ayudas para la movilidad y equipos electrom\u00e9dicos.\u00a0<\/a><\/p>\n\n\n\n<figure class=\"wp-block-gallery has-nested-images columns-default is-cropped wp-block-gallery-1 is-layout-flex wp-block-gallery-is-layout-flex\">\n<figure class=\"wp-block-image size-large\"><img loading=\"lazy\" decoding=\"async\" width=\"691\" height=\"733\" data-id=\"14351\" src=\"https:\/\/www.miamedicalitalia.it\/wp-content\/uploads\/2025\/08\/IMG_4352.jpeg\" alt=\"\" class=\"wp-image-14351\" srcset=\"https:\/\/www.miamedicalitalia.it\/wp-content\/uploads\/2025\/08\/IMG_4352.jpeg 691w, https:\/\/www.miamedicalitalia.it\/wp-content\/uploads\/2025\/08\/IMG_4352-11x12.jpeg 11w, https:\/\/www.miamedicalitalia.it\/wp-content\/uploads\/2025\/08\/IMG_4352-500x530.jpeg 500w\" sizes=\"auto, (max-width: 691px) 100vw, 691px\" \/><figcaption class=\"wp-element-caption\">I <a href=\"https:\/\/www.miamedicalitalia.it\/es\/categoria\/affitto-e-noleggio-ausili\/noleggio-e-affitto-carrozzina-elettrica-e-scooter\/\">nuestros scooters el\u00e9ctricos <\/a><\/figcaption><\/figure>\n\n\n\n<figure class=\"wp-block-image size-large\"><img loading=\"lazy\" decoding=\"async\" width=\"1080\" height=\"1080\" data-id=\"14352\" src=\"https:\/\/www.miamedicalitalia.it\/wp-content\/uploads\/2025\/08\/IMG_4355.jpeg\" alt=\"\" class=\"wp-image-14352\" srcset=\"https:\/\/www.miamedicalitalia.it\/wp-content\/uploads\/2025\/08\/IMG_4355.jpeg 1080w, https:\/\/www.miamedicalitalia.it\/wp-content\/uploads\/2025\/08\/IMG_4355-150x150.jpeg 150w, https:\/\/www.miamedicalitalia.it\/wp-content\/uploads\/2025\/08\/IMG_4355-12x12.jpeg 12w, https:\/\/www.miamedicalitalia.it\/wp-content\/uploads\/2025\/08\/IMG_4355-500x500.jpeg 500w, https:\/\/www.miamedicalitalia.it\/wp-content\/uploads\/2025\/08\/IMG_4355-700x700.jpeg 700w, https:\/\/www.miamedicalitalia.it\/wp-content\/uploads\/2025\/08\/IMG_4355-100x100.jpeg 100w\" sizes=\"auto, (max-width: 1080px) 100vw, 1080px\" \/><figcaption class=\"wp-element-caption\">Le <a href=\"https:\/\/www.miamedicalitalia.it\/es\/categoria\/affitto-e-noleggio-ausili\/noleggio-e-affitto-carrozzina-elettrica-e-scooter\/\">nuestras sillas de ruedas el\u00e9ctricas plegables ultraligeras<\/a><\/figcaption><\/figure>\n\n\n\n<figure class=\"wp-block-image size-large\"><img loading=\"lazy\" decoding=\"async\" width=\"1000\" height=\"1000\" data-id=\"14350\" src=\"https:\/\/www.miamedicalitalia.it\/wp-content\/uploads\/2025\/08\/IMG_2158.jpeg\" alt=\"\" class=\"wp-image-14350\" srcset=\"https:\/\/www.miamedicalitalia.it\/wp-content\/uploads\/2025\/08\/IMG_2158.jpeg 1000w, https:\/\/www.miamedicalitalia.it\/wp-content\/uploads\/2025\/08\/IMG_2158-150x150.jpeg 150w, https:\/\/www.miamedicalitalia.it\/wp-content\/uploads\/2025\/08\/IMG_2158-12x12.jpeg 12w, https:\/\/www.miamedicalitalia.it\/wp-content\/uploads\/2025\/08\/IMG_2158-500x500.jpeg 500w, https:\/\/www.miamedicalitalia.it\/wp-content\/uploads\/2025\/08\/IMG_2158-700x700.jpeg 700w, https:\/\/www.miamedicalitalia.it\/wp-content\/uploads\/2025\/08\/IMG_2158-100x100.jpeg 100w\" sizes=\"auto, (max-width: 1000px) 100vw, 1000px\" \/><figcaption class=\"wp-element-caption\"><a href=\"https:\/\/www.miamedicalitalia.it\/es\/categoria\/affitto-e-noleggio-ausili\/affitto-e-noleggio-carrozzina\/\">Todos nuestros modelos de sillas de ruedas <\/a><\/figcaption><\/figure>\n<\/figure>\n\n\n\n<p><strong>\u00danete a Disability Pride Roma 2025<\/strong>Participe, comparta, haga o\u00edr su voz. <strong><a href=\"https:\/\/wa.me\/393926509237\">P\u00f3ngase en contacto con nosotros<\/a><\/strong> ahora para alquilar un scooter el\u00e9ctrico de movilidad, una silla de ruedas y mucho m\u00e1s para participar en esta cita ineludible. <strong>Llame al +39 392 65 09 237<\/strong>.<\/p>\n\n\n\n<h3 class=\"wp-block-heading\" id=\"h-prossimo-appuntamento-disability-pride-firenze-2025\"><strong><a href=\"https:\/\/www.dptoscana.it\/\">Pr\u00f3ximo evento: Disability Pride Florence 2025<\/a><\/strong><\/h3>\n\n\n\n<p>Despu\u00e9s de Roma, el 27 de septiembre ser\u00e1 el turno de Florencia, que acoger\u00e1 su&nbsp;<strong>primera edici\u00f3n de Disability Pride<\/strong>.<\/p>\n\n\n\n<p>Es una noticia que nos enorgullece conocer, y de la que nos haremos eco en breve en nuestro blog, tambi\u00e9n porque Mia Medical tiene su sede en Florencia \u00a1y no se perder\u00e1 esta nueva etapa!&nbsp;<\/p>\n\n\n\n<p>Suscr\u00edbase a nuestro <strong><a href=\"https:\/\/www.miamedicalitalia.it\/es\/contatti\/\">Bolet\u00edn<\/a><\/strong> para no perderse ninguna noticia sobre el <strong>Turismo accesible en Roma y Florencia, ofertas imperdibles en ayudas a la movilidad y equipos electrom\u00e9dicos, consejos y mucho m\u00e1s.\u00a0<\/strong><\/p>","protected":false},"excerpt":{"rendered":"<p>Il 20 Settembre la Capitale celebra inclusione e diritti Il&nbsp;20 settembre 2025&nbsp;torna [&hellip;]<\/p>\n","protected":false},"author":809,"featured_media":14356,"comment_status":"open","ping_status":"open","sticky":false,"template":"","format":"standard","meta":{"_acf_changed":false,"footnotes":""},"categories":[183,186,176],"tags":[318,437,188,190,308,432,434,433,435,439,436,193,184],"class_list":["post-14338","post","type-post","status-publish","format-standard","has-post-thumbnail","hentry","category-articoli-anziani","category-articoli-disabili","category-news","tag-318","tag-accessibilita-mezzi-roma","tag-ausili-medicali","tag-benefici","tag-disabilita","tag-disability-pride","tag-disability-pride-parade-roma","tag-disability-pride-roma","tag-disability-village-roma","tag-inclusivita","tag-manifestazione-disabilita-roma","tag-noleggio","tag-turismo"],"acf":[],"yoast_head":"<!-- This site is optimized with the Yoast SEO Premium plugin v27.5 (Yoast SEO v27.5) - https:\/\/yoast.com\/product\/yoast-seo-premium-wordpress\/ -->\n<title>Disability Pride Roma 2025: tutto quello che c\u2019\u00e8 da sapere\u00a0 - Mia Medical<\/title>\n<meta name=\"description\" content=\"Il 20 settembre 2025 Roma torna ad ospitare il Disability Pride. Scopri tutto quello che c\u2019\u00e8 da sapere per partecipare alla manifestazione!\" \/>\n<meta name=\"robots\" content=\"index, follow, max-snippet:-1, max-image-preview:large, max-video-preview:-1\" \/>\n<link rel=\"canonical\" href=\"https:\/\/www.miamedicalitalia.it\/es\/disability-pride-roma-2025-tutto-quello-che-ce-da-sapere\/\" \/>\n<meta property=\"og:locale\" content=\"es_ES\" \/>\n<meta property=\"og:type\" content=\"article\" \/>\n<meta property=\"og:title\" content=\"Disability Pride Roma 2025: tutto quello che c\u2019\u00e8 da sapere\u00a0 - Mia Medical\" \/>\n<meta property=\"og:description\" content=\"Il 20 settembre 2025 Roma torna ad ospitare il Disability Pride. Scopri tutto quello che c\u2019\u00e8 da sapere per partecipare alla manifestazione!\" \/>\n<meta property=\"og:url\" content=\"https:\/\/www.miamedicalitalia.it\/es\/disability-pride-roma-2025-tutto-quello-che-ce-da-sapere\/\" \/>\n<meta property=\"og:site_name\" content=\"Mia Medical\" \/>\n<meta property=\"article:publisher\" content=\"https:\/\/www.facebook.com\/miamedicalitalia\" \/>\n<meta property=\"article:published_time\" content=\"2025-09-07T18:44:31+00:00\" \/>\n<meta property=\"article:modified_time\" content=\"2025-09-07T18:44:32+00:00\" \/>\n<meta property=\"og:image\" content=\"https:\/\/www.miamedicalitalia.it\/wp-content\/uploads\/2025\/08\/D3Rk4hVXHS7SAAAAAElFTkSuQmCC.png\" \/>\n\t<meta property=\"og:image:width\" content=\"1024\" \/>\n\t<meta property=\"og:image:height\" content=\"1024\" \/>\n\t<meta property=\"og:image:type\" content=\"image\/png\" \/>\n<meta name=\"author\" content=\"Anna Norante\" \/>\n<meta name=\"twitter:card\" content=\"summary_large_image\" \/>\n<meta name=\"twitter:label1\" content=\"Escrito por\" \/>\n\t<meta name=\"twitter:data1\" content=\"Anna Norante\" \/>\n\t<meta name=\"twitter:label2\" content=\"Tiempo de lectura\" \/>\n\t<meta name=\"twitter:data2\" content=\"4 minutos\" \/>\n<script type=\"application\/ld+json\" class=\"yoast-schema-graph\">{\"@context\":\"https:\\\/\\\/schema.org\",\"@graph\":[{\"@type\":\"Article\",\"@id\":\"https:\\\/\\\/www.miamedicalitalia.it\\\/disability-pride-roma-2025-tutto-quello-che-ce-da-sapere\\\/#article\",\"isPartOf\":{\"@id\":\"https:\\\/\\\/www.miamedicalitalia.it\\\/disability-pride-roma-2025-tutto-quello-che-ce-da-sapere\\\/\"},\"author\":{\"name\":\"Anna Norante\",\"@id\":\"https:\\\/\\\/www.miamedicalitalia.it\\\/#\\\/schema\\\/person\\\/04a65f5cdcc128d65095be90c183f35a\"},\"headline\":\"Disability Pride Roma 2025: tutto quello che c\u2019\u00e8 da sapere\u00a0\",\"datePublished\":\"2025-09-07T18:44:31+00:00\",\"dateModified\":\"2025-09-07T18:44:32+00:00\",\"mainEntityOfPage\":{\"@id\":\"https:\\\/\\\/www.miamedicalitalia.it\\\/disability-pride-roma-2025-tutto-quello-che-ce-da-sapere\\\/\"},\"wordCount\":822,\"commentCount\":0,\"publisher\":{\"@id\":\"https:\\\/\\\/www.miamedicalitalia.it\\\/#organization\"},\"image\":{\"@id\":\"https:\\\/\\\/www.miamedicalitalia.it\\\/disability-pride-roma-2025-tutto-quello-che-ce-da-sapere\\\/#primaryimage\"},\"thumbnailUrl\":\"https:\\\/\\\/www.miamedicalitalia.it\\\/wp-content\\\/uploads\\\/2025\\\/08\\\/D3Rk4hVXHS7SAAAAAElFTkSuQmCC.png\",\"keywords\":[\"2025\",\"accessibilit\u00e0 mezzi Roma\",\"ausili medicali\",\"benefici\",\"disabilit\u00e0\",\"Disability Pride\",\"Disability Pride Parade Roma\",\"Disability Pride Roma\",\"Disability Village Roma\",\"inclusivit\u00e0\",\"manifestazione disabilit\u00e0 Roma\",\"noleggio\",\"turismo\"],\"articleSection\":[\"Anziani\",\"Disabili\",\"News\"],\"inLanguage\":\"es\",\"potentialAction\":[{\"@type\":\"CommentAction\",\"name\":\"Comment\",\"target\":[\"https:\\\/\\\/www.miamedicalitalia.it\\\/disability-pride-roma-2025-tutto-quello-che-ce-da-sapere\\\/#respond\"]}]},{\"@type\":\"WebPage\",\"@id\":\"https:\\\/\\\/www.miamedicalitalia.it\\\/disability-pride-roma-2025-tutto-quello-che-ce-da-sapere\\\/\",\"url\":\"https:\\\/\\\/www.miamedicalitalia.it\\\/disability-pride-roma-2025-tutto-quello-che-ce-da-sapere\\\/\",\"name\":\"Disability Pride Roma 2025: tutto quello che c\u2019\u00e8 da sapere\u00a0 - Mia Medical\",\"isPartOf\":{\"@id\":\"https:\\\/\\\/www.miamedicalitalia.it\\\/#website\"},\"primaryImageOfPage\":{\"@id\":\"https:\\\/\\\/www.miamedicalitalia.it\\\/disability-pride-roma-2025-tutto-quello-che-ce-da-sapere\\\/#primaryimage\"},\"image\":{\"@id\":\"https:\\\/\\\/www.miamedicalitalia.it\\\/disability-pride-roma-2025-tutto-quello-che-ce-da-sapere\\\/#primaryimage\"},\"thumbnailUrl\":\"https:\\\/\\\/www.miamedicalitalia.it\\\/wp-content\\\/uploads\\\/2025\\\/08\\\/D3Rk4hVXHS7SAAAAAElFTkSuQmCC.png\",\"datePublished\":\"2025-09-07T18:44:31+00:00\",\"dateModified\":\"2025-09-07T18:44:32+00:00\",\"description\":\"Il 20 settembre 2025 Roma torna ad ospitare il Disability Pride. Scopri tutto quello che c\u2019\u00e8 da sapere per partecipare alla manifestazione!\",\"breadcrumb\":{\"@id\":\"https:\\\/\\\/www.miamedicalitalia.it\\\/disability-pride-roma-2025-tutto-quello-che-ce-da-sapere\\\/#breadcrumb\"},\"inLanguage\":\"es\",\"potentialAction\":[{\"@type\":\"ReadAction\",\"target\":[\"https:\\\/\\\/www.miamedicalitalia.it\\\/disability-pride-roma-2025-tutto-quello-che-ce-da-sapere\\\/\"]}]},{\"@type\":\"ImageObject\",\"inLanguage\":\"es\",\"@id\":\"https:\\\/\\\/www.miamedicalitalia.it\\\/disability-pride-roma-2025-tutto-quello-che-ce-da-sapere\\\/#primaryimage\",\"url\":\"https:\\\/\\\/www.miamedicalitalia.it\\\/wp-content\\\/uploads\\\/2025\\\/08\\\/D3Rk4hVXHS7SAAAAAElFTkSuQmCC.png\",\"contentUrl\":\"https:\\\/\\\/www.miamedicalitalia.it\\\/wp-content\\\/uploads\\\/2025\\\/08\\\/D3Rk4hVXHS7SAAAAAElFTkSuQmCC.png\",\"width\":1024,\"height\":1024,\"caption\":\"DISABILITY PRIDE ROMA\"},{\"@type\":\"BreadcrumbList\",\"@id\":\"https:\\\/\\\/www.miamedicalitalia.it\\\/disability-pride-roma-2025-tutto-quello-che-ce-da-sapere\\\/#breadcrumb\",\"itemListElement\":[{\"@type\":\"ListItem\",\"position\":1,\"name\":\"Home\",\"item\":\"https:\\\/\\\/www.miamedicalitalia.it\\\/\"},{\"@type\":\"ListItem\",\"position\":2,\"name\":\"Disability Pride Roma 2025: tutto quello che c\u2019\u00e8 da sapere\u00a0\"}]},{\"@type\":\"WebSite\",\"@id\":\"https:\\\/\\\/www.miamedicalitalia.it\\\/#website\",\"url\":\"https:\\\/\\\/www.miamedicalitalia.it\\\/\",\"name\":\"www.miamedicalitalia.it\",\"description\":\"Noleggio e Vendita Attrezzatura Sanitarie\",\"publisher\":{\"@id\":\"https:\\\/\\\/www.miamedicalitalia.it\\\/#organization\"},\"potentialAction\":[{\"@type\":\"SearchAction\",\"target\":{\"@type\":\"EntryPoint\",\"urlTemplate\":\"https:\\\/\\\/www.miamedicalitalia.it\\\/?s={search_term_string}\"},\"query-input\":{\"@type\":\"PropertyValueSpecification\",\"valueRequired\":true,\"valueName\":\"search_term_string\"}}],\"inLanguage\":\"es\"},{\"@type\":\"Organization\",\"@id\":\"https:\\\/\\\/www.miamedicalitalia.it\\\/#organization\",\"name\":\"OLG\",\"url\":\"https:\\\/\\\/www.miamedicalitalia.it\\\/\",\"logo\":{\"@type\":\"ImageObject\",\"inLanguage\":\"es\",\"@id\":\"https:\\\/\\\/www.miamedicalitalia.it\\\/#\\\/schema\\\/logo\\\/image\\\/\",\"url\":\"https:\\\/\\\/www.miamedicalitalia.it\\\/wp-content\\\/uploads\\\/2023\\\/04\\\/mia-medical-logo-free.png\",\"contentUrl\":\"https:\\\/\\\/www.miamedicalitalia.it\\\/wp-content\\\/uploads\\\/2023\\\/04\\\/mia-medical-logo-free.png\",\"width\":700,\"height\":700,\"caption\":\"OLG\"},\"image\":{\"@id\":\"https:\\\/\\\/www.miamedicalitalia.it\\\/#\\\/schema\\\/logo\\\/image\\\/\"},\"sameAs\":[\"https:\\\/\\\/www.facebook.com\\\/miamedicalitalia\"]},{\"@type\":\"Person\",\"@id\":\"https:\\\/\\\/www.miamedicalitalia.it\\\/#\\\/schema\\\/person\\\/04a65f5cdcc128d65095be90c183f35a\",\"name\":\"Anna Norante\",\"image\":{\"@type\":\"ImageObject\",\"inLanguage\":\"es\",\"@id\":\"https:\\\/\\\/secure.gravatar.com\\\/avatar\\\/f0be0e99d2a735522752a5fe34e6262c835130f0de176393ad559698341f2d55?s=96&d=mm&r=g\",\"url\":\"https:\\\/\\\/secure.gravatar.com\\\/avatar\\\/f0be0e99d2a735522752a5fe34e6262c835130f0de176393ad559698341f2d55?s=96&d=mm&r=g\",\"contentUrl\":\"https:\\\/\\\/secure.gravatar.com\\\/avatar\\\/f0be0e99d2a735522752a5fe34e6262c835130f0de176393ad559698341f2d55?s=96&d=mm&r=g\",\"caption\":\"Anna Norante\"}}]}<\/script>\n<!-- \/ Yoast SEO Premium plugin. -->","yoast_head_json":{"title":"Orgullo de la discapacidad Roma 2025: todo lo que hay que saber  - Mia Medical","description":"El 20 de septiembre de 2025, Roma volver\u00e1 a acoger el Disability Pride. \u00a1Descubre todo lo que necesitas saber para participar en el evento!","robots":{"index":"index","follow":"follow","max-snippet":"max-snippet:-1","max-image-preview":"max-image-preview:large","max-video-preview":"max-video-preview:-1"},"canonical":"https:\/\/www.miamedicalitalia.it\/es\/disability-pride-roma-2025-tutto-quello-che-ce-da-sapere\/","og_locale":"es_ES","og_type":"article","og_title":"Disability Pride Roma 2025: tutto quello che c\u2019\u00e8 da sapere\u00a0 - Mia Medical","og_description":"Il 20 settembre 2025 Roma torna ad ospitare il Disability Pride. Scopri tutto quello che c\u2019\u00e8 da sapere per partecipare alla manifestazione!","og_url":"https:\/\/www.miamedicalitalia.it\/es\/disability-pride-roma-2025-tutto-quello-che-ce-da-sapere\/","og_site_name":"Mia Medical","article_publisher":"https:\/\/www.facebook.com\/miamedicalitalia","article_published_time":"2025-09-07T18:44:31+00:00","article_modified_time":"2025-09-07T18:44:32+00:00","og_image":[{"url":"https:\/\/www.miamedicalitalia.it\/wp-content\/uploads\/2025\/08\/D3Rk4hVXHS7SAAAAAElFTkSuQmCC.png","width":1024,"height":1024,"type":"image\/png"}],"author":"Anna Norante","twitter_card":"summary_large_image","twitter_misc":{"Escrito por":"Anna Norante","Tiempo de lectura":"4 minutos"},"schema":{"@context":"https:\/\/schema.org","@graph":[{"@type":"Article","@id":"https:\/\/www.miamedicalitalia.it\/disability-pride-roma-2025-tutto-quello-che-ce-da-sapere\/#article","isPartOf":{"@id":"https:\/\/www.miamedicalitalia.it\/disability-pride-roma-2025-tutto-quello-che-ce-da-sapere\/"},"author":{"name":"Anna Norante","@id":"https:\/\/www.miamedicalitalia.it\/#\/schema\/person\/04a65f5cdcc128d65095be90c183f35a"},"headline":"Disability Pride Roma 2025: tutto quello che c\u2019\u00e8 da sapere\u00a0","datePublished":"2025-09-07T18:44:31+00:00","dateModified":"2025-09-07T18:44:32+00:00","mainEntityOfPage":{"@id":"https:\/\/www.miamedicalitalia.it\/disability-pride-roma-2025-tutto-quello-che-ce-da-sapere\/"},"wordCount":822,"commentCount":0,"publisher":{"@id":"https:\/\/www.miamedicalitalia.it\/#organization"},"image":{"@id":"https:\/\/www.miamedicalitalia.it\/disability-pride-roma-2025-tutto-quello-che-ce-da-sapere\/#primaryimage"},"thumbnailUrl":"https:\/\/www.miamedicalitalia.it\/wp-content\/uploads\/2025\/08\/D3Rk4hVXHS7SAAAAAElFTkSuQmCC.png","keywords":["2025","accessibilit\u00e0 mezzi Roma","ausili medicali","benefici","disabilit\u00e0","Disability Pride","Disability Pride Parade Roma","Disability Pride Roma","Disability Village Roma","inclusivit\u00e0","manifestazione disabilit\u00e0 Roma","noleggio","turismo"],"articleSection":["Anziani","Disabili","News"],"inLanguage":"es","potentialAction":[{"@type":"CommentAction","name":"Comment","target":["https:\/\/www.miamedicalitalia.it\/disability-pride-roma-2025-tutto-quello-che-ce-da-sapere\/#respond"]}]},{"@type":"WebPage","@id":"https:\/\/www.miamedicalitalia.it\/disability-pride-roma-2025-tutto-quello-che-ce-da-sapere\/","url":"https:\/\/www.miamedicalitalia.it\/disability-pride-roma-2025-tutto-quello-che-ce-da-sapere\/","name":"Orgullo de la discapacidad Roma 2025: todo lo que hay que saber  - Mia Medical","isPartOf":{"@id":"https:\/\/www.miamedicalitalia.it\/#website"},"primaryImageOfPage":{"@id":"https:\/\/www.miamedicalitalia.it\/disability-pride-roma-2025-tutto-quello-che-ce-da-sapere\/#primaryimage"},"image":{"@id":"https:\/\/www.miamedicalitalia.it\/disability-pride-roma-2025-tutto-quello-che-ce-da-sapere\/#primaryimage"},"thumbnailUrl":"https:\/\/www.miamedicalitalia.it\/wp-content\/uploads\/2025\/08\/D3Rk4hVXHS7SAAAAAElFTkSuQmCC.png","datePublished":"2025-09-07T18:44:31+00:00","dateModified":"2025-09-07T18:44:32+00:00","description":"El 20 de septiembre de 2025, Roma volver\u00e1 a acoger el Disability Pride. \u00a1Descubre todo lo que necesitas saber para participar en el evento!","breadcrumb":{"@id":"https:\/\/www.miamedicalitalia.it\/disability-pride-roma-2025-tutto-quello-che-ce-da-sapere\/#breadcrumb"},"inLanguage":"es","potentialAction":[{"@type":"ReadAction","target":["https:\/\/www.miamedicalitalia.it\/disability-pride-roma-2025-tutto-quello-che-ce-da-sapere\/"]}]},{"@type":"ImageObject","inLanguage":"es","@id":"https:\/\/www.miamedicalitalia.it\/disability-pride-roma-2025-tutto-quello-che-ce-da-sapere\/#primaryimage","url":"https:\/\/www.miamedicalitalia.it\/wp-content\/uploads\/2025\/08\/D3Rk4hVXHS7SAAAAAElFTkSuQmCC.png","contentUrl":"https:\/\/www.miamedicalitalia.it\/wp-content\/uploads\/2025\/08\/D3Rk4hVXHS7SAAAAAElFTkSuQmCC.png","width":1024,"height":1024,"caption":"DISABILITY PRIDE ROMA"},{"@type":"BreadcrumbList","@id":"https:\/\/www.miamedicalitalia.it\/disability-pride-roma-2025-tutto-quello-che-ce-da-sapere\/#breadcrumb","itemListElement":[{"@type":"ListItem","position":1,"name":"Home","item":"https:\/\/www.miamedicalitalia.it\/"},{"@type":"ListItem","position":2,"name":"Disability Pride Roma 2025: tutto quello che c\u2019\u00e8 da sapere\u00a0"}]},{"@type":"WebSite","@id":"https:\/\/www.miamedicalitalia.it\/#website","url":"https:\/\/www.miamedicalitalia.it\/","name":"www.miamedicalitalia.it","description":"Alquiler y venta de material sanitario","publisher":{"@id":"https:\/\/www.miamedicalitalia.it\/#organization"},"potentialAction":[{"@type":"SearchAction","target":{"@type":"EntryPoint","urlTemplate":"https:\/\/www.miamedicalitalia.it\/?s={search_term_string}"},"query-input":{"@type":"PropertyValueSpecification","valueRequired":true,"valueName":"search_term_string"}}],"inLanguage":"es"},{"@type":"Organization","@id":"https:\/\/www.miamedicalitalia.it\/#organization","name":"OLG","url":"https:\/\/www.miamedicalitalia.it\/","logo":{"@type":"ImageObject","inLanguage":"es","@id":"https:\/\/www.miamedicalitalia.it\/#\/schema\/logo\/image\/","url":"https:\/\/www.miamedicalitalia.it\/wp-content\/uploads\/2023\/04\/mia-medical-logo-free.png","contentUrl":"https:\/\/www.miamedicalitalia.it\/wp-content\/uploads\/2023\/04\/mia-medical-logo-free.png","width":700,"height":700,"caption":"OLG"},"image":{"@id":"https:\/\/www.miamedicalitalia.it\/#\/schema\/logo\/image\/"},"sameAs":["https:\/\/www.facebook.com\/miamedicalitalia"]},{"@type":"Person","@id":"https:\/\/www.miamedicalitalia.it\/#\/schema\/person\/04a65f5cdcc128d65095be90c183f35a","name":"Anna Norante","image":{"@type":"ImageObject","inLanguage":"es","@id":"https:\/\/secure.gravatar.com\/avatar\/f0be0e99d2a735522752a5fe34e6262c835130f0de176393ad559698341f2d55?s=96&d=mm&r=g","url":"https:\/\/secure.gravatar.com\/avatar\/f0be0e99d2a735522752a5fe34e6262c835130f0de176393ad559698341f2d55?s=96&d=mm&r=g","contentUrl":"https:\/\/secure.gravatar.com\/avatar\/f0be0e99d2a735522752a5fe34e6262c835130f0de176393ad559698341f2d55?s=96&d=mm&r=g","caption":"Anna Norante"}}]}},"_links":{"self":[{"href":"https:\/\/www.miamedicalitalia.it\/es\/wp-json\/wp\/v2\/posts\/14338","targetHints":{"allow":["GET"]}}],"collection":[{"href":"https:\/\/www.miamedicalitalia.it\/es\/wp-json\/wp\/v2\/posts"}],"about":[{"href":"https:\/\/www.miamedicalitalia.it\/es\/wp-json\/wp\/v2\/types\/post"}],"author":[{"embeddable":true,"href":"https:\/\/www.miamedicalitalia.it\/es\/wp-json\/wp\/v2\/users\/809"}],"replies":[{"embeddable":true,"href":"https:\/\/www.miamedicalitalia.it\/es\/wp-json\/wp\/v2\/comments?post=14338"}],"version-history":[{"count":11,"href":"https:\/\/www.miamedicalitalia.it\/es\/wp-json\/wp\/v2\/posts\/14338\/revisions"}],"predecessor-version":[{"id":14355,"href":"https:\/\/www.miamedicalitalia.it\/es\/wp-json\/wp\/v2\/posts\/14338\/revisions\/14355"}],"wp:featuredmedia":[{"embeddable":true,"href":"https:\/\/www.miamedicalitalia.it\/es\/wp-json\/wp\/v2\/media\/14356"}],"wp:attachment":[{"href":"https:\/\/www.miamedicalitalia.it\/es\/wp-json\/wp\/v2\/media?parent=14338"}],"wp:term":[{"taxonomy":"category","embeddable":true,"href":"https:\/\/www.miamedicalitalia.it\/es\/wp-json\/wp\/v2\/categories?post=14338"},{"taxonomy":"post_tag","embeddable":true,"href":"https:\/\/www.miamedicalitalia.it\/es\/wp-json\/wp\/v2\/tags?post=14338"}],"curies":[{"name":"wp","href":"https:\/\/api.w.org\/{rel}","templated":true}]}}