{"id":13886,"date":"2025-05-09T16:18:51","date_gmt":"2025-05-09T14:18:51","guid":{"rendered":"https:\/\/www.miamedicalitalia.it\/?p=13886"},"modified":"2025-05-09T16:18:52","modified_gmt":"2025-05-09T14:18:52","slug":"camminare-insieme-partecipa-alla-piu-passeggiata-inclusiva-universale","status":"publish","type":"post","link":"https:\/\/www.miamedicalitalia.it\/es\/camminare-insieme-partecipa-alla-piu-passeggiata-inclusiva-universale\/","title":{"rendered":"La Marcha por la Inclusi\u00f3n Universal llega a EUR: \u00a1\u00fanete a nosotros!"},"content":{"rendered":"<h4 class=\"wp-block-heading\" id=\"h-p-i-u-la-camminata-dell-inclusione-un-evento-per-abbattere-le-barriere-visibili-e-invisibili\">P.I.U. la marcha de la inclusi\u00f3n: un acto para derribar barreras, visibles e invisibles<\/h4>\n\n\n\n<p>Siguiente&nbsp;<strong>9 de mayo a las 17:00<\/strong>El distrito EUR de Roma acoger\u00e1 el&nbsp;<strong>Paseo Universal Inclusivo (PIU)<\/strong>promovido por&nbsp;<strong><a href=\"https:\/\/www.disabilitypridenetwork.org\/2025\/05\/02\/eur-eka-piu-passeggiata-inclusiva-universale-alleur\/\">Orgullo de la Discapacidad Italia<\/a><\/strong>&nbsp;en colaboraci\u00f3n con la&nbsp;<strong>IX Municipio<\/strong>. Un acto valioso y participativo para reafirmar que&nbsp;<strong>la accesibilidad es un derecho universal<\/strong>no un privilegio para unos pocos.<\/p>\n\n\n\n<p><strong>Caminaremos juntos<\/strong>de forma simb\u00f3lica, pero tambi\u00e9n muy concreta, para hacer visible lo que con demasiada frecuencia permanece invisible: las dificultades cotidianas de quienes viven, se mueven y exploran el mundo con una discapacidad.<\/p>\n\n\n\n<h4 class=\"wp-block-heading\" id=\"h-il-percorso-della-piu-da-eur-palasport-a-piazza-marconi\">La ruta PIU: del EUR Palasport a la Piazza Marconi<\/h4>\n\n\n\n<p>La salida est\u00e1 fijada&nbsp;<strong>a las 17:00<\/strong>en la parada de metro&nbsp;<strong>EUR Palasport<\/strong>junto al bar&nbsp;<em>Belvedere<\/em>. A partir de ah\u00ed, caminaremos juntos&nbsp;<strong>Avenida Am\u00e9rica<\/strong>,&nbsp;<strong>Calle Beethoven<\/strong>&nbsp;e&nbsp;<strong>Calle Liszt<\/strong>hasta&nbsp;<strong>Plaza Guglielmo Marconi<\/strong>frente al majestuoso Obelisco.<\/p>\n\n\n\n<p>Un camino sencillo que, para algunos, puede convertirse en una carrera de obst\u00e1culos. <a href=\"https:\/\/www.comune.roma.it\/web\/it\/notizia\/mun09-eur-passeggiata-inclusiva-universale.page\">Y es precisamente esto lo que PIU nos invita a descubrir.<\/a><\/p>\n\n\n\n<h4 class=\"wp-block-heading\" id=\"h-un-esperienza-trasformativa-mettersi-nei-panni-degli-altri\">Una experiencia transformadora: ponerse en el lugar de los dem\u00e1s <\/h4>\n\n\n\n<p>Durante el PIU, quienes lo deseen podr\u00e1n probar suerte en&nbsp;<strong>simulaciones sensoriales y motoras<\/strong>Sillas de ruedas, vendas en los ojos, bastones blancos, tapones para los o\u00eddos. Peque\u00f1os gestos para experimentar, al menos por un momento, lo que significa enfrentarse a barreras arquitect\u00f3nicas, falta de atenci\u00f3n, dificultades de comunicaci\u00f3n. Porque la empat\u00eda nace del gesto m\u00e1s sencillo: escuchar, mirar, caminar junto a quienes se enfrentan cada d\u00eda a retos invisibles.  <br><\/p>\n\n\n\n<h4 class=\"wp-block-heading\" id=\"h-risvegliare-la-consapevolezza-collettiva-con-la-passeggiata-inclusiva-universale\">Despertar la conciencia colectiva con la Marcha Universal Inclusiva <\/h4>\n\n\n\n<p>En un mundo tan acelerado, quienes no viven a diario con una discapacidad pueden olvidar f\u00e1cilmente lo dif\u00edcil que es incluso pisar una acera, cruzar una calle, visitar un museo o acceder a un aseo p\u00fablico.&nbsp;<strong>Por eso son esenciales actos como el PIU<\/strong>porque nos ayudan a abrir los ojos, el coraz\u00f3n y, sobre todo, la mente.<\/p>\n\n\n\n<p>No basta con construir rampas o salvaescaleras:&nbsp;<strong>es necesario un cambio cultural<\/strong>educaci\u00f3n en el respeto, la diversidad, la convivencia. Porque una ciudad verdaderamente integradora es aquella en la que cada cual puede elegir c\u00f3mo y por d\u00f3nde moverse, con plena autonom\u00eda y dignidad.<\/p>\n\n\n\n<h4 class=\"wp-block-heading\" id=\"h-passeggiata-inclusiva-universale-mia-medical-italia-c-e\">Marcha Universal Inclusiva: \u00a1Mia Medical Italia est\u00e1 all\u00ed!<\/h4>\n\n\n\n<p><strong>Mia Medical Italia<\/strong>a su peque\u00f1a manera, quiere contribuir a este largo viaje -&nbsp;<strong>metaf\u00f3ricas y no metaf\u00f3ricas<\/strong>&nbsp;- con herramientas concretas y un compromiso permanente con la difusi\u00f3n de una cultura de la accesibilidad.<\/p>\n\n\n\n<p>Con nuestro&nbsp;<strong><a href=\"https:\/\/www.miamedicalitalia.it\/es\/blog\/?_gl=1*1vec15u*_up*MQ..*_ga*NDYxNzU5ODk1LjE3NDY2OTY3MTA.*_ga_D9FZ9V3LL7*czE3NDY2OTY3MDkkbzEkZzAkdDE3NDY2OTY3MDkkajAkbDAkaDA.\">blog<\/a><\/strong>cada semana, intentamos ofrecer&nbsp;<strong>pistas, gu\u00edas, reflexiones y consejos \u00fatiles<\/strong>: de&nbsp;<strong>turismo accesible<\/strong>&nbsp;al uso correcto de las ayudas, de&nbsp;<strong>legislaci\u00f3n vigente<\/strong>&nbsp;a las historias de quienes lo han conseguido. Porque las palabras, la informaci\u00f3n y el conocimiento tambi\u00e9n son poderosas herramientas para derribar barreras.<\/p>\n\n\n\n<h4 class=\"wp-block-heading\" id=\"h-unisciti-a-noi-partecipa-alla-piu\">\u00danase a nosotros: participe en PIU<\/h4>\n\n\n\n<p><strong>El PIU est\u00e1 abierto a todos.<\/strong>&nbsp;Es gratuito, atractivo, emocionante. Participar significa elegir no mirar hacia otro lado, significa convertirse en parte activa del cambio. Trae a amigos, familiares, compa\u00f1eros, hijos: cada paso cuenta. Y cada paso dado juntos tiene m\u00e1s poder.<\/p>\n\n\n\n<h4 class=\"wp-block-heading\" id=\"h-informazioni-utili\">INFORMACI\u00d3N \u00daTIL<\/h4>\n\n\n\n<ul class=\"wp-block-list\">\n<li><strong>\u00bfCu\u00e1ndo?<\/strong>\u00a0Viernes 9 de mayo, 17:00<\/li>\n\n\n\n<li><strong>\u00bfd\u00f3nde?<\/strong>&nbsp;Encuentro en la estaci\u00f3n de metro EUR Palasport (junto al bar Belvedere)<\/li>\n\n\n\n<li><strong>Ruta:<\/strong>&nbsp;Viale America - Via Beethoven - Via Liszt - Piazza Guglielmo Marconi<\/li>\n\n\n\n<li><strong>Evento patrocinado por:<\/strong>&nbsp;Disability Pride Italia, en colaboraci\u00f3n con el IX Ayuntamiento<\/li>\n\n\n\n<li><strong>\u00bfPor qu\u00e9?<\/strong>&nbsp;Fomentar una cultura de inclusi\u00f3n y accesibilidad universal<\/li>\n<\/ul>","protected":false},"excerpt":{"rendered":"<p>P.I.U. la camminata dell\u2019inclusione: un evento per abbattere le barriere, visibili e [&hellip;]<\/p>\n","protected":false},"author":809,"featured_media":13897,"comment_status":"open","ping_status":"open","sticky":false,"template":"","format":"standard","meta":{"_acf_changed":false,"footnotes":""},"categories":[183],"tags":[],"class_list":["post-13886","post","type-post","status-publish","format-standard","has-post-thumbnail","hentry","category-articoli-anziani"],"acf":[],"yoast_head":"<!-- This site is optimized with the Yoast SEO Premium plugin v27.5 (Yoast SEO v27.5) - https:\/\/yoast.com\/product\/yoast-seo-premium-wordpress\/ -->\n<title>La Passeggiata Inclusiva Universale arriva all\u2019EUR: unisciti a noi! - Mia Medical<\/title>\n<meta name=\"description\" content=\"Il 9 Maggio alle 17:00 unisciti alla Passeggiata Inclusiva Universale (PIU). Un evento promosso da Disability Pride per un mondo consapevole.\" \/>\n<meta name=\"robots\" content=\"index, follow, max-snippet:-1, max-image-preview:large, max-video-preview:-1\" \/>\n<link rel=\"canonical\" href=\"https:\/\/www.miamedicalitalia.it\/es\/camminare-insieme-partecipa-alla-piu-passeggiata-inclusiva-universale\/\" \/>\n<meta property=\"og:locale\" content=\"es_ES\" \/>\n<meta property=\"og:type\" content=\"article\" \/>\n<meta property=\"og:title\" content=\"La Passeggiata Inclusiva Universale arriva all\u2019EUR: unisciti a noi! - Mia Medical\" \/>\n<meta property=\"og:description\" content=\"Il 9 Maggio alle 17:00 unisciti alla Passeggiata Inclusiva Universale (PIU). Un evento promosso da Disability Pride per un mondo consapevole.\" \/>\n<meta property=\"og:url\" content=\"https:\/\/www.miamedicalitalia.it\/es\/camminare-insieme-partecipa-alla-piu-passeggiata-inclusiva-universale\/\" \/>\n<meta property=\"og:site_name\" content=\"Mia Medical\" \/>\n<meta property=\"article:publisher\" content=\"https:\/\/www.facebook.com\/miamedicalitalia\" \/>\n<meta property=\"article:published_time\" content=\"2025-05-09T14:18:51+00:00\" \/>\n<meta property=\"article:modified_time\" content=\"2025-05-09T14:18:52+00:00\" \/>\n<meta property=\"og:image\" content=\"https:\/\/www.miamedicalitalia.it\/wp-content\/uploads\/2025\/05\/IMG_3858.jpeg\" \/>\n\t<meta property=\"og:image:width\" content=\"1024\" \/>\n\t<meta property=\"og:image:height\" content=\"1024\" \/>\n\t<meta property=\"og:image:type\" content=\"image\/jpeg\" \/>\n<meta name=\"author\" content=\"Anna Norante\" \/>\n<meta name=\"twitter:card\" content=\"summary_large_image\" \/>\n<meta name=\"twitter:label1\" content=\"Escrito por\" \/>\n\t<meta name=\"twitter:data1\" content=\"Anna Norante\" \/>\n\t<meta name=\"twitter:label2\" content=\"Tiempo de lectura\" \/>\n\t<meta name=\"twitter:data2\" content=\"3 minutos\" \/>\n<script type=\"application\/ld+json\" class=\"yoast-schema-graph\">{\"@context\":\"https:\\\/\\\/schema.org\",\"@graph\":[{\"@type\":\"Article\",\"@id\":\"https:\\\/\\\/www.miamedicalitalia.it\\\/camminare-insieme-partecipa-alla-piu-passeggiata-inclusiva-universale\\\/#article\",\"isPartOf\":{\"@id\":\"https:\\\/\\\/www.miamedicalitalia.it\\\/camminare-insieme-partecipa-alla-piu-passeggiata-inclusiva-universale\\\/\"},\"author\":{\"name\":\"Anna Norante\",\"@id\":\"https:\\\/\\\/www.miamedicalitalia.it\\\/#\\\/schema\\\/person\\\/04a65f5cdcc128d65095be90c183f35a\"},\"headline\":\"La Passeggiata Inclusiva Universale arriva all\u2019EUR: unisciti a noi!\",\"datePublished\":\"2025-05-09T14:18:51+00:00\",\"dateModified\":\"2025-05-09T14:18:52+00:00\",\"mainEntityOfPage\":{\"@id\":\"https:\\\/\\\/www.miamedicalitalia.it\\\/camminare-insieme-partecipa-alla-piu-passeggiata-inclusiva-universale\\\/\"},\"wordCount\":556,\"commentCount\":0,\"publisher\":{\"@id\":\"https:\\\/\\\/www.miamedicalitalia.it\\\/#organization\"},\"image\":{\"@id\":\"https:\\\/\\\/www.miamedicalitalia.it\\\/camminare-insieme-partecipa-alla-piu-passeggiata-inclusiva-universale\\\/#primaryimage\"},\"thumbnailUrl\":\"https:\\\/\\\/www.miamedicalitalia.it\\\/wp-content\\\/uploads\\\/2025\\\/05\\\/IMG_3858.jpeg\",\"articleSection\":[\"Anziani\"],\"inLanguage\":\"es\",\"potentialAction\":[{\"@type\":\"CommentAction\",\"name\":\"Comment\",\"target\":[\"https:\\\/\\\/www.miamedicalitalia.it\\\/camminare-insieme-partecipa-alla-piu-passeggiata-inclusiva-universale\\\/#respond\"]}]},{\"@type\":\"WebPage\",\"@id\":\"https:\\\/\\\/www.miamedicalitalia.it\\\/camminare-insieme-partecipa-alla-piu-passeggiata-inclusiva-universale\\\/\",\"url\":\"https:\\\/\\\/www.miamedicalitalia.it\\\/camminare-insieme-partecipa-alla-piu-passeggiata-inclusiva-universale\\\/\",\"name\":\"La Passeggiata Inclusiva Universale arriva all\u2019EUR: unisciti a noi! - Mia Medical\",\"isPartOf\":{\"@id\":\"https:\\\/\\\/www.miamedicalitalia.it\\\/#website\"},\"primaryImageOfPage\":{\"@id\":\"https:\\\/\\\/www.miamedicalitalia.it\\\/camminare-insieme-partecipa-alla-piu-passeggiata-inclusiva-universale\\\/#primaryimage\"},\"image\":{\"@id\":\"https:\\\/\\\/www.miamedicalitalia.it\\\/camminare-insieme-partecipa-alla-piu-passeggiata-inclusiva-universale\\\/#primaryimage\"},\"thumbnailUrl\":\"https:\\\/\\\/www.miamedicalitalia.it\\\/wp-content\\\/uploads\\\/2025\\\/05\\\/IMG_3858.jpeg\",\"datePublished\":\"2025-05-09T14:18:51+00:00\",\"dateModified\":\"2025-05-09T14:18:52+00:00\",\"description\":\"Il 9 Maggio alle 17:00 unisciti alla Passeggiata Inclusiva Universale (PIU). Un evento promosso da Disability Pride per un mondo consapevole.\",\"breadcrumb\":{\"@id\":\"https:\\\/\\\/www.miamedicalitalia.it\\\/camminare-insieme-partecipa-alla-piu-passeggiata-inclusiva-universale\\\/#breadcrumb\"},\"inLanguage\":\"es\",\"potentialAction\":[{\"@type\":\"ReadAction\",\"target\":[\"https:\\\/\\\/www.miamedicalitalia.it\\\/camminare-insieme-partecipa-alla-piu-passeggiata-inclusiva-universale\\\/\"]}]},{\"@type\":\"ImageObject\",\"inLanguage\":\"es\",\"@id\":\"https:\\\/\\\/www.miamedicalitalia.it\\\/camminare-insieme-partecipa-alla-piu-passeggiata-inclusiva-universale\\\/#primaryimage\",\"url\":\"https:\\\/\\\/www.miamedicalitalia.it\\\/wp-content\\\/uploads\\\/2025\\\/05\\\/IMG_3858.jpeg\",\"contentUrl\":\"https:\\\/\\\/www.miamedicalitalia.it\\\/wp-content\\\/uploads\\\/2025\\\/05\\\/IMG_3858.jpeg\",\"width\":1024,\"height\":1024,\"caption\":\"Passeggiata Inclusiva Universale EUR\"},{\"@type\":\"BreadcrumbList\",\"@id\":\"https:\\\/\\\/www.miamedicalitalia.it\\\/camminare-insieme-partecipa-alla-piu-passeggiata-inclusiva-universale\\\/#breadcrumb\",\"itemListElement\":[{\"@type\":\"ListItem\",\"position\":1,\"name\":\"Home\",\"item\":\"https:\\\/\\\/www.miamedicalitalia.it\\\/\"},{\"@type\":\"ListItem\",\"position\":2,\"name\":\"La Passeggiata Inclusiva Universale arriva all\u2019EUR: unisciti a noi!\"}]},{\"@type\":\"WebSite\",\"@id\":\"https:\\\/\\\/www.miamedicalitalia.it\\\/#website\",\"url\":\"https:\\\/\\\/www.miamedicalitalia.it\\\/\",\"name\":\"www.miamedicalitalia.it\",\"description\":\"Noleggio e Vendita Attrezzatura Sanitarie\",\"publisher\":{\"@id\":\"https:\\\/\\\/www.miamedicalitalia.it\\\/#organization\"},\"potentialAction\":[{\"@type\":\"SearchAction\",\"target\":{\"@type\":\"EntryPoint\",\"urlTemplate\":\"https:\\\/\\\/www.miamedicalitalia.it\\\/?s={search_term_string}\"},\"query-input\":{\"@type\":\"PropertyValueSpecification\",\"valueRequired\":true,\"valueName\":\"search_term_string\"}}],\"inLanguage\":\"es\"},{\"@type\":\"Organization\",\"@id\":\"https:\\\/\\\/www.miamedicalitalia.it\\\/#organization\",\"name\":\"OLG\",\"url\":\"https:\\\/\\\/www.miamedicalitalia.it\\\/\",\"logo\":{\"@type\":\"ImageObject\",\"inLanguage\":\"es\",\"@id\":\"https:\\\/\\\/www.miamedicalitalia.it\\\/#\\\/schema\\\/logo\\\/image\\\/\",\"url\":\"https:\\\/\\\/www.miamedicalitalia.it\\\/wp-content\\\/uploads\\\/2023\\\/04\\\/mia-medical-logo-free.png\",\"contentUrl\":\"https:\\\/\\\/www.miamedicalitalia.it\\\/wp-content\\\/uploads\\\/2023\\\/04\\\/mia-medical-logo-free.png\",\"width\":700,\"height\":700,\"caption\":\"OLG\"},\"image\":{\"@id\":\"https:\\\/\\\/www.miamedicalitalia.it\\\/#\\\/schema\\\/logo\\\/image\\\/\"},\"sameAs\":[\"https:\\\/\\\/www.facebook.com\\\/miamedicalitalia\"]},{\"@type\":\"Person\",\"@id\":\"https:\\\/\\\/www.miamedicalitalia.it\\\/#\\\/schema\\\/person\\\/04a65f5cdcc128d65095be90c183f35a\",\"name\":\"Anna Norante\",\"image\":{\"@type\":\"ImageObject\",\"inLanguage\":\"es\",\"@id\":\"https:\\\/\\\/secure.gravatar.com\\\/avatar\\\/f0be0e99d2a735522752a5fe34e6262c835130f0de176393ad559698341f2d55?s=96&d=mm&r=g\",\"url\":\"https:\\\/\\\/secure.gravatar.com\\\/avatar\\\/f0be0e99d2a735522752a5fe34e6262c835130f0de176393ad559698341f2d55?s=96&d=mm&r=g\",\"contentUrl\":\"https:\\\/\\\/secure.gravatar.com\\\/avatar\\\/f0be0e99d2a735522752a5fe34e6262c835130f0de176393ad559698341f2d55?s=96&d=mm&r=g\",\"caption\":\"Anna Norante\"}}]}<\/script>\n<!-- \/ Yoast SEO Premium plugin. -->","yoast_head_json":{"title":"La Marcha por la Inclusi\u00f3n Universal llega a EUR: \u00a1\u00fanete a nosotros! - Mia Medical","description":"El 9 de mayo a las 17.00 horas, \u00fanase a la Marcha por la Inclusi\u00f3n Universal (PIU). Un evento promovido por el Orgullo de la Discapacidad por un mundo consciente.","robots":{"index":"index","follow":"follow","max-snippet":"max-snippet:-1","max-image-preview":"max-image-preview:large","max-video-preview":"max-video-preview:-1"},"canonical":"https:\/\/www.miamedicalitalia.it\/es\/camminare-insieme-partecipa-alla-piu-passeggiata-inclusiva-universale\/","og_locale":"es_ES","og_type":"article","og_title":"La Passeggiata Inclusiva Universale arriva all\u2019EUR: unisciti a noi! - Mia Medical","og_description":"Il 9 Maggio alle 17:00 unisciti alla Passeggiata Inclusiva Universale (PIU). Un evento promosso da Disability Pride per un mondo consapevole.","og_url":"https:\/\/www.miamedicalitalia.it\/es\/camminare-insieme-partecipa-alla-piu-passeggiata-inclusiva-universale\/","og_site_name":"Mia Medical","article_publisher":"https:\/\/www.facebook.com\/miamedicalitalia","article_published_time":"2025-05-09T14:18:51+00:00","article_modified_time":"2025-05-09T14:18:52+00:00","og_image":[{"width":1024,"height":1024,"url":"https:\/\/www.miamedicalitalia.it\/wp-content\/uploads\/2025\/05\/IMG_3858.jpeg","type":"image\/jpeg"}],"author":"Anna Norante","twitter_card":"summary_large_image","twitter_misc":{"Escrito por":"Anna Norante","Tiempo de lectura":"3 minutos"},"schema":{"@context":"https:\/\/schema.org","@graph":[{"@type":"Article","@id":"https:\/\/www.miamedicalitalia.it\/camminare-insieme-partecipa-alla-piu-passeggiata-inclusiva-universale\/#article","isPartOf":{"@id":"https:\/\/www.miamedicalitalia.it\/camminare-insieme-partecipa-alla-piu-passeggiata-inclusiva-universale\/"},"author":{"name":"Anna Norante","@id":"https:\/\/www.miamedicalitalia.it\/#\/schema\/person\/04a65f5cdcc128d65095be90c183f35a"},"headline":"La Passeggiata Inclusiva Universale arriva all\u2019EUR: unisciti a noi!","datePublished":"2025-05-09T14:18:51+00:00","dateModified":"2025-05-09T14:18:52+00:00","mainEntityOfPage":{"@id":"https:\/\/www.miamedicalitalia.it\/camminare-insieme-partecipa-alla-piu-passeggiata-inclusiva-universale\/"},"wordCount":556,"commentCount":0,"publisher":{"@id":"https:\/\/www.miamedicalitalia.it\/#organization"},"image":{"@id":"https:\/\/www.miamedicalitalia.it\/camminare-insieme-partecipa-alla-piu-passeggiata-inclusiva-universale\/#primaryimage"},"thumbnailUrl":"https:\/\/www.miamedicalitalia.it\/wp-content\/uploads\/2025\/05\/IMG_3858.jpeg","articleSection":["Anziani"],"inLanguage":"es","potentialAction":[{"@type":"CommentAction","name":"Comment","target":["https:\/\/www.miamedicalitalia.it\/camminare-insieme-partecipa-alla-piu-passeggiata-inclusiva-universale\/#respond"]}]},{"@type":"WebPage","@id":"https:\/\/www.miamedicalitalia.it\/camminare-insieme-partecipa-alla-piu-passeggiata-inclusiva-universale\/","url":"https:\/\/www.miamedicalitalia.it\/camminare-insieme-partecipa-alla-piu-passeggiata-inclusiva-universale\/","name":"La Marcha por la Inclusi\u00f3n Universal llega a EUR: \u00a1\u00fanete a nosotros! - Mia Medical","isPartOf":{"@id":"https:\/\/www.miamedicalitalia.it\/#website"},"primaryImageOfPage":{"@id":"https:\/\/www.miamedicalitalia.it\/camminare-insieme-partecipa-alla-piu-passeggiata-inclusiva-universale\/#primaryimage"},"image":{"@id":"https:\/\/www.miamedicalitalia.it\/camminare-insieme-partecipa-alla-piu-passeggiata-inclusiva-universale\/#primaryimage"},"thumbnailUrl":"https:\/\/www.miamedicalitalia.it\/wp-content\/uploads\/2025\/05\/IMG_3858.jpeg","datePublished":"2025-05-09T14:18:51+00:00","dateModified":"2025-05-09T14:18:52+00:00","description":"El 9 de mayo a las 17.00 horas, \u00fanase a la Marcha por la Inclusi\u00f3n Universal (PIU). Un evento promovido por el Orgullo de la Discapacidad por un mundo consciente.","breadcrumb":{"@id":"https:\/\/www.miamedicalitalia.it\/camminare-insieme-partecipa-alla-piu-passeggiata-inclusiva-universale\/#breadcrumb"},"inLanguage":"es","potentialAction":[{"@type":"ReadAction","target":["https:\/\/www.miamedicalitalia.it\/camminare-insieme-partecipa-alla-piu-passeggiata-inclusiva-universale\/"]}]},{"@type":"ImageObject","inLanguage":"es","@id":"https:\/\/www.miamedicalitalia.it\/camminare-insieme-partecipa-alla-piu-passeggiata-inclusiva-universale\/#primaryimage","url":"https:\/\/www.miamedicalitalia.it\/wp-content\/uploads\/2025\/05\/IMG_3858.jpeg","contentUrl":"https:\/\/www.miamedicalitalia.it\/wp-content\/uploads\/2025\/05\/IMG_3858.jpeg","width":1024,"height":1024,"caption":"Passeggiata Inclusiva Universale EUR"},{"@type":"BreadcrumbList","@id":"https:\/\/www.miamedicalitalia.it\/camminare-insieme-partecipa-alla-piu-passeggiata-inclusiva-universale\/#breadcrumb","itemListElement":[{"@type":"ListItem","position":1,"name":"Home","item":"https:\/\/www.miamedicalitalia.it\/"},{"@type":"ListItem","position":2,"name":"La Passeggiata Inclusiva Universale arriva all\u2019EUR: unisciti a noi!"}]},{"@type":"WebSite","@id":"https:\/\/www.miamedicalitalia.it\/#website","url":"https:\/\/www.miamedicalitalia.it\/","name":"www.miamedicalitalia.it","description":"Alquiler y venta de material sanitario","publisher":{"@id":"https:\/\/www.miamedicalitalia.it\/#organization"},"potentialAction":[{"@type":"SearchAction","target":{"@type":"EntryPoint","urlTemplate":"https:\/\/www.miamedicalitalia.it\/?s={search_term_string}"},"query-input":{"@type":"PropertyValueSpecification","valueRequired":true,"valueName":"search_term_string"}}],"inLanguage":"es"},{"@type":"Organization","@id":"https:\/\/www.miamedicalitalia.it\/#organization","name":"OLG","url":"https:\/\/www.miamedicalitalia.it\/","logo":{"@type":"ImageObject","inLanguage":"es","@id":"https:\/\/www.miamedicalitalia.it\/#\/schema\/logo\/image\/","url":"https:\/\/www.miamedicalitalia.it\/wp-content\/uploads\/2023\/04\/mia-medical-logo-free.png","contentUrl":"https:\/\/www.miamedicalitalia.it\/wp-content\/uploads\/2023\/04\/mia-medical-logo-free.png","width":700,"height":700,"caption":"OLG"},"image":{"@id":"https:\/\/www.miamedicalitalia.it\/#\/schema\/logo\/image\/"},"sameAs":["https:\/\/www.facebook.com\/miamedicalitalia"]},{"@type":"Person","@id":"https:\/\/www.miamedicalitalia.it\/#\/schema\/person\/04a65f5cdcc128d65095be90c183f35a","name":"Anna Norante","image":{"@type":"ImageObject","inLanguage":"es","@id":"https:\/\/secure.gravatar.com\/avatar\/f0be0e99d2a735522752a5fe34e6262c835130f0de176393ad559698341f2d55?s=96&d=mm&r=g","url":"https:\/\/secure.gravatar.com\/avatar\/f0be0e99d2a735522752a5fe34e6262c835130f0de176393ad559698341f2d55?s=96&d=mm&r=g","contentUrl":"https:\/\/secure.gravatar.com\/avatar\/f0be0e99d2a735522752a5fe34e6262c835130f0de176393ad559698341f2d55?s=96&d=mm&r=g","caption":"Anna Norante"}}]}},"_links":{"self":[{"href":"https:\/\/www.miamedicalitalia.it\/es\/wp-json\/wp\/v2\/posts\/13886","targetHints":{"allow":["GET"]}}],"collection":[{"href":"https:\/\/www.miamedicalitalia.it\/es\/wp-json\/wp\/v2\/posts"}],"about":[{"href":"https:\/\/www.miamedicalitalia.it\/es\/wp-json\/wp\/v2\/types\/post"}],"author":[{"embeddable":true,"href":"https:\/\/www.miamedicalitalia.it\/es\/wp-json\/wp\/v2\/users\/809"}],"replies":[{"embeddable":true,"href":"https:\/\/www.miamedicalitalia.it\/es\/wp-json\/wp\/v2\/comments?post=13886"}],"version-history":[{"count":10,"href":"https:\/\/www.miamedicalitalia.it\/es\/wp-json\/wp\/v2\/posts\/13886\/revisions"}],"predecessor-version":[{"id":13896,"href":"https:\/\/www.miamedicalitalia.it\/es\/wp-json\/wp\/v2\/posts\/13886\/revisions\/13896"}],"wp:featuredmedia":[{"embeddable":true,"href":"https:\/\/www.miamedicalitalia.it\/es\/wp-json\/wp\/v2\/media\/13897"}],"wp:attachment":[{"href":"https:\/\/www.miamedicalitalia.it\/es\/wp-json\/wp\/v2\/media?parent=13886"}],"wp:term":[{"taxonomy":"category","embeddable":true,"href":"https:\/\/www.miamedicalitalia.it\/es\/wp-json\/wp\/v2\/categories?post=13886"},{"taxonomy":"post_tag","embeddable":true,"href":"https:\/\/www.miamedicalitalia.it\/es\/wp-json\/wp\/v2\/tags?post=13886"}],"curies":[{"name":"wp","href":"https:\/\/api.w.org\/{rel}","templated":true}]}}