{"id":13808,"date":"2025-04-27T15:47:05","date_gmt":"2025-04-27T13:47:05","guid":{"rendered":"https:\/\/www.miamedicalitalia.it\/?p=13808"},"modified":"2026-02-10T17:15:38","modified_gmt":"2026-02-10T15:15:38","slug":"giubileo-delle-persone-con-disabilita-e-funerali-di-papa-francesco","status":"publish","type":"post","link":"https:\/\/www.miamedicalitalia.it\/es\/giubileo-delle-persone-con-disabilita-e-funerali-di-papa-francesco\/","title":{"rendered":"Jubileo de las personas con discapacidad y funeral del Papa Francisco"},"content":{"rendered":"<p>En <strong>26<\/strong> y posteriormente por <strong>Del 28 al 29 de abril de 2025<\/strong>Roma se convierte en el coraz\u00f3n de dos acontecimientos de extraordinaria trascendencia: la&nbsp;<strong>funeral del Papa Francisco&nbsp;<\/strong>el&nbsp;<strong>Jubileo de las personas con discapacidad<\/strong>&nbsp;que ha dejado su huella en la historia de la Iglesia como <strong><a href=\"https:\/\/www.vatican.va\/content\/francesco\/it\/biography\/documents\/papa-francesco-biografia-bergoglio.html\">pont\u00edfice de la sencillez, el amor a los \u00faltimos y la inclusi\u00f3n.<\/a><\/strong> En este momento de recogimiento y espiritualidad,&nbsp;<strong><a href=\"https:\/\/www.miamedicalitalia.it\/es\/\">Mia Medical Italia<\/a><\/strong>&nbsp;est\u00e1 al lado de todos los que deseen participar, ofreciendo soluciones pr\u00e1cticas para vivir estas jornadas sin barreras.<\/p>\n\n\n\n<h4 class=\"wp-block-heading\" id=\"h-il-giubileo-delle-persone-con-disabilita-attivita-e-programma\">Jubileo de las personas con discapacidad: actividades y programa<\/h4>\n\n\n\n<p>En <strong><a href=\"https:\/\/www.iubilaeum2025.va\/it\/pellegrinaggio\/calendario-giubileo\/GrandiEventi\/Giubileo-delle-Persone-con-Disabilita.html\">Jubileo de las personas con discapacidad<\/a><\/strong>promovido por la Santa Sede, se celebrar\u00e1&nbsp;<strong>28 y 29 de abril de 2025<\/strong>. Se trata de un acto concebido para acoger a creyentes con necesidades especiales y a sus familias en un ambiente de acogida, espiritualidad y convivencia.<\/p>\n\n\n\n<p><strong>Lunes 28 de abril<\/strong>peregrinos podr\u00e1n cruzar el&nbsp;<strong><a href=\"https:\/\/www.iubilaeum2025.va\/it\/pellegrinaggio\/porta-santa-san-pietro.html\">Puerta Santa de la Bas\u00edlica de San Pedro<\/a><\/strong>&nbsp;en peque\u00f1os grupos (hasta 60 personas), vivir momentos de oraci\u00f3n silenciosa, confesiones accesibles y adoraci\u00f3n eucar\u00edstica en la iglesia de <strong><a href=\"https:\/\/sangiovannibattistadeifiorentini.it\/\">San Giovanni Battista dei Fiorentini<\/a><\/strong>. Tambi\u00e9n el 28 de abril, una conferencia titulada&nbsp;<em>\"<strong>Nosotros, peregrinos de esperanza<\/strong>\"<\/em>dedicada a la atenci\u00f3n pastoral y la inclusi\u00f3n, en la <em><a href=\"https:\/\/www.patristicum.org\/congressi\">Centro de Congresos \"Augustinianum\".<\/a><\/em><\/p>\n\n\n\n<p>En <strong>29 de abril<\/strong> ser\u00e1 el cl\u00edmax con un&nbsp;<strong>Santa Misa especial<\/strong>&nbsp;para personas con discapacidad, que tendr\u00e1 lugar en un contexto dise\u00f1ado para garantizar <strong>accesibilidad<\/strong> e <strong>recepci\u00f3n<\/strong>. <br><\/p>\n\n\n\n<figure class=\"wp-block-gallery has-nested-images columns-default is-cropped wp-block-gallery-1 is-layout-flex wp-block-gallery-is-layout-flex\">\n<figure class=\"wp-block-image size-large\"><img loading=\"lazy\" decoding=\"async\" width=\"855\" height=\"912\" data-id=\"13829\" src=\"https:\/\/www.miamedicalitalia.it\/wp-content\/uploads\/2025\/04\/IMG_3751.jpeg\" alt=\"\" class=\"wp-image-13829\" srcset=\"https:\/\/www.miamedicalitalia.it\/wp-content\/uploads\/2025\/04\/IMG_3751.jpeg 855w, https:\/\/www.miamedicalitalia.it\/wp-content\/uploads\/2025\/04\/IMG_3751-11x12.jpeg 11w, https:\/\/www.miamedicalitalia.it\/wp-content\/uploads\/2025\/04\/IMG_3751-500x533.jpeg 500w, https:\/\/www.miamedicalitalia.it\/wp-content\/uploads\/2025\/04\/IMG_3751-700x747.jpeg 700w\" sizes=\"auto, (max-width: 855px) 100vw, 855px\" \/><\/figure>\n<\/figure>\n\n\n\n<h4 class=\"wp-block-heading\" id=\"h-perche-partecipare-con-mia-medical-contattaci-al-30-392-65-09-237\">Por qu\u00e9 participar con Mia Medical: p\u00f3ngase en contacto con nosotros en el +30 392 65 09 237<\/h4>\n\n\n\n<p>Participar en el <strong>Jubileo<\/strong> de las personas con discapacidad significa vivir&nbsp;<strong>una aut\u00e9ntica experiencia de fe<\/strong>conocer a otras personas con experiencias similares, compartir <strong>esperanza<\/strong> e <strong>valor<\/strong>. Es una oportunidad para sentirse parte de un <strong>comunidad<\/strong> mayor, donde toda limitaci\u00f3n se transforma en posibilidad y todo obst\u00e1culo encuentra respuestas concretas.<\/p>\n\n\n\n<h4 class=\"wp-block-heading\" id=\"h-come-mia-medical-puo-rendere-il-giubileo-delle-persone-con-disabilita-un-esperienza-unica\">C\u00f3mo puede Mia Medical hacer del Jubileo de las Personas con Discapacidad una experiencia \u00fanica <\/h4>\n\n\n\n<p><strong><a href=\"https:\/\/www.miamedicalitalia.it\/es\/\">Mia Medical Italia<\/a><\/strong> quiere que nadie renuncie a participar por motivos de movilidad. Por eso ofrecemos el&nbsp;<strong><a href=\"https:\/\/www.miamedicalitalia.it\/es\/categoria\/affitto-e-noleggio-ausili\/affitto-e-noleggio-carrozzina\/?_gl=1*aegv2o*_up*MQ..*_ga*MTMwMTYwODM5Ny4xNzQ1NTE3Njk1*_ga_D9FZ9V3LL7*MTc0NTUxNzY5NC4xLjEuMTc0NTUxODExNy4wLjAuMA..\">alquiler de sillas de ruedas manuales y el\u00e9ctricas<\/a>, <a href=\"https:\/\/www.miamedicalitalia.it\/es\/categoria\/affitto-e-noleggio-ausili\/noleggio-e-affitto-carrozzina-elettrica-e-scooter\/?_gl=1*co0597*_up*MQ..*_ga*MTMwMTYwODM5Ny4xNzQ1NTE3Njk1*_ga_D9FZ9V3LL7*MTc0NTUxNzY5NC4xLjEuMTc0NTUxODExNy4wLjAuMA..\">scooters de exterior<\/a>, <a href=\"https:\/\/www.miamedicalitalia.it\/es\/categoria\/affitto-e-noleggio-ausili\/affitto-e-noleggio-deambulatori\/?_gl=1*co0597*_up*MQ..*_ga*MTMwMTYwODM5Ny4xNzQ1NTE3Njk1*_ga_D9FZ9V3LL7*MTc0NTUxNzY5NC4xLjEuMTc0NTUxODExNy4wLjAuMA..\">caminantes<\/a>, e <a href=\"https:\/\/www.miamedicalitalia.it\/es\/categoria\/affitto-e-noleggio-ausili\/?_gl=1*1y1sipj*_up*MQ..*_ga*MTMwMTYwODM5Ny4xNzQ1NTE3Njk1*_ga_D9FZ9V3LL7*MTc0NTUxNzY5NC4xLjAuMTc0NTUxNzY5NC4wLjAuMA..\">mucho m\u00e1s<\/a><\/strong>con la posibilidad de entrega directamente en el hotel o el domicilio.<\/p>\n\n\n\n<figure class=\"wp-block-gallery has-nested-images columns-default is-cropped wp-block-gallery-2 is-layout-flex wp-block-gallery-is-layout-flex\">\n<figure class=\"wp-block-image size-large\"><img loading=\"lazy\" decoding=\"async\" width=\"1000\" height=\"1000\" data-id=\"13229\" src=\"https:\/\/www.miamedicalitalia.it\/wp-content\/uploads\/2024\/11\/IMG_1992-1.jpeg\" alt=\"\" class=\"wp-image-13229\" srcset=\"https:\/\/www.miamedicalitalia.it\/wp-content\/uploads\/2024\/11\/IMG_1992-1.jpeg 1000w, https:\/\/www.miamedicalitalia.it\/wp-content\/uploads\/2024\/11\/IMG_1992-1-150x150.jpeg 150w, https:\/\/www.miamedicalitalia.it\/wp-content\/uploads\/2024\/11\/IMG_1992-1-12x12.jpeg 12w, https:\/\/www.miamedicalitalia.it\/wp-content\/uploads\/2024\/11\/IMG_1992-1-500x500.jpeg 500w, https:\/\/www.miamedicalitalia.it\/wp-content\/uploads\/2024\/11\/IMG_1992-1-700x700.jpeg 700w, https:\/\/www.miamedicalitalia.it\/wp-content\/uploads\/2024\/11\/IMG_1992-1-100x100.jpeg 100w\" sizes=\"auto, (max-width: 1000px) 100vw, 1000px\" \/><\/figure>\n\n\n\n<figure class=\"wp-block-image size-large\"><img loading=\"lazy\" decoding=\"async\" width=\"480\" height=\"480\" data-id=\"12546\" src=\"https:\/\/www.miamedicalitalia.it\/wp-content\/uploads\/2024\/06\/slide-carrozzina-ad-autospinta-pieghevole-150x150-2.jpg\" alt=\"\" class=\"wp-image-12546\" srcset=\"https:\/\/www.miamedicalitalia.it\/wp-content\/uploads\/2024\/06\/slide-carrozzina-ad-autospinta-pieghevole-150x150-2.jpg 480w, https:\/\/www.miamedicalitalia.it\/wp-content\/uploads\/2024\/06\/slide-carrozzina-ad-autospinta-pieghevole-150x150-2-150x150.jpg 150w, https:\/\/www.miamedicalitalia.it\/wp-content\/uploads\/2024\/06\/slide-carrozzina-ad-autospinta-pieghevole-150x150-2-12x12.jpg 12w, https:\/\/www.miamedicalitalia.it\/wp-content\/uploads\/2024\/06\/slide-carrozzina-ad-autospinta-pieghevole-150x150-2-100x100.jpg 100w\" sizes=\"auto, (max-width: 480px) 100vw, 480px\" \/><\/figure>\n\n\n\n<figure class=\"wp-block-image size-large\"><img loading=\"lazy\" decoding=\"async\" width=\"1000\" height=\"1000\" data-id=\"12498\" src=\"https:\/\/www.miamedicalitalia.it\/wp-content\/uploads\/2022\/12\/DSC_1142.jpg\" alt=\"deambulatore rollatore de interno\/esterno\" class=\"wp-image-12498\" srcset=\"https:\/\/www.miamedicalitalia.it\/wp-content\/uploads\/2022\/12\/DSC_1142.jpg 1000w, https:\/\/www.miamedicalitalia.it\/wp-content\/uploads\/2022\/12\/DSC_1142-150x150.jpg 150w, https:\/\/www.miamedicalitalia.it\/wp-content\/uploads\/2022\/12\/DSC_1142-12x12.jpg 12w, https:\/\/www.miamedicalitalia.it\/wp-content\/uploads\/2022\/12\/DSC_1142-500x500.jpg 500w, https:\/\/www.miamedicalitalia.it\/wp-content\/uploads\/2022\/12\/DSC_1142-700x700.jpg 700w, https:\/\/www.miamedicalitalia.it\/wp-content\/uploads\/2022\/12\/DSC_1142-100x100.jpg 100w\" sizes=\"auto, (max-width: 1000px) 100vw, 1000px\" \/><\/figure>\n<\/figure>\n\n\n\n<p>Tambi\u00e9n ofrecemos servicio 24 horas, personal cualificado y asistencia in situ para que cada mudanza sea f\u00e1cil y segura. Nuestra misi\u00f3n es garantizar&nbsp;<strong>confort, autonom\u00eda y seguridad<\/strong>&nbsp;a cada persona. Adem\u00e1s, nuestro equipo est\u00e1 a su disposici\u00f3n para una consulta gratuita si a\u00fan no sabe qu\u00e9 ayuda se adapta mejor a sus necesidades. En nuestra <strong><a href=\"https:\/\/www.miamedicalitalia.it\/es\/blog\/?_gl=1*10w6oxu*_up*MQ..*_ga*MTMwMTYwODM5Ny4xNzQ1NTE3Njk1*_ga_D9FZ9V3LL7*MTc0NTU2NzMwMC4yLjAuMTc0NTU2NzMwMC4wLjAuMA..\">blog<\/a><\/strong> est\u00e1n disponibles <a href=\"https:\/\/www.miamedicalitalia.it\/es\/scooter-elettrici-per-mobilita-a-roma-i-vantaggi-del-noleggio\/?_gl=1*10w6oxu*_up*MQ..*_ga*MTMwMTYwODM5Ny4xNzQ1NTE3Njk1*_ga_D9FZ9V3LL7*MTc0NTU2NzMwMC4yLjAuMTc0NTU2NzMwMC4wLjAuMA..\">art\u00edculos que orientan la elecci\u00f3n de productos sanitarios<\/a> e <a href=\"https:\/\/www.miamedicalitalia.it\/es\/giubileo-accessibile-alla-portata-di-tutti\/?_gl=1*139a2wh*_up*MQ..*_ga*MTMwMTYwODM5Ny4xNzQ1NTE3Njk1*_ga_D9FZ9V3LL7*MTc0NTU2NzMwMC4yLjEuMTc0NTU2NzMzMi4wLjAuMA..\">itinerarios accesibles para todos los peregrinos<\/a>\u00a1! P\u00f3ngase en contacto con nosotros ahora en +<strong>39 392 65 09 237<\/strong> o env\u00edenos un <a href=\"https:\/\/wa.me\/393926509237\">mensaje en Whatsapp. <\/a><\/p>\n\n\n\n<h4 class=\"wp-block-heading\" id=\"h-organizzazione-informazioni-utili\">Organizaci\u00f3n: informaci\u00f3n \u00fatil <\/h4>\n\n\n\n<ul class=\"wp-block-list\">\n<li><a href=\"https:\/\/www.iubilaeum2025.va\/content\/dam\/iubilaeum2025\/vademecum\/disabilita\/ITA_VADEMECUM-DISAB.pdf\">Cartel y programa <\/a><\/li>\n\n\n\n<li><a href=\"https:\/\/www.iubilaeum2025.va\/it\/pellegrinaggio\/calendario-giubileo\/GrandiEventi\/Giubileo-delle-Persone-con-Disabilita.html\">P\u00e1gina web <\/a><\/li>\n\n\n\n<li>Correo electr\u00f3nico: info2@iubilaeum2025.va<\/li>\n\n\n\n<li>Tel\u00e9fono: 0039 06 698 69500<\/li>\n<\/ul>\n\n\n\n<h4 class=\"wp-block-heading\" id=\"h-i-funerali-di-papa-francesco-un-ultimo-saluto-al-santo-padre\">El funeral del Papa Francisco: \u00faltimo adi\u00f3s al Santo Padre<\/h4>\n\n\n\n<p>Despu\u00e9s de tres d\u00edas de c\u00e1mara f\u00fanebre en la Bas\u00edlica de San Pedro, donde cientos de miles de fieles se turnan para presentar sus respetos al fallecido Pont\u00edfice, se celebrar\u00e1 el funeral del Papa Francisco&nbsp;<strong>S\u00e1bado 26 de abril de 2025<\/strong>&nbsp;en <strong>Plaza de San Pedro a partir de las 10.00 horas<\/strong>.<\/p>\n\n\n\n<p>Se esperan largas colas y una afluencia extraordinaria de visitantes. Toda la capital se moviliza para garantizar la acogida y la seguridad de uno de los acontecimientos religiosos m\u00e1s sentidos del \u00faltimo siglo. La ceremonia ser\u00e1 sobria, en l\u00ednea con el estilo sencillo y humilde que ha caracterizado todo el pontificado de Francisco.<\/p>\n\n\n\n<h4 class=\"wp-block-heading\" id=\"h-organizzazione-informazioni-utili-0\">Organizaci\u00f3n: informaci\u00f3n \u00fatil <\/h4>\n\n\n\n<ul class=\"wp-block-list\">\n<li><a href=\"https:\/\/www.vaticannews.va\/\">Sitio web oficial<\/a><\/li>\n\n\n\n<li><a href=\"https:\/\/www.rainews.it\/\">Noticias Rai<\/a><\/li>\n\n\n\n<li><a href=\"https:\/\/www.diocesidiroma.it\/\">Di\u00f3cesis de Roma<\/a><\/li>\n<\/ul>\n\n\n\n<p>C\u00f3mo seguir el funeral desde casa:<\/p>\n\n\n\n<ul class=\"wp-block-list\">\n<li><strong>Rai 1<\/strong>Especial TG1 a partir de las 8.30 horas.<\/li>\n\n\n\n<li><strong>Canal 5<\/strong>Especial TG5 de 8.45 a 11.30 h.<\/li>\n\n\n\n<li><strong>La7<\/strong>a partir de las 9.40 horas.<\/li>\n\n\n\n<li><strong>Sky TG24<\/strong>: cobertura en directo a partir de las 8:00<\/li>\n<\/ul>\n\n\n\n<h4 class=\"wp-block-heading\" id=\"h-partecipare-con-mia-medical-chiama-ora-il-39-392-65-09-237\">Participe con Mia Medical: llame ahora al +39 392 65 09 237<\/h4>\n\n\n\n<p>Tambi\u00e9n por el \u00faltimo adi\u00f3s al Papa Francisco,&nbsp;<strong><a href=\"https:\/\/www.miamedicalitalia.it\/es\/categoria\/affitto-e-noleggio-ausili\/?_gl=1*1y1sipj*_up*MQ..*_ga*MTMwMTYwODM5Ny4xNzQ1NTE3Njk1*_ga_D9FZ9V3LL7*MTc0NTUxNzY5NC4xLjAuMTc0NTUxNzY5NC4wLjAuMA..\">Mia Medical Italia ofrece dispositivos personalizados de asistencia y movilidad<\/a><\/strong>: <strong><a href=\"https:\/\/www.miamedicalitalia.it\/es\/categoria\/affitto-e-noleggio-ausili\/affitto-e-noleggio-carrozzina\/?_gl=1*ssl2jy*_up*MQ..*_ga*MTMwMTYwODM5Ny4xNzQ1NTE3Njk1*_ga_D9FZ9V3LL7*MTc0NTUxNzY5NC4xLjEuMTc0NTUxODExNy4wLjAuMA..\">sillas de ruedas<\/a><\/strong>, <strong><a href=\"https:\/\/www.miamedicalitalia.it\/es\/categoria\/affitto-e-noleggio-ausili\/noleggio-e-affitto-carrozzina-elettrica-e-scooter\/?_gl=1*z58ynn*_up*MQ..*_ga*MTMwMTYwODM5Ny4xNzQ1NTE3Njk1*_ga_D9FZ9V3LL7*MTc0NTUxNzY5NC4xLjEuMTc0NTUxODExNy4wLjAuMA..\">scooters el\u00e9ctricos<\/a><\/strong> e <strong><a href=\"https:\/\/www.miamedicalitalia.it\/es\/categoria\/affitto-e-noleggio-ausili\/?_gl=1*1y1sipj*_up*MQ..*_ga*MTMwMTYwODM5Ny4xNzQ1NTE3Njk1*_ga_D9FZ9V3LL7*MTc0NTUxNzY5NC4xLjAuMTc0NTUxNzY5NC4wLjAuMA..\">muchos otros soportes<\/a><\/strong> para las personas con dificultades de movilidad. Nuestra presencia en la zona garantiza <strong>velocidad<\/strong>, <strong>flexibilidad<\/strong> y un <strong>servicio fiable<\/strong>Concebido para quienes desean vivir este momento con respeto y serenidad.<\/p>\n\n\n\n<p>Elegir Mia Medical significa tener un&nbsp;<strong>socio que da prioridad a la persona<\/strong>. No s\u00f3lo alquilamos aparatos, sino&nbsp;<strong>construimos experiencias de participaci\u00f3n accesibles<\/strong>ofreciendo escucha, soluciones pr\u00e1cticas y apoyo continuo. A qu\u00e9 espera, p\u00f3ngase en contacto con nosotros hoy mismo para contratar su apoyo en <strong>+39 392 65 09 237<\/strong> o env\u00edenos un <a href=\"https:\/\/wa.me\/393926509237\">mensaje en whatsapp<\/a>!<\/p>\n\n\n\n<p>Nuestro equipo est\u00e1 a su disposici\u00f3n para una consulta gratuita si a\u00fan no sabe qu\u00e9 ayuda se adapta mejor a sus necesidades. En nuestra <strong><a href=\"https:\/\/www.miamedicalitalia.it\/es\/blog\/?_gl=1*10w6oxu*_up*MQ..*_ga*MTMwMTYwODM5Ny4xNzQ1NTE3Njk1*_ga_D9FZ9V3LL7*MTc0NTU2NzMwMC4yLjAuMTc0NTU2NzMwMC4wLjAuMA..\">blog<\/a><\/strong> est\u00e1n disponibles <a href=\"https:\/\/www.miamedicalitalia.it\/es\/scooter-elettrici-per-mobilita-a-roma-i-vantaggi-del-noleggio\/?_gl=1*10w6oxu*_up*MQ..*_ga*MTMwMTYwODM5Ny4xNzQ1NTE3Njk1*_ga_D9FZ9V3LL7*MTc0NTU2NzMwMC4yLjAuMTc0NTU2NzMwMC4wLjAuMA..\">art\u00edculos que orientan la elecci\u00f3n de productos sanitarios<\/a> e <a href=\"https:\/\/www.miamedicalitalia.it\/es\/giubileo-accessibile-alla-portata-di-tutti\/?_gl=1*139a2wh*_up*MQ..*_ga*MTMwMTYwODM5Ny4xNzQ1NTE3Njk1*_ga_D9FZ9V3LL7*MTc0NTU2NzMwMC4yLjEuMTc0NTU2NzMzMi4wLjAuMA..\">itinerarios accesibles para todos los peregrinos<\/a>! <\/p>\n\n\n\n<figure class=\"wp-block-gallery has-nested-images columns-default is-cropped wp-block-gallery-3 is-layout-flex wp-block-gallery-is-layout-flex\">\n<figure class=\"wp-block-image size-large\"><img loading=\"lazy\" decoding=\"async\" width=\"505\" height=\"524\" data-id=\"13232\" src=\"https:\/\/www.miamedicalitalia.it\/wp-content\/uploads\/2024\/11\/Untitled-design-4-2.jpeg\" alt=\"\" class=\"wp-image-13232\" srcset=\"https:\/\/www.miamedicalitalia.it\/wp-content\/uploads\/2024\/11\/Untitled-design-4-2.jpeg 505w, https:\/\/www.miamedicalitalia.it\/wp-content\/uploads\/2024\/11\/Untitled-design-4-2-12x12.jpeg 12w, https:\/\/www.miamedicalitalia.it\/wp-content\/uploads\/2024\/11\/Untitled-design-4-2-500x519.jpeg 500w\" sizes=\"auto, (max-width: 505px) 100vw, 505px\" \/><\/figure>\n\n\n\n<figure class=\"wp-block-image size-large\"><img loading=\"lazy\" decoding=\"async\" width=\"1000\" height=\"1000\" data-id=\"12315\" src=\"https:\/\/www.miamedicalitalia.it\/wp-content\/uploads\/2024\/05\/rollatore-MIA-MEDICAL.jpg\" alt=\"\" class=\"wp-image-12315\" srcset=\"https:\/\/www.miamedicalitalia.it\/wp-content\/uploads\/2024\/05\/rollatore-MIA-MEDICAL.jpg 1000w, https:\/\/www.miamedicalitalia.it\/wp-content\/uploads\/2024\/05\/rollatore-MIA-MEDICAL-150x150.jpg 150w, https:\/\/www.miamedicalitalia.it\/wp-content\/uploads\/2024\/05\/rollatore-MIA-MEDICAL-12x12.jpg 12w, https:\/\/www.miamedicalitalia.it\/wp-content\/uploads\/2024\/05\/rollatore-MIA-MEDICAL-500x500.jpg 500w, https:\/\/www.miamedicalitalia.it\/wp-content\/uploads\/2024\/05\/rollatore-MIA-MEDICAL-700x700.jpg 700w, https:\/\/www.miamedicalitalia.it\/wp-content\/uploads\/2024\/05\/rollatore-MIA-MEDICAL-100x100.jpg 100w\" sizes=\"auto, (max-width: 1000px) 100vw, 1000px\" \/><\/figure>\n\n\n\n<figure class=\"wp-block-image size-large\"><img loading=\"lazy\" decoding=\"async\" width=\"1000\" height=\"1000\" data-id=\"12332\" src=\"https:\/\/www.miamedicalitalia.it\/wp-content\/uploads\/2024\/05\/carrozzina-pediatrica-.jpg\" alt=\"\" class=\"wp-image-12332\" srcset=\"https:\/\/www.miamedicalitalia.it\/wp-content\/uploads\/2024\/05\/carrozzina-pediatrica-.jpg 1000w, https:\/\/www.miamedicalitalia.it\/wp-content\/uploads\/2024\/05\/carrozzina-pediatrica--150x150.jpg 150w, https:\/\/www.miamedicalitalia.it\/wp-content\/uploads\/2024\/05\/carrozzina-pediatrica--12x12.jpg 12w, https:\/\/www.miamedicalitalia.it\/wp-content\/uploads\/2024\/05\/carrozzina-pediatrica--500x500.jpg 500w, https:\/\/www.miamedicalitalia.it\/wp-content\/uploads\/2024\/05\/carrozzina-pediatrica--700x700.jpg 700w, https:\/\/www.miamedicalitalia.it\/wp-content\/uploads\/2024\/05\/carrozzina-pediatrica--100x100.jpg 100w\" sizes=\"auto, (max-width: 1000px) 100vw, 1000px\" \/><\/figure>\n<\/figure>\n\n\n\n<p>En el coraz\u00f3n de Roma, en uno de los momentos m\u00e1s significativos de la historia reciente, queremos ser el&nbsp;<strong>puente entre el deseo de estar y la posibilidad concreta de hacerlo<\/strong>. Para que todos, sin excluir a nadie, puedan sentirse parte de este tiempo de fe, memoria y esperanza.<\/p>\n\n\n\n<h4 class=\"wp-block-heading\" id=\"h-non-perderti-questa-occasione-di-condivisione\">No pierda esta oportunidad de compartir <\/h4>\n\n\n\n<p>En <strong>Jubileo<\/strong> y el <strong>funeral del Papa Francisco<\/strong> representar&nbsp;<strong>mucho m\u00e1s que actos religiosos<\/strong>son oportunidades para redescubrir el valor de la comunidad, de la inclusi\u00f3n, del cuidado mutuo. Gracias a servicios dedicados como los que ofrece <strong><a href=\"https:\/\/www.miamedicalitalia.it\/es\/categoria\/affitto-e-noleggio-ausili\/?_gl=1*1y1sipj*_up*MQ..*_ga*MTMwMTYwODM5Ny4xNzQ1NTE3Njk1*_ga_D9FZ9V3LL7*MTc0NTUxNzY5NC4xLjAuMTc0NTUxNzY5NC4wLjAuMA..\">Mia Medical Italia<\/a><\/strong>estos momentos pueden convertirse en experiencias vividas&nbsp;<strong>con plenitud y sin obst\u00e1culos<\/strong>por todos y para todos.<\/p>\n\n\n\n<p>En un momento de transici\u00f3n como \u00e9ste, en el que el luto, la reflexi\u00f3n y el renacimiento se entrelazan,&nbsp;<strong>Mia Medical Italia est\u00e1 cerca de los fieles y de la comunidad<\/strong>. Queremos contribuir a hacer posible una participaci\u00f3n verdadera, digna y profunda. Para que el dolor se transforme en esperanza y la uni\u00f3n se convierta en la respuesta m\u00e1s hermosa a los retos de hoy.<\/p>\n\n\n\n<p><br><\/p>\n\n\n\n<p><br><\/p>","protected":false},"excerpt":{"rendered":"<p>Il 26 e successivamente&nbsp;&nbsp;dal 28 al 29 aprile 2025, Roma diventa il [&hellip;]<\/p>\n","protected":false},"author":809,"featured_media":13840,"comment_status":"open","ping_status":"open","sticky":false,"template":"","format":"standard","meta":{"_acf_changed":false,"footnotes":""},"categories":[183,186,340],"tags":[318,188,180,419,308,328,418,416,325,331,420,193,421,424,422,423,417,184,355],"class_list":["post-13808","post","type-post","status-publish","format-standard","has-post-thumbnail","hentry","category-articoli-anziani","category-articoli-disabili","category-giubileo","tag-318","tag-ausili-medicali","tag-carrozzine","tag-conclave","tag-disabilita","tag-electric-scooter","tag-funerali-papa-francesco","tag-giubileo-2025","tag-holy-year","tag-jubilee","tag-mobility-scooters","tag-noleggio","tag-noleggio-ausili-medicali","tag-noleggio-carrozzina-funerali-papa","tag-noleggio-carrozzine-giubileo","tag-noleggio-scooter-elettrico-giubileo","tag-papa-francesco","tag-turismo","tag-turismo-accessibile"],"acf":[],"yoast_head":"<!-- This site is optimized with the Yoast SEO Premium plugin v27.5 (Yoast SEO v27.5) - https:\/\/yoast.com\/product\/yoast-seo-premium-wordpress\/ -->\n<title>Giubileo delle Persone con disabilit\u00e0 e Funerali di Papa Francesco - Mia Medical<\/title>\n<meta name=\"description\" content=\"Non perdere l\u2019occasione di prendere parte al Giubileo delle persone con disabilit\u00e0 o ai funerali di Papa Francesco. Chiama Mia Medical Italia\" \/>\n<meta name=\"robots\" content=\"index, follow, max-snippet:-1, max-image-preview:large, max-video-preview:-1\" \/>\n<link rel=\"canonical\" href=\"https:\/\/www.miamedicalitalia.it\/es\/giubileo-delle-persone-con-disabilita-e-funerali-di-papa-francesco\/\" \/>\n<meta property=\"og:locale\" content=\"es_ES\" \/>\n<meta property=\"og:type\" content=\"article\" \/>\n<meta property=\"og:title\" content=\"Giubileo delle Persone con disabilit\u00e0 e Funerali di Papa Francesco - Mia Medical\" \/>\n<meta property=\"og:description\" content=\"Non perdere l\u2019occasione di prendere parte al Giubileo delle persone con disabilit\u00e0 o ai funerali di Papa Francesco. Chiama Mia Medical Italia\" \/>\n<meta property=\"og:url\" content=\"https:\/\/www.miamedicalitalia.it\/es\/giubileo-delle-persone-con-disabilita-e-funerali-di-papa-francesco\/\" \/>\n<meta property=\"og:site_name\" content=\"Mia Medical\" \/>\n<meta property=\"article:publisher\" content=\"https:\/\/www.facebook.com\/miamedicalitalia\" \/>\n<meta property=\"article:published_time\" content=\"2025-04-27T13:47:05+00:00\" \/>\n<meta property=\"article:modified_time\" content=\"2026-02-10T15:15:38+00:00\" \/>\n<meta property=\"og:image\" content=\"https:\/\/www.miamedicalitalia.it\/wp-content\/uploads\/2025\/04\/9k.jpg\" \/>\n\t<meta property=\"og:image:width\" content=\"1024\" \/>\n\t<meta property=\"og:image:height\" content=\"1024\" \/>\n\t<meta property=\"og:image:type\" content=\"image\/jpeg\" \/>\n<meta name=\"author\" content=\"Anna Norante\" \/>\n<meta name=\"twitter:card\" content=\"summary_large_image\" \/>\n<meta name=\"twitter:label1\" content=\"Escrito por\" \/>\n\t<meta name=\"twitter:data1\" content=\"Anna Norante\" \/>\n\t<meta name=\"twitter:label2\" content=\"Tiempo de lectura\" \/>\n\t<meta name=\"twitter:data2\" content=\"5 minutos\" \/>\n<script type=\"application\/ld+json\" class=\"yoast-schema-graph\">{\"@context\":\"https:\\\/\\\/schema.org\",\"@graph\":[{\"@type\":\"Article\",\"@id\":\"https:\\\/\\\/www.miamedicalitalia.it\\\/giubileo-delle-persone-con-disabilita-e-funerali-di-papa-francesco\\\/#article\",\"isPartOf\":{\"@id\":\"https:\\\/\\\/www.miamedicalitalia.it\\\/giubileo-delle-persone-con-disabilita-e-funerali-di-papa-francesco\\\/\"},\"author\":{\"name\":\"Anna Norante\",\"@id\":\"https:\\\/\\\/www.miamedicalitalia.it\\\/#\\\/schema\\\/person\\\/04a65f5cdcc128d65095be90c183f35a\"},\"headline\":\"Giubileo delle Persone con disabilit\u00e0 e Funerali di Papa Francesco\",\"datePublished\":\"2025-04-27T13:47:05+00:00\",\"dateModified\":\"2026-02-10T15:15:38+00:00\",\"mainEntityOfPage\":{\"@id\":\"https:\\\/\\\/www.miamedicalitalia.it\\\/giubileo-delle-persone-con-disabilita-e-funerali-di-papa-francesco\\\/\"},\"wordCount\":914,\"commentCount\":0,\"publisher\":{\"@id\":\"https:\\\/\\\/www.miamedicalitalia.it\\\/#organization\"},\"image\":{\"@id\":\"https:\\\/\\\/www.miamedicalitalia.it\\\/giubileo-delle-persone-con-disabilita-e-funerali-di-papa-francesco\\\/#primaryimage\"},\"thumbnailUrl\":\"https:\\\/\\\/www.miamedicalitalia.it\\\/wp-content\\\/uploads\\\/2025\\\/04\\\/9k.jpg\",\"keywords\":[\"2025\",\"ausili medicali\",\"carrozzine\",\"Conclave\",\"disabilit\u00e0\",\"electric scooter\",\"Funerali Papa Francesco\",\"Giubileo 2025\",\"Holy year\",\"jubilee\",\"mobility scooters\",\"noleggio\",\"noleggio ausili medicali\",\"noleggio carrozzina funerali papa\",\"noleggio carrozzine giubileo\",\"noleggio scooter elettrico giubileo\",\"Papa francesco\",\"turismo\",\"Turismo accessibile\"],\"articleSection\":[\"Anziani\",\"Disabili\",\"Giubileo\"],\"inLanguage\":\"es\",\"potentialAction\":[{\"@type\":\"CommentAction\",\"name\":\"Comment\",\"target\":[\"https:\\\/\\\/www.miamedicalitalia.it\\\/giubileo-delle-persone-con-disabilita-e-funerali-di-papa-francesco\\\/#respond\"]}]},{\"@type\":\"WebPage\",\"@id\":\"https:\\\/\\\/www.miamedicalitalia.it\\\/giubileo-delle-persone-con-disabilita-e-funerali-di-papa-francesco\\\/\",\"url\":\"https:\\\/\\\/www.miamedicalitalia.it\\\/giubileo-delle-persone-con-disabilita-e-funerali-di-papa-francesco\\\/\",\"name\":\"Giubileo delle Persone con disabilit\u00e0 e Funerali di Papa Francesco - Mia Medical\",\"isPartOf\":{\"@id\":\"https:\\\/\\\/www.miamedicalitalia.it\\\/#website\"},\"primaryImageOfPage\":{\"@id\":\"https:\\\/\\\/www.miamedicalitalia.it\\\/giubileo-delle-persone-con-disabilita-e-funerali-di-papa-francesco\\\/#primaryimage\"},\"image\":{\"@id\":\"https:\\\/\\\/www.miamedicalitalia.it\\\/giubileo-delle-persone-con-disabilita-e-funerali-di-papa-francesco\\\/#primaryimage\"},\"thumbnailUrl\":\"https:\\\/\\\/www.miamedicalitalia.it\\\/wp-content\\\/uploads\\\/2025\\\/04\\\/9k.jpg\",\"datePublished\":\"2025-04-27T13:47:05+00:00\",\"dateModified\":\"2026-02-10T15:15:38+00:00\",\"description\":\"Non perdere l\u2019occasione di prendere parte al Giubileo delle persone con disabilit\u00e0 o ai funerali di Papa Francesco. Chiama Mia Medical Italia\",\"breadcrumb\":{\"@id\":\"https:\\\/\\\/www.miamedicalitalia.it\\\/giubileo-delle-persone-con-disabilita-e-funerali-di-papa-francesco\\\/#breadcrumb\"},\"inLanguage\":\"es\",\"potentialAction\":[{\"@type\":\"ReadAction\",\"target\":[\"https:\\\/\\\/www.miamedicalitalia.it\\\/giubileo-delle-persone-con-disabilita-e-funerali-di-papa-francesco\\\/\"]}]},{\"@type\":\"ImageObject\",\"inLanguage\":\"es\",\"@id\":\"https:\\\/\\\/www.miamedicalitalia.it\\\/giubileo-delle-persone-con-disabilita-e-funerali-di-papa-francesco\\\/#primaryimage\",\"url\":\"https:\\\/\\\/www.miamedicalitalia.it\\\/wp-content\\\/uploads\\\/2025\\\/04\\\/9k.jpg\",\"contentUrl\":\"https:\\\/\\\/www.miamedicalitalia.it\\\/wp-content\\\/uploads\\\/2025\\\/04\\\/9k.jpg\",\"width\":1024,\"height\":1024},{\"@type\":\"BreadcrumbList\",\"@id\":\"https:\\\/\\\/www.miamedicalitalia.it\\\/giubileo-delle-persone-con-disabilita-e-funerali-di-papa-francesco\\\/#breadcrumb\",\"itemListElement\":[{\"@type\":\"ListItem\",\"position\":1,\"name\":\"Home\",\"item\":\"https:\\\/\\\/www.miamedicalitalia.it\\\/\"},{\"@type\":\"ListItem\",\"position\":2,\"name\":\"Giubileo delle Persone con disabilit\u00e0 e Funerali di Papa Francesco\"}]},{\"@type\":\"WebSite\",\"@id\":\"https:\\\/\\\/www.miamedicalitalia.it\\\/#website\",\"url\":\"https:\\\/\\\/www.miamedicalitalia.it\\\/\",\"name\":\"www.miamedicalitalia.it\",\"description\":\"Noleggio e Vendita Attrezzatura Sanitarie\",\"publisher\":{\"@id\":\"https:\\\/\\\/www.miamedicalitalia.it\\\/#organization\"},\"potentialAction\":[{\"@type\":\"SearchAction\",\"target\":{\"@type\":\"EntryPoint\",\"urlTemplate\":\"https:\\\/\\\/www.miamedicalitalia.it\\\/?s={search_term_string}\"},\"query-input\":{\"@type\":\"PropertyValueSpecification\",\"valueRequired\":true,\"valueName\":\"search_term_string\"}}],\"inLanguage\":\"es\"},{\"@type\":\"Organization\",\"@id\":\"https:\\\/\\\/www.miamedicalitalia.it\\\/#organization\",\"name\":\"OLG\",\"url\":\"https:\\\/\\\/www.miamedicalitalia.it\\\/\",\"logo\":{\"@type\":\"ImageObject\",\"inLanguage\":\"es\",\"@id\":\"https:\\\/\\\/www.miamedicalitalia.it\\\/#\\\/schema\\\/logo\\\/image\\\/\",\"url\":\"https:\\\/\\\/www.miamedicalitalia.it\\\/wp-content\\\/uploads\\\/2023\\\/04\\\/mia-medical-logo-free.png\",\"contentUrl\":\"https:\\\/\\\/www.miamedicalitalia.it\\\/wp-content\\\/uploads\\\/2023\\\/04\\\/mia-medical-logo-free.png\",\"width\":700,\"height\":700,\"caption\":\"OLG\"},\"image\":{\"@id\":\"https:\\\/\\\/www.miamedicalitalia.it\\\/#\\\/schema\\\/logo\\\/image\\\/\"},\"sameAs\":[\"https:\\\/\\\/www.facebook.com\\\/miamedicalitalia\"]},{\"@type\":\"Person\",\"@id\":\"https:\\\/\\\/www.miamedicalitalia.it\\\/#\\\/schema\\\/person\\\/04a65f5cdcc128d65095be90c183f35a\",\"name\":\"Anna Norante\",\"image\":{\"@type\":\"ImageObject\",\"inLanguage\":\"es\",\"@id\":\"https:\\\/\\\/secure.gravatar.com\\\/avatar\\\/f0be0e99d2a735522752a5fe34e6262c835130f0de176393ad559698341f2d55?s=96&d=mm&r=g\",\"url\":\"https:\\\/\\\/secure.gravatar.com\\\/avatar\\\/f0be0e99d2a735522752a5fe34e6262c835130f0de176393ad559698341f2d55?s=96&d=mm&r=g\",\"contentUrl\":\"https:\\\/\\\/secure.gravatar.com\\\/avatar\\\/f0be0e99d2a735522752a5fe34e6262c835130f0de176393ad559698341f2d55?s=96&d=mm&r=g\",\"caption\":\"Anna Norante\"}}]}<\/script>\n<!-- \/ Yoast SEO Premium plugin. -->","yoast_head_json":{"title":"Jubileo de las personas con discapacidad y funeral del papa Francisco - Mia Medical","description":"No pierdas la oportunidad de participar en el Jubileo de las personas con discapacidad o en el funeral del Papa Francisco. Llama a Mia Medical Italia.","robots":{"index":"index","follow":"follow","max-snippet":"max-snippet:-1","max-image-preview":"max-image-preview:large","max-video-preview":"max-video-preview:-1"},"canonical":"https:\/\/www.miamedicalitalia.it\/es\/giubileo-delle-persone-con-disabilita-e-funerali-di-papa-francesco\/","og_locale":"es_ES","og_type":"article","og_title":"Giubileo delle Persone con disabilit\u00e0 e Funerali di Papa Francesco - Mia Medical","og_description":"Non perdere l\u2019occasione di prendere parte al Giubileo delle persone con disabilit\u00e0 o ai funerali di Papa Francesco. Chiama Mia Medical Italia","og_url":"https:\/\/www.miamedicalitalia.it\/es\/giubileo-delle-persone-con-disabilita-e-funerali-di-papa-francesco\/","og_site_name":"Mia Medical","article_publisher":"https:\/\/www.facebook.com\/miamedicalitalia","article_published_time":"2025-04-27T13:47:05+00:00","article_modified_time":"2026-02-10T15:15:38+00:00","og_image":[{"width":1024,"height":1024,"url":"https:\/\/www.miamedicalitalia.it\/wp-content\/uploads\/2025\/04\/9k.jpg","type":"image\/jpeg"}],"author":"Anna Norante","twitter_card":"summary_large_image","twitter_misc":{"Escrito por":"Anna Norante","Tiempo de lectura":"5 minutos"},"schema":{"@context":"https:\/\/schema.org","@graph":[{"@type":"Article","@id":"https:\/\/www.miamedicalitalia.it\/giubileo-delle-persone-con-disabilita-e-funerali-di-papa-francesco\/#article","isPartOf":{"@id":"https:\/\/www.miamedicalitalia.it\/giubileo-delle-persone-con-disabilita-e-funerali-di-papa-francesco\/"},"author":{"name":"Anna Norante","@id":"https:\/\/www.miamedicalitalia.it\/#\/schema\/person\/04a65f5cdcc128d65095be90c183f35a"},"headline":"Giubileo delle Persone con disabilit\u00e0 e Funerali di Papa Francesco","datePublished":"2025-04-27T13:47:05+00:00","dateModified":"2026-02-10T15:15:38+00:00","mainEntityOfPage":{"@id":"https:\/\/www.miamedicalitalia.it\/giubileo-delle-persone-con-disabilita-e-funerali-di-papa-francesco\/"},"wordCount":914,"commentCount":0,"publisher":{"@id":"https:\/\/www.miamedicalitalia.it\/#organization"},"image":{"@id":"https:\/\/www.miamedicalitalia.it\/giubileo-delle-persone-con-disabilita-e-funerali-di-papa-francesco\/#primaryimage"},"thumbnailUrl":"https:\/\/www.miamedicalitalia.it\/wp-content\/uploads\/2025\/04\/9k.jpg","keywords":["2025","ausili medicali","carrozzine","Conclave","disabilit\u00e0","electric scooter","Funerali Papa Francesco","Giubileo 2025","Holy year","jubilee","mobility scooters","noleggio","noleggio ausili medicali","noleggio carrozzina funerali papa","noleggio carrozzine giubileo","noleggio scooter elettrico giubileo","Papa francesco","turismo","Turismo accessibile"],"articleSection":["Anziani","Disabili","Giubileo"],"inLanguage":"es","potentialAction":[{"@type":"CommentAction","name":"Comment","target":["https:\/\/www.miamedicalitalia.it\/giubileo-delle-persone-con-disabilita-e-funerali-di-papa-francesco\/#respond"]}]},{"@type":"WebPage","@id":"https:\/\/www.miamedicalitalia.it\/giubileo-delle-persone-con-disabilita-e-funerali-di-papa-francesco\/","url":"https:\/\/www.miamedicalitalia.it\/giubileo-delle-persone-con-disabilita-e-funerali-di-papa-francesco\/","name":"Jubileo de las personas con discapacidad y funeral del papa Francisco - Mia Medical","isPartOf":{"@id":"https:\/\/www.miamedicalitalia.it\/#website"},"primaryImageOfPage":{"@id":"https:\/\/www.miamedicalitalia.it\/giubileo-delle-persone-con-disabilita-e-funerali-di-papa-francesco\/#primaryimage"},"image":{"@id":"https:\/\/www.miamedicalitalia.it\/giubileo-delle-persone-con-disabilita-e-funerali-di-papa-francesco\/#primaryimage"},"thumbnailUrl":"https:\/\/www.miamedicalitalia.it\/wp-content\/uploads\/2025\/04\/9k.jpg","datePublished":"2025-04-27T13:47:05+00:00","dateModified":"2026-02-10T15:15:38+00:00","description":"No pierdas la oportunidad de participar en el Jubileo de las personas con discapacidad o en el funeral del Papa Francisco. Llama a Mia Medical Italia.","breadcrumb":{"@id":"https:\/\/www.miamedicalitalia.it\/giubileo-delle-persone-con-disabilita-e-funerali-di-papa-francesco\/#breadcrumb"},"inLanguage":"es","potentialAction":[{"@type":"ReadAction","target":["https:\/\/www.miamedicalitalia.it\/giubileo-delle-persone-con-disabilita-e-funerali-di-papa-francesco\/"]}]},{"@type":"ImageObject","inLanguage":"es","@id":"https:\/\/www.miamedicalitalia.it\/giubileo-delle-persone-con-disabilita-e-funerali-di-papa-francesco\/#primaryimage","url":"https:\/\/www.miamedicalitalia.it\/wp-content\/uploads\/2025\/04\/9k.jpg","contentUrl":"https:\/\/www.miamedicalitalia.it\/wp-content\/uploads\/2025\/04\/9k.jpg","width":1024,"height":1024},{"@type":"BreadcrumbList","@id":"https:\/\/www.miamedicalitalia.it\/giubileo-delle-persone-con-disabilita-e-funerali-di-papa-francesco\/#breadcrumb","itemListElement":[{"@type":"ListItem","position":1,"name":"Home","item":"https:\/\/www.miamedicalitalia.it\/"},{"@type":"ListItem","position":2,"name":"Giubileo delle Persone con disabilit\u00e0 e Funerali di Papa Francesco"}]},{"@type":"WebSite","@id":"https:\/\/www.miamedicalitalia.it\/#website","url":"https:\/\/www.miamedicalitalia.it\/","name":"www.miamedicalitalia.it","description":"Alquiler y venta de material sanitario","publisher":{"@id":"https:\/\/www.miamedicalitalia.it\/#organization"},"potentialAction":[{"@type":"SearchAction","target":{"@type":"EntryPoint","urlTemplate":"https:\/\/www.miamedicalitalia.it\/?s={search_term_string}"},"query-input":{"@type":"PropertyValueSpecification","valueRequired":true,"valueName":"search_term_string"}}],"inLanguage":"es"},{"@type":"Organization","@id":"https:\/\/www.miamedicalitalia.it\/#organization","name":"OLG","url":"https:\/\/www.miamedicalitalia.it\/","logo":{"@type":"ImageObject","inLanguage":"es","@id":"https:\/\/www.miamedicalitalia.it\/#\/schema\/logo\/image\/","url":"https:\/\/www.miamedicalitalia.it\/wp-content\/uploads\/2023\/04\/mia-medical-logo-free.png","contentUrl":"https:\/\/www.miamedicalitalia.it\/wp-content\/uploads\/2023\/04\/mia-medical-logo-free.png","width":700,"height":700,"caption":"OLG"},"image":{"@id":"https:\/\/www.miamedicalitalia.it\/#\/schema\/logo\/image\/"},"sameAs":["https:\/\/www.facebook.com\/miamedicalitalia"]},{"@type":"Person","@id":"https:\/\/www.miamedicalitalia.it\/#\/schema\/person\/04a65f5cdcc128d65095be90c183f35a","name":"Anna Norante","image":{"@type":"ImageObject","inLanguage":"es","@id":"https:\/\/secure.gravatar.com\/avatar\/f0be0e99d2a735522752a5fe34e6262c835130f0de176393ad559698341f2d55?s=96&d=mm&r=g","url":"https:\/\/secure.gravatar.com\/avatar\/f0be0e99d2a735522752a5fe34e6262c835130f0de176393ad559698341f2d55?s=96&d=mm&r=g","contentUrl":"https:\/\/secure.gravatar.com\/avatar\/f0be0e99d2a735522752a5fe34e6262c835130f0de176393ad559698341f2d55?s=96&d=mm&r=g","caption":"Anna Norante"}}]}},"_links":{"self":[{"href":"https:\/\/www.miamedicalitalia.it\/es\/wp-json\/wp\/v2\/posts\/13808","targetHints":{"allow":["GET"]}}],"collection":[{"href":"https:\/\/www.miamedicalitalia.it\/es\/wp-json\/wp\/v2\/posts"}],"about":[{"href":"https:\/\/www.miamedicalitalia.it\/es\/wp-json\/wp\/v2\/types\/post"}],"author":[{"embeddable":true,"href":"https:\/\/www.miamedicalitalia.it\/es\/wp-json\/wp\/v2\/users\/809"}],"replies":[{"embeddable":true,"href":"https:\/\/www.miamedicalitalia.it\/es\/wp-json\/wp\/v2\/comments?post=13808"}],"version-history":[{"count":29,"href":"https:\/\/www.miamedicalitalia.it\/es\/wp-json\/wp\/v2\/posts\/13808\/revisions"}],"predecessor-version":[{"id":15240,"href":"https:\/\/www.miamedicalitalia.it\/es\/wp-json\/wp\/v2\/posts\/13808\/revisions\/15240"}],"wp:featuredmedia":[{"embeddable":true,"href":"https:\/\/www.miamedicalitalia.it\/es\/wp-json\/wp\/v2\/media\/13840"}],"wp:attachment":[{"href":"https:\/\/www.miamedicalitalia.it\/es\/wp-json\/wp\/v2\/media?parent=13808"}],"wp:term":[{"taxonomy":"category","embeddable":true,"href":"https:\/\/www.miamedicalitalia.it\/es\/wp-json\/wp\/v2\/categories?post=13808"},{"taxonomy":"post_tag","embeddable":true,"href":"https:\/\/www.miamedicalitalia.it\/es\/wp-json\/wp\/v2\/tags?post=13808"}],"curies":[{"name":"wp","href":"https:\/\/api.w.org\/{rel}","templated":true}]}}