{"id":11208,"date":"2023-06-18T15:55:47","date_gmt":"2023-06-18T13:55:47","guid":{"rendered":"https:\/\/www.miamedicalitalia.it\/?p=11208"},"modified":"2024-11-03T12:02:01","modified_gmt":"2024-11-03T10:02:01","slug":"mal-di-testa-da-cervicale-come-risolvere-con-la-magnetoterapia","status":"publish","type":"post","link":"https:\/\/www.miamedicalitalia.it\/es\/mal-di-testa-da-cervicale-come-risolvere-con-la-magnetoterapia\/","title":{"rendered":"Cefaleas cervicales: c\u00f3mo solucionarlas con magnetoterapia."},"content":{"rendered":"<p>En&nbsp;<strong>Cefalea cervical<\/strong>&nbsp;es un&nbsp;<strong>perturbaci\u00f3n&nbsp;<\/strong>muy<strong>&nbsp;popular<\/strong>&nbsp;que parece afectar m\u00e1s a las mujeres de entre 20 y 60 a\u00f1os. Es&nbsp;<strong>principalmente por las tensiones&nbsp;<\/strong>que se acumulan a la altura de los hombros y el cuello y tambi\u00e9n limitan la rotaci\u00f3n y el movimiento de la cabeza. El sitio&nbsp;<strong>cervical<\/strong>siendo el&nbsp;<strong>parte m\u00e1s delicada de la columna vertebral,<\/strong>&nbsp;suele sufrir dolores agudos y constantes que pueden durar varios d\u00edas.<\/p>\n\n\n\n<p>La&nbsp;<strong>cervicalgia<\/strong>&nbsp;Puede comenzar en las v\u00e9rtebras cervicales y extenderse posteriormente a la cabeza, las extremidades o la espalda, dificultando el movimiento. El sitio&nbsp;<strong>dolor<\/strong>&nbsp;<strong>pueden variar en intensidad<\/strong>y puede ir acompa\u00f1ada, por ejemplo, de sensaci\u00f3n de n\u00e1useas, mareos y v\u00e9rtigo.<\/p>\n\n\n\n<h2 class=\"wp-block-heading\" id=\"h-possibili-cause-del-mal-di-testa-da-cervicale\">Posibles causas de la cefalea cervical<\/h2>\n\n\n\n<p>Le&nbsp;<strong>causa<\/strong>&nbsp;que puede&nbsp;<strong>desata<\/strong>&nbsp;el&nbsp;<strong>cefalea cervical<\/strong>&nbsp;que provocan la aparici\u00f3n de los s\u00edntomas son&nbsp;<strong>m\u00faltiple:<\/strong><\/p>\n\n\n\n<ul class=\"wp-block-list\">\n<li>Mala postura<\/li>\n<\/ul>\n\n\n\n<p>La&nbsp;<strong>posici\u00f3n<\/strong>&nbsp;que&nbsp;<strong>asumimos<\/strong>&nbsp;durante nuestra vida cotidiana, en las simples acciones que realizamos cada d\u00eda, desde caminar hasta sentarnos a la mesa, puede ser uno de los factores que conduzcan a la&nbsp;<strong>dolor de cuello<\/strong>. De hecho, las personas que trabajan muchas horas delante del ordenador, en el coche o con la parte superior del cuerpo doblada pueden verse m\u00e1s afectadas por este tipo de dolor. A&nbsp;<strong>posici\u00f3n incorrecta<\/strong>&nbsp;tambi\u00e9n puede deberse a factores externos, como las estructuras sobre las que nos sentamos o descansamos.<\/p>\n\n\n\n<ul class=\"wp-block-list\">\n<li>Poca actividad f\u00edsica y sedentarismo<\/li>\n<\/ul>\n\n\n\n<p><strong>Qui\u00e9n<\/strong>&nbsp;<strong>conduce<\/strong>&nbsp;a&nbsp;<strong>vida sedentaria<\/strong>es m\u00e1s probable que corra el riesgo de tomar una&nbsp;<strong>postura incorrecta<\/strong>&nbsp;que, al afectar a las v\u00e9rtebras cervicales, provoca dolor. En cambio, quienes practican actividad f\u00edsica de forma constante no s\u00f3lo mantienen su cuerpo en un estado de bienestar, sino que adem\u00e1s tienen una musculatura m\u00e1s tonificada y fuerte que les permite sostener adecuadamente la columna vertebral, evitando as\u00ed las molestias cervicales.<\/p>\n\n\n\n<ul class=\"wp-block-list\">\n<li>Olas de fr\u00edo<\/li>\n<\/ul>\n\n\n\n<p>Cuando&nbsp;<strong>advierte<\/strong>&nbsp;<strong>fr\u00edo<\/strong>&nbsp;<strong>los m\u00fasculos tienden a contraerse<\/strong>, consumiendo energ\u00eda, con el fin de producir m\u00e1s calor para mantener una temperatura corporal de 37 grados. Sin embargo, el estado de contractura puede ser ya elevado debido a problemas ajenos a la temperatura del ambiente.<\/p>\n\n\n\n<ul class=\"wp-block-list\">\n<li>Posturas incorrectas durante el sue\u00f1o<\/li>\n<\/ul>\n\n\n\n<p><strong>Mantener<\/strong>&nbsp;a&nbsp;<strong>buena postura<\/strong>&nbsp;no es s\u00f3lo&nbsp;<strong>esencial<\/strong>&nbsp;durante el d\u00eda pero&nbsp;<strong>incluso cuando dormimos<\/strong>. Adoptar posturas incorrectas durante la noche altera la calidad del sue\u00f1o. De hecho, hay muchas personas que, por adoptar posturas equivocadas, duermen y descansan mal, lo que afecta a su estado de salud. Es aconsejable \"mimar el cuello\" colocando la almohada en la posici\u00f3n y altura en la que el cuello est\u00e9 menos dolorido y contra\u00eddo. La posici\u00f3n m\u00e1s recomendada para quienes padecen dolor de cuello es dec\u00fabito supino, con una almohada baja que acompa\u00f1e la curvatura natural del cuello y los hombros, con los brazos estirados a los lados y un apoyo adecuado de las rodillas para no sobrecargar la columna.<\/p>\n\n\n\n<ul class=\"wp-block-list\">\n<li>Estr\u00e9s y tensiones emocionales<\/li>\n<\/ul>\n\n\n\n<p>Las cefaleas cervicales tambi\u00e9n pueden estar causadas por una&nbsp;<strong>acumulaci\u00f3n de tensi\u00f3n<\/strong>&nbsp;a la altura del cuello&nbsp;<strong>generados por el estr\u00e9s y los estados de ansiedad<\/strong>. Este trastorno es una enfermedad psicosom\u00e1tica, ligada a la emotividad de la persona que inconscientemente descarga todo sobre su estado f\u00edsico.<\/p>\n\n\n\n<ul class=\"wp-block-list\">\n<li>Tensiones temporo-mandibulares<\/li>\n<\/ul>\n\n\n\n<p>Otra posible causa puede ser la&nbsp;<strong>maloclusi\u00f3n<\/strong>&nbsp;o el&nbsp;<strong>cierre<\/strong>&nbsp;<strong>incorrecto<\/strong>&nbsp;de&nbsp;<strong>arcadas dentales<\/strong>&nbsp;que provoca tensi\u00f3n en la estructura de la mand\u00edbula y, en consecuencia, la aparici\u00f3n de s\u00edntomas dolorosos que se irradian al cuello y la cabeza.<\/p>\n\n\n\n<ul class=\"wp-block-list\">\n<li>Trauma<\/li>\n<\/ul>\n\n\n\n<p>Despu\u00e9s de haber&nbsp;<strong>inmediatamente<\/strong>&nbsp;a&nbsp;<strong>traumatismo cervical<\/strong>&nbsp;es muy probable que sufra dolores de cabeza. Este trastorno puede continuar incluso varios meses o a\u00f1os despu\u00e9s del accidente. Las v\u00e9rtebras pierden parte de su estabilidad tras un accidente, por lo que se produce un aumento de la tensi\u00f3n en la musculatura, lo que provoca un aumento de la tensi\u00f3n y una contractura cr\u00f3nica dolorosa resultante, que da lugar a dolores de cabeza.<\/p>\n\n\n\n<h2 class=\"wp-block-heading\" id=\"h-rimedi-per-il-mal-di-testa-da-cervicale\">Remedios para el dolor de cabeza cervical<\/h2>\n\n\n\n<p>La&nbsp;<strong>dolor de cabeza<\/strong>como quiera que se presente, no es<strong>&nbsp;nunca hay que subestimar<\/strong>&nbsp;y siempre debe tratarse r\u00e1pidamente desde los primeros s\u00edntomas. Siempre hay que<strong>diagn\u00f3stico preciso<\/strong>&nbsp;para entender las causas y c\u00f3mo tratar el trastorno. Un diagn\u00f3stico correcto no s\u00f3lo puede evitar la reaparici\u00f3n del dolor, que tambi\u00e9n puede dar lugar a complicaciones graves, sino que tambi\u00e9n es crucial para identificar la terapia m\u00e1s adecuada. Para<strong>&nbsp;aliviar el dolor<\/strong>&nbsp;en&nbsp;<strong>cervical<\/strong>&nbsp;puede adoptar&nbsp;<strong>diferentes soluciones<\/strong>Dependiendo de la intensidad del dolor de cabeza, se puede actuar de distintas maneras:<\/p>\n\n\n\n<ul class=\"wp-block-list\">\n<li>Rehabilitaci\u00f3n postural<\/li>\n<\/ul>\n\n\n\n<p>Pasar mucho tiempo sentado por estudios o trabajo o seguir un estilo de vida sedentario puede provocar posturas incorrectas, por lo que es \u00fatil realizar algunos ejercicios para<strong>&nbsp;reeducaci\u00f3n postural para aliviar el dolor y prevenirlo<\/strong>.<\/p>\n\n\n\n<ul class=\"wp-block-list\">\n<li>Ejercicio<\/li>\n<\/ul>\n\n\n\n<p><strong>Visite<\/strong>&nbsp;<strong>ejercicio<\/strong>mantenerse activo y, en consecuencia,&nbsp;<strong>relajar los m\u00fasculos<\/strong>&nbsp;es sin duda una de las soluciones&nbsp;<strong>tratamiento<\/strong>&nbsp;de&nbsp;<strong>dolor de cuello<\/strong>. Al actuar sobre los m\u00fasculos, se pueden realizar actividades de estiramiento y fortalecimiento que, al aumentar la amplitud de movimiento de las v\u00e9rtebras y los m\u00fasculos del tracto cervical, pueden curar la cervicalgia y los dolores de cabeza asociados.<\/p>\n\n\n\n<ul class=\"wp-block-list\">\n<li>Alimentaci\u00f3n<\/li>\n<\/ul>\n\n\n\n<p>Para prevenir la aparici\u00f3n de trastornos relacionados con el cuello, como las cefaleas, es de&nbsp;<strong>esencial<\/strong>&nbsp;<strong>importancia<\/strong>&nbsp;tener un&nbsp;<strong>nutrici\u00f3n adecuada<\/strong>. Hay que comer a intervalos regulares y seguir una dieta equilibrada con la cantidad adecuada de fruta, verdura y agua.<\/p>\n\n\n\n<ul class=\"wp-block-list\">\n<li>Drogas<\/li>\n<\/ul>\n\n\n\n<p>Si el dolor no puede aliviarse con m\u00e9todos naturales, puede reducirse&nbsp;<strong>tomando<\/strong>&nbsp;de&nbsp;<strong>drogas naturales o no<\/strong>necesariamente por prescripci\u00f3n facultativa.<\/p>\n\n\n\n<ul class=\"wp-block-list\">\n<li>Masajes<\/li>\n<\/ul>\n\n\n\n<p>Si el&nbsp;<strong>cefalea cervical<\/strong>&nbsp;los resultados agudos pueden ser eficaces&nbsp;<strong>masajes musculares en el cuello<\/strong>&nbsp;realizada estrictamente por un especialista. De hecho, la terapia manual es capaz de liberar tensiones, actuando directamente sobre el dolor para descontracturar los m\u00fasculos donde se siente la molestia.<\/p>\n\n\n\n<ul class=\"wp-block-list\">\n<li><a href=\"https:\/\/www.miamedicalitalia.it\/es\/producto\/magnetoterapia-cemp-mag-2000\/\">Magnetoterapia<\/a><\/li>\n<\/ul>\n\n\n\n<p>A&nbsp;<strong>recurso v\u00e1lido<\/strong>&nbsp;para la&nbsp;<strong>dolor<\/strong>&nbsp;intenso en&nbsp;<strong>cervical<\/strong>&nbsp;es definitivamente el&nbsp;<strong><a href=\"https:\/\/www.miamedicalitalia.it\/es\/producto\/magnetoterapia-cemp-mag-2000\/\">magnetoterapia<\/a><\/strong>. Este tipo de soluci\u00f3n puede restablecer la capacidad de movimiento de la persona y reducir el dolor en poco tiempo. Al estimular la circulaci\u00f3n vascular y actuar sobre la repolarizaci\u00f3n de las c\u00e9lulas musculares que intervienen en la contracci\u00f3n, tiene un efecto antiinflamatorio y analg\u00e9sico en la zona afectada.<\/p>","protected":false},"excerpt":{"rendered":"<p>Il&nbsp;Mal di Testa da Cervicale&nbsp;\u00e8 un&nbsp;disturbo&nbsp;molto&nbsp;diffuso&nbsp;che sembra colpire maggiormente le donne tra [&hellip;]<\/p>\n","protected":false},"author":3,"featured_media":11211,"comment_status":"closed","ping_status":"closed","sticky":false,"template":"","format":"gallery","meta":{"_acf_changed":false,"footnotes":""},"categories":[183,176],"tags":[192,221],"class_list":["post-11208","post","type-post","status-publish","format-gallery","has-post-thumbnail","hentry","category-articoli-anziani","category-news","tag-magnetoterapia","tag-mal-di-testa","post_format-post-format-gallery"],"acf":[],"yoast_head":"<!-- This site is optimized with the Yoast SEO Premium plugin v27.5 (Yoast SEO v27.5) - https:\/\/yoast.com\/product\/yoast-seo-premium-wordpress\/ -->\n<title>Mal di testa da cervicale : Come risolvere con la Magnetoterapia. - Mia Medical<\/title>\n<meta name=\"description\" content=\"Mal di testa da cervicale. In questo articolo esploriamo le possibili cause, e illustriamo i rimedi che si possono adottare per risolvere.\" \/>\n<meta name=\"robots\" content=\"index, follow, max-snippet:-1, max-image-preview:large, max-video-preview:-1\" \/>\n<link rel=\"canonical\" href=\"https:\/\/www.miamedicalitalia.it\/es\/mal-di-testa-da-cervicale-come-risolvere-con-la-magnetoterapia\/\" \/>\n<meta property=\"og:locale\" content=\"es_ES\" \/>\n<meta property=\"og:type\" content=\"article\" \/>\n<meta property=\"og:title\" content=\"Mal di testa da cervicale : Come risolvere con la Magnetoterapia. - Mia Medical\" \/>\n<meta property=\"og:description\" content=\"Mal di testa da cervicale. In questo articolo esploriamo le possibili cause, e illustriamo i rimedi che si possono adottare per risolvere.\" \/>\n<meta property=\"og:url\" content=\"https:\/\/www.miamedicalitalia.it\/es\/mal-di-testa-da-cervicale-come-risolvere-con-la-magnetoterapia\/\" \/>\n<meta property=\"og:site_name\" content=\"Mia Medical\" \/>\n<meta property=\"article:publisher\" content=\"https:\/\/www.facebook.com\/miamedicalitalia\" \/>\n<meta property=\"article:published_time\" content=\"2023-06-18T13:55:47+00:00\" \/>\n<meta property=\"article:modified_time\" content=\"2024-11-03T10:02:01+00:00\" \/>\n<meta property=\"og:image\" content=\"https:\/\/www.miamedicalitalia.it\/wp-content\/uploads\/2023\/06\/blog_cervicalgia-1-1.jpeg\" \/>\n\t<meta property=\"og:image:width\" content=\"1200\" \/>\n\t<meta property=\"og:image:height\" content=\"600\" \/>\n\t<meta property=\"og:image:type\" content=\"image\/jpeg\" \/>\n<meta name=\"author\" content=\"Ingrid Stefanazzi\" \/>\n<meta name=\"twitter:card\" content=\"summary_large_image\" \/>\n<meta name=\"twitter:label1\" content=\"Escrito por\" \/>\n\t<meta name=\"twitter:data1\" content=\"Ingrid Stefanazzi\" \/>\n\t<meta name=\"twitter:label2\" content=\"Tiempo de lectura\" \/>\n\t<meta name=\"twitter:data2\" content=\"5 minutos\" \/>\n<script type=\"application\/ld+json\" class=\"yoast-schema-graph\">{\"@context\":\"https:\\\/\\\/schema.org\",\"@graph\":[{\"@type\":\"Article\",\"@id\":\"https:\\\/\\\/www.miamedicalitalia.it\\\/mal-di-testa-da-cervicale-come-risolvere-con-la-magnetoterapia\\\/#article\",\"isPartOf\":{\"@id\":\"https:\\\/\\\/www.miamedicalitalia.it\\\/mal-di-testa-da-cervicale-come-risolvere-con-la-magnetoterapia\\\/\"},\"author\":{\"name\":\"Ingrid Stefanazzi\",\"@id\":\"https:\\\/\\\/www.miamedicalitalia.it\\\/#\\\/schema\\\/person\\\/24e10484bdd8eed1e8631309ffcf4ccf\"},\"headline\":\"Mal di testa da cervicale : Come risolvere con la Magnetoterapia.\",\"datePublished\":\"2023-06-18T13:55:47+00:00\",\"dateModified\":\"2024-11-03T10:02:01+00:00\",\"mainEntityOfPage\":{\"@id\":\"https:\\\/\\\/www.miamedicalitalia.it\\\/mal-di-testa-da-cervicale-come-risolvere-con-la-magnetoterapia\\\/\"},\"wordCount\":1102,\"publisher\":{\"@id\":\"https:\\\/\\\/www.miamedicalitalia.it\\\/#organization\"},\"image\":{\"@id\":\"https:\\\/\\\/www.miamedicalitalia.it\\\/mal-di-testa-da-cervicale-come-risolvere-con-la-magnetoterapia\\\/#primaryimage\"},\"thumbnailUrl\":\"https:\\\/\\\/www.miamedicalitalia.it\\\/wp-content\\\/uploads\\\/2023\\\/06\\\/blog_cervicalgia-1-1.jpeg\",\"keywords\":[\"Magnetoterapia\",\"mal di testa\"],\"articleSection\":[\"Anziani\",\"News\"],\"inLanguage\":\"es\"},{\"@type\":\"WebPage\",\"@id\":\"https:\\\/\\\/www.miamedicalitalia.it\\\/mal-di-testa-da-cervicale-come-risolvere-con-la-magnetoterapia\\\/\",\"url\":\"https:\\\/\\\/www.miamedicalitalia.it\\\/mal-di-testa-da-cervicale-come-risolvere-con-la-magnetoterapia\\\/\",\"name\":\"Mal di testa da cervicale : Come risolvere con la Magnetoterapia. - Mia Medical\",\"isPartOf\":{\"@id\":\"https:\\\/\\\/www.miamedicalitalia.it\\\/#website\"},\"primaryImageOfPage\":{\"@id\":\"https:\\\/\\\/www.miamedicalitalia.it\\\/mal-di-testa-da-cervicale-come-risolvere-con-la-magnetoterapia\\\/#primaryimage\"},\"image\":{\"@id\":\"https:\\\/\\\/www.miamedicalitalia.it\\\/mal-di-testa-da-cervicale-come-risolvere-con-la-magnetoterapia\\\/#primaryimage\"},\"thumbnailUrl\":\"https:\\\/\\\/www.miamedicalitalia.it\\\/wp-content\\\/uploads\\\/2023\\\/06\\\/blog_cervicalgia-1-1.jpeg\",\"datePublished\":\"2023-06-18T13:55:47+00:00\",\"dateModified\":\"2024-11-03T10:02:01+00:00\",\"description\":\"Mal di testa da cervicale. In questo articolo esploriamo le possibili cause, e illustriamo i rimedi che si possono adottare per risolvere.\",\"breadcrumb\":{\"@id\":\"https:\\\/\\\/www.miamedicalitalia.it\\\/mal-di-testa-da-cervicale-come-risolvere-con-la-magnetoterapia\\\/#breadcrumb\"},\"inLanguage\":\"es\",\"potentialAction\":[{\"@type\":\"ReadAction\",\"target\":[\"https:\\\/\\\/www.miamedicalitalia.it\\\/mal-di-testa-da-cervicale-come-risolvere-con-la-magnetoterapia\\\/\"]}]},{\"@type\":\"ImageObject\",\"inLanguage\":\"es\",\"@id\":\"https:\\\/\\\/www.miamedicalitalia.it\\\/mal-di-testa-da-cervicale-come-risolvere-con-la-magnetoterapia\\\/#primaryimage\",\"url\":\"https:\\\/\\\/www.miamedicalitalia.it\\\/wp-content\\\/uploads\\\/2023\\\/06\\\/blog_cervicalgia-1-1.jpeg\",\"contentUrl\":\"https:\\\/\\\/www.miamedicalitalia.it\\\/wp-content\\\/uploads\\\/2023\\\/06\\\/blog_cervicalgia-1-1.jpeg\",\"width\":1200,\"height\":600},{\"@type\":\"BreadcrumbList\",\"@id\":\"https:\\\/\\\/www.miamedicalitalia.it\\\/mal-di-testa-da-cervicale-come-risolvere-con-la-magnetoterapia\\\/#breadcrumb\",\"itemListElement\":[{\"@type\":\"ListItem\",\"position\":1,\"name\":\"Home\",\"item\":\"https:\\\/\\\/www.miamedicalitalia.it\\\/\"},{\"@type\":\"ListItem\",\"position\":2,\"name\":\"Mal di testa da cervicale : Come risolvere con la Magnetoterapia.\"}]},{\"@type\":\"WebSite\",\"@id\":\"https:\\\/\\\/www.miamedicalitalia.it\\\/#website\",\"url\":\"https:\\\/\\\/www.miamedicalitalia.it\\\/\",\"name\":\"www.miamedicalitalia.it\",\"description\":\"Noleggio e Vendita Attrezzatura Sanitarie\",\"publisher\":{\"@id\":\"https:\\\/\\\/www.miamedicalitalia.it\\\/#organization\"},\"potentialAction\":[{\"@type\":\"SearchAction\",\"target\":{\"@type\":\"EntryPoint\",\"urlTemplate\":\"https:\\\/\\\/www.miamedicalitalia.it\\\/?s={search_term_string}\"},\"query-input\":{\"@type\":\"PropertyValueSpecification\",\"valueRequired\":true,\"valueName\":\"search_term_string\"}}],\"inLanguage\":\"es\"},{\"@type\":\"Organization\",\"@id\":\"https:\\\/\\\/www.miamedicalitalia.it\\\/#organization\",\"name\":\"OLG\",\"url\":\"https:\\\/\\\/www.miamedicalitalia.it\\\/\",\"logo\":{\"@type\":\"ImageObject\",\"inLanguage\":\"es\",\"@id\":\"https:\\\/\\\/www.miamedicalitalia.it\\\/#\\\/schema\\\/logo\\\/image\\\/\",\"url\":\"https:\\\/\\\/www.miamedicalitalia.it\\\/wp-content\\\/uploads\\\/2023\\\/04\\\/mia-medical-logo-free.png\",\"contentUrl\":\"https:\\\/\\\/www.miamedicalitalia.it\\\/wp-content\\\/uploads\\\/2023\\\/04\\\/mia-medical-logo-free.png\",\"width\":700,\"height\":700,\"caption\":\"OLG\"},\"image\":{\"@id\":\"https:\\\/\\\/www.miamedicalitalia.it\\\/#\\\/schema\\\/logo\\\/image\\\/\"},\"sameAs\":[\"https:\\\/\\\/www.facebook.com\\\/miamedicalitalia\"]},{\"@type\":\"Person\",\"@id\":\"https:\\\/\\\/www.miamedicalitalia.it\\\/#\\\/schema\\\/person\\\/24e10484bdd8eed1e8631309ffcf4ccf\",\"name\":\"Ingrid Stefanazzi\",\"image\":{\"@type\":\"ImageObject\",\"inLanguage\":\"es\",\"@id\":\"https:\\\/\\\/secure.gravatar.com\\\/avatar\\\/0fd1a6239ca4b01464ddc932dade86b13d0fe3923037ec0aa1d6ff53208bfba7?s=96&d=mm&r=g\",\"url\":\"https:\\\/\\\/secure.gravatar.com\\\/avatar\\\/0fd1a6239ca4b01464ddc932dade86b13d0fe3923037ec0aa1d6ff53208bfba7?s=96&d=mm&r=g\",\"contentUrl\":\"https:\\\/\\\/secure.gravatar.com\\\/avatar\\\/0fd1a6239ca4b01464ddc932dade86b13d0fe3923037ec0aa1d6ff53208bfba7?s=96&d=mm&r=g\",\"caption\":\"Ingrid Stefanazzi\"}}]}<\/script>\n<!-- \/ Yoast SEO Premium plugin. -->","yoast_head_json":{"title":"Cefaleas cervicales: C\u00f3mo solucionarlas con Magnetoterapia. - Mia Medical","description":"Dolores de cabeza cervicales. En este art\u00edculo, exploramos las posibles causas y esbozamos los remedios que se pueden tomar para solucionarlas.","robots":{"index":"index","follow":"follow","max-snippet":"max-snippet:-1","max-image-preview":"max-image-preview:large","max-video-preview":"max-video-preview:-1"},"canonical":"https:\/\/www.miamedicalitalia.it\/es\/mal-di-testa-da-cervicale-come-risolvere-con-la-magnetoterapia\/","og_locale":"es_ES","og_type":"article","og_title":"Mal di testa da cervicale : Come risolvere con la Magnetoterapia. - Mia Medical","og_description":"Mal di testa da cervicale. In questo articolo esploriamo le possibili cause, e illustriamo i rimedi che si possono adottare per risolvere.","og_url":"https:\/\/www.miamedicalitalia.it\/es\/mal-di-testa-da-cervicale-come-risolvere-con-la-magnetoterapia\/","og_site_name":"Mia Medical","article_publisher":"https:\/\/www.facebook.com\/miamedicalitalia","article_published_time":"2023-06-18T13:55:47+00:00","article_modified_time":"2024-11-03T10:02:01+00:00","og_image":[{"width":1200,"height":600,"url":"https:\/\/www.miamedicalitalia.it\/wp-content\/uploads\/2023\/06\/blog_cervicalgia-1-1.jpeg","type":"image\/jpeg"}],"author":"Ingrid Stefanazzi","twitter_card":"summary_large_image","twitter_misc":{"Escrito por":"Ingrid Stefanazzi","Tiempo de lectura":"5 minutos"},"schema":{"@context":"https:\/\/schema.org","@graph":[{"@type":"Article","@id":"https:\/\/www.miamedicalitalia.it\/mal-di-testa-da-cervicale-come-risolvere-con-la-magnetoterapia\/#article","isPartOf":{"@id":"https:\/\/www.miamedicalitalia.it\/mal-di-testa-da-cervicale-come-risolvere-con-la-magnetoterapia\/"},"author":{"name":"Ingrid Stefanazzi","@id":"https:\/\/www.miamedicalitalia.it\/#\/schema\/person\/24e10484bdd8eed1e8631309ffcf4ccf"},"headline":"Mal di testa da cervicale : Come risolvere con la Magnetoterapia.","datePublished":"2023-06-18T13:55:47+00:00","dateModified":"2024-11-03T10:02:01+00:00","mainEntityOfPage":{"@id":"https:\/\/www.miamedicalitalia.it\/mal-di-testa-da-cervicale-come-risolvere-con-la-magnetoterapia\/"},"wordCount":1102,"publisher":{"@id":"https:\/\/www.miamedicalitalia.it\/#organization"},"image":{"@id":"https:\/\/www.miamedicalitalia.it\/mal-di-testa-da-cervicale-come-risolvere-con-la-magnetoterapia\/#primaryimage"},"thumbnailUrl":"https:\/\/www.miamedicalitalia.it\/wp-content\/uploads\/2023\/06\/blog_cervicalgia-1-1.jpeg","keywords":["Magnetoterapia","mal di testa"],"articleSection":["Anziani","News"],"inLanguage":"es"},{"@type":"WebPage","@id":"https:\/\/www.miamedicalitalia.it\/mal-di-testa-da-cervicale-come-risolvere-con-la-magnetoterapia\/","url":"https:\/\/www.miamedicalitalia.it\/mal-di-testa-da-cervicale-come-risolvere-con-la-magnetoterapia\/","name":"Cefaleas cervicales: C\u00f3mo solucionarlas con Magnetoterapia. - Mia Medical","isPartOf":{"@id":"https:\/\/www.miamedicalitalia.it\/#website"},"primaryImageOfPage":{"@id":"https:\/\/www.miamedicalitalia.it\/mal-di-testa-da-cervicale-come-risolvere-con-la-magnetoterapia\/#primaryimage"},"image":{"@id":"https:\/\/www.miamedicalitalia.it\/mal-di-testa-da-cervicale-come-risolvere-con-la-magnetoterapia\/#primaryimage"},"thumbnailUrl":"https:\/\/www.miamedicalitalia.it\/wp-content\/uploads\/2023\/06\/blog_cervicalgia-1-1.jpeg","datePublished":"2023-06-18T13:55:47+00:00","dateModified":"2024-11-03T10:02:01+00:00","description":"Dolores de cabeza cervicales. En este art\u00edculo, exploramos las posibles causas y esbozamos los remedios que se pueden tomar para solucionarlas.","breadcrumb":{"@id":"https:\/\/www.miamedicalitalia.it\/mal-di-testa-da-cervicale-come-risolvere-con-la-magnetoterapia\/#breadcrumb"},"inLanguage":"es","potentialAction":[{"@type":"ReadAction","target":["https:\/\/www.miamedicalitalia.it\/mal-di-testa-da-cervicale-come-risolvere-con-la-magnetoterapia\/"]}]},{"@type":"ImageObject","inLanguage":"es","@id":"https:\/\/www.miamedicalitalia.it\/mal-di-testa-da-cervicale-come-risolvere-con-la-magnetoterapia\/#primaryimage","url":"https:\/\/www.miamedicalitalia.it\/wp-content\/uploads\/2023\/06\/blog_cervicalgia-1-1.jpeg","contentUrl":"https:\/\/www.miamedicalitalia.it\/wp-content\/uploads\/2023\/06\/blog_cervicalgia-1-1.jpeg","width":1200,"height":600},{"@type":"BreadcrumbList","@id":"https:\/\/www.miamedicalitalia.it\/mal-di-testa-da-cervicale-come-risolvere-con-la-magnetoterapia\/#breadcrumb","itemListElement":[{"@type":"ListItem","position":1,"name":"Home","item":"https:\/\/www.miamedicalitalia.it\/"},{"@type":"ListItem","position":2,"name":"Mal di testa da cervicale : Come risolvere con la Magnetoterapia."}]},{"@type":"WebSite","@id":"https:\/\/www.miamedicalitalia.it\/#website","url":"https:\/\/www.miamedicalitalia.it\/","name":"www.miamedicalitalia.it","description":"Alquiler y venta de material sanitario","publisher":{"@id":"https:\/\/www.miamedicalitalia.it\/#organization"},"potentialAction":[{"@type":"SearchAction","target":{"@type":"EntryPoint","urlTemplate":"https:\/\/www.miamedicalitalia.it\/?s={search_term_string}"},"query-input":{"@type":"PropertyValueSpecification","valueRequired":true,"valueName":"search_term_string"}}],"inLanguage":"es"},{"@type":"Organization","@id":"https:\/\/www.miamedicalitalia.it\/#organization","name":"OLG","url":"https:\/\/www.miamedicalitalia.it\/","logo":{"@type":"ImageObject","inLanguage":"es","@id":"https:\/\/www.miamedicalitalia.it\/#\/schema\/logo\/image\/","url":"https:\/\/www.miamedicalitalia.it\/wp-content\/uploads\/2023\/04\/mia-medical-logo-free.png","contentUrl":"https:\/\/www.miamedicalitalia.it\/wp-content\/uploads\/2023\/04\/mia-medical-logo-free.png","width":700,"height":700,"caption":"OLG"},"image":{"@id":"https:\/\/www.miamedicalitalia.it\/#\/schema\/logo\/image\/"},"sameAs":["https:\/\/www.facebook.com\/miamedicalitalia"]},{"@type":"Person","@id":"https:\/\/www.miamedicalitalia.it\/#\/schema\/person\/24e10484bdd8eed1e8631309ffcf4ccf","name":"Ingrid Stefanazzi","image":{"@type":"ImageObject","inLanguage":"es","@id":"https:\/\/secure.gravatar.com\/avatar\/0fd1a6239ca4b01464ddc932dade86b13d0fe3923037ec0aa1d6ff53208bfba7?s=96&d=mm&r=g","url":"https:\/\/secure.gravatar.com\/avatar\/0fd1a6239ca4b01464ddc932dade86b13d0fe3923037ec0aa1d6ff53208bfba7?s=96&d=mm&r=g","contentUrl":"https:\/\/secure.gravatar.com\/avatar\/0fd1a6239ca4b01464ddc932dade86b13d0fe3923037ec0aa1d6ff53208bfba7?s=96&d=mm&r=g","caption":"Ingrid Stefanazzi"}}]}},"_links":{"self":[{"href":"https:\/\/www.miamedicalitalia.it\/es\/wp-json\/wp\/v2\/posts\/11208","targetHints":{"allow":["GET"]}}],"collection":[{"href":"https:\/\/www.miamedicalitalia.it\/es\/wp-json\/wp\/v2\/posts"}],"about":[{"href":"https:\/\/www.miamedicalitalia.it\/es\/wp-json\/wp\/v2\/types\/post"}],"author":[{"embeddable":true,"href":"https:\/\/www.miamedicalitalia.it\/es\/wp-json\/wp\/v2\/users\/3"}],"replies":[{"embeddable":true,"href":"https:\/\/www.miamedicalitalia.it\/es\/wp-json\/wp\/v2\/comments?post=11208"}],"version-history":[{"count":1,"href":"https:\/\/www.miamedicalitalia.it\/es\/wp-json\/wp\/v2\/posts\/11208\/revisions"}],"predecessor-version":[{"id":13068,"href":"https:\/\/www.miamedicalitalia.it\/es\/wp-json\/wp\/v2\/posts\/11208\/revisions\/13068"}],"wp:featuredmedia":[{"embeddable":true,"href":"https:\/\/www.miamedicalitalia.it\/es\/wp-json\/wp\/v2\/media\/11211"}],"wp:attachment":[{"href":"https:\/\/www.miamedicalitalia.it\/es\/wp-json\/wp\/v2\/media?parent=11208"}],"wp:term":[{"taxonomy":"category","embeddable":true,"href":"https:\/\/www.miamedicalitalia.it\/es\/wp-json\/wp\/v2\/categories?post=11208"},{"taxonomy":"post_tag","embeddable":true,"href":"https:\/\/www.miamedicalitalia.it\/es\/wp-json\/wp\/v2\/tags?post=11208"}],"curies":[{"name":"wp","href":"https:\/\/api.w.org\/{rel}","templated":true}]}}