{"id":14338,"date":"2025-09-07T20:44:31","date_gmt":"2025-09-07T18:44:31","guid":{"rendered":"https:\/\/www.miamedicalitalia.it\/?p=14338"},"modified":"2025-09-07T20:44:32","modified_gmt":"2025-09-07T18:44:32","slug":"disability-pride-roma-2025-tutto-quello-che-ce-da-sapere","status":"publish","type":"post","link":"https:\/\/www.miamedicalitalia.it\/en\/disability-pride-roma-2025-tutto-quello-che-ce-da-sapere\/","title":{"rendered":"Disability Pride Rome 2025: everything you need to know\u00a0"},"content":{"rendered":"<h4 class=\"wp-block-heading\" id=\"h-il-20-settembre-la-capitale-celebra-inclusione-e-diritti\">On 20 September, the capital celebrates inclusion and rights <\/h4>\n\n\n\n<figure class=\"wp-block-image size-full\"><img loading=\"lazy\" decoding=\"async\" width=\"2344\" height=\"1584\" src=\"https:\/\/www.miamedicalitalia.it\/wp-content\/uploads\/2025\/08\/IMG_4504.jpeg\" alt=\"DISABILITY PRIDE ROMA\" class=\"wp-image-14346\" srcset=\"https:\/\/www.miamedicalitalia.it\/wp-content\/uploads\/2025\/08\/IMG_4504.jpeg 2344w, https:\/\/www.miamedicalitalia.it\/wp-content\/uploads\/2025\/08\/IMG_4504-1536x1038.jpeg 1536w, https:\/\/www.miamedicalitalia.it\/wp-content\/uploads\/2025\/08\/IMG_4504-2048x1384.jpeg 2048w, https:\/\/www.miamedicalitalia.it\/wp-content\/uploads\/2025\/08\/IMG_4504-18x12.jpeg 18w, https:\/\/www.miamedicalitalia.it\/wp-content\/uploads\/2025\/08\/IMG_4504-500x338.jpeg 500w, https:\/\/www.miamedicalitalia.it\/wp-content\/uploads\/2025\/08\/IMG_4504-700x473.jpeg 700w\" sizes=\"auto, (max-width: 2344px) 100vw, 2344px\" \/><figcaption class=\"wp-element-caption\"><a href=\"https:\/\/www.rollingstone.it\/cultura\/ad-essere-disabili-sono-i-luoghi-non-le-persone-torna-il-disability-pride-italia\/671326\/\">From Rolling Stones Italy<\/a>, Disability Pride Rome 2022<\/figcaption><\/figure>\n\n\n\n<p>The&nbsp;<strong>20 September 2025<\/strong>&nbsp;returns to Rome on&nbsp;<strong>Disability Pride<\/strong>the event that promotes the rights, respect education and inclusion of people with disabilities. An event that is not just a parade, but a real moment of community, sharing and participation open to all.<\/p>\n\n\n\n<h3 class=\"wp-block-heading\" id=\"h-che-cos-e-il-disability-pride-e-perche-e-importante-partecipare-come-atto-di-consapevolezza-collettiva-nbsp\"><strong>What is Disability Pride and why is it important: participating as an act of collective awareness&nbsp;<\/strong><\/h3>\n\n\n\n<p>The <strong><a href=\"https:\/\/www.disabilitypridesc.org\/home\">Disability Pride <\/a><\/strong>is an international movement born with the aim of:<\/p>\n\n\n\n<ul class=\"wp-block-list\">\n<li>enhancing the identity and pride of people with disabilities;<\/li>\n\n\n\n<li>raise awareness of rights and inclusion;<\/li>\n\n\n\n<li>breaking down cultural and social stereotypes and barriers;<\/li>\n<\/ul>\n\n\n\n<p>Participating in this day means&nbsp;<strong>standing up for a more inclusive society<\/strong>in which every person can live with equal dignity and opportunities.<\/p>\n\n\n\n<h4 class=\"wp-block-heading\" id=\"h-la-storia-del-disability-pride-e-il-suo-messaggio-universale-diversita-come-risorsa-e-valore-per-l-intera-societa-nbsp\"><strong>The history of Disability Pride and its universal message: diversity as a resource and value for the whole of society&nbsp;<\/strong><\/h4>\n\n\n\n<p>The&nbsp;<strong>Disability Pride<\/strong>&nbsp;was born in the United States in the early 1990s, following the example of the civil rights movements and LGBTQ+ Pride. The idea was clear:&nbsp;<strong>shifting the focus from disability seen as a limitation to disability as part of identity, to be lived with pride and dignity<\/strong>.<\/p>\n\n\n\n<p>In Italy, the first edition dates back to&nbsp;<strong>2015<\/strong>with a parade in Rome that inaugurated a route that is now increasingly participated in and recognised nationally and internationally. Today, Disability Pride Italy is part of a global network that organises events in cities such as New York, London, Berlin and Madrid.<\/p>\n\n\n\n<h3 class=\"wp-block-heading\" id=\"h-disability-pride-roma-2025-come-partecipare\"><strong>Disability Pride Rome 2025: how to participate<\/strong><\/h3>\n\n\n\n<p><strong>Date:<\/strong>&nbsp;Saturday 20 September 2025<\/p>\n\n\n\n<p><strong>Location:<\/strong>&nbsp;Rome (the official parade route will be published shortly on the website&nbsp;<a href=\"https:\/\/www.disabilityprideitalia.org\/\">Disability Pride Italy<\/a>&nbsp;and on the event's social channels).<\/p>\n\n\n\n<figure class=\"wp-block-image size-full is-resized\"><img loading=\"lazy\" decoding=\"async\" width=\"674\" height=\"449\" src=\"https:\/\/www.miamedicalitalia.it\/wp-content\/uploads\/2025\/08\/IMG_4505-1.jpeg\" alt=\"\" class=\"wp-image-14354\" style=\"width:840px;height:auto\" srcset=\"https:\/\/www.miamedicalitalia.it\/wp-content\/uploads\/2025\/08\/IMG_4505-1.jpeg 674w, https:\/\/www.miamedicalitalia.it\/wp-content\/uploads\/2025\/08\/IMG_4505-1-18x12.jpeg 18w, https:\/\/www.miamedicalitalia.it\/wp-content\/uploads\/2025\/08\/IMG_4505-1-500x333.jpeg 500w\" sizes=\"auto, (max-width: 674px) 100vw, 674px\" \/><figcaption class=\"wp-element-caption\">DISABILITY PRIDE ROME<\/figcaption><\/figure>\n\n\n\n<p>The event includes the&nbsp;<strong><a href=\"https:\/\/www.superabile.it\/portale\/it\/storie-eventi-e-notizie\/news-disabilita\/dettaglio-notizia.2025.06.disability-pride-2025-roma-settembre.html\">Disability Parade<\/a><\/strong>,&nbsp;<strong>colourful and festive procession<\/strong>&nbsp;between the streets of&nbsp;<strong>historic centre of Rome<\/strong>&nbsp;(from Piazza Santi Apostoli to Piazza di Spagna or Piazza del Popolo), with music, speeches, testimonies and moments of reflection. The&nbsp;<strong>Disability Village<\/strong>&nbsp;in one of the historical squares (Piazza di Spagna or Piazza del Popolo), where you will have the opportunity to participate in numerous activities.<\/p>\n\n\n\n<p><strong>The invitation is open to all:<\/strong> people with disabilities, caregivers, families, associations, professionals and citizens who want to come together to support a more just and inclusive society.<\/p>\n\n\n\n<h3 class=\"wp-block-heading\" id=\"h-come-arrivare-con-la-metropolitana-e-mezzi-pubblici-informazioni-utili\"><strong>How to get there by metro and public transport: Useful information<\/strong><\/h3>\n\n\n\n<p>Unfortunately, the stations closest to the starting point (<strong>Spain, Barberini, Republic<\/strong>)&nbsp;<strong>are not accessible by lift or working stair lift<\/strong>.<\/p>\n\n\n\n<p>For wheelchair users, the metro is therefore not a practical solution. <strong>Recommended alternative<\/strong>: <strong><a href=\"https:\/\/www.atac.roma.it\/utility\/servizi-accessibili\">use buses with manual or electric footboards.<\/a><\/strong><\/p>\n\n\n\n<p>- The lines that stop in&nbsp;<strong>Piazza Venezia<\/strong>&nbsp;(200 metres from Piazza Santi Apostoli) are:&nbsp;<strong>40, 60, 64, 70, 80, 83, 85, 87, 118, 170, H<\/strong>all equipped with accessible means.<\/p>\n\n\n\n<p>In <strong>cars<\/strong> for those with the <strong>parking and movement card for people with disabilities<\/strong>, it is possible:<\/p>\n\n\n\n<ul class=\"wp-block-list\">\n<li>Accessing the <strong>ZTL<\/strong> of the historic centre without restrictions<\/li>\n\n\n\n<li> Park in the reserved parking spaces along the streets adjacent to Piazza Venezia and Piazza Santi Apostoli.<\/li>\n<\/ul>\n\n\n\n<p><strong>Practical advice<\/strong>\u00a0: The easiest and most convenient way to get to the\u00a0<strong>Disability Pride Rome<\/strong>\u00a0for those with reduced mobility is\u00a0<strong>reach Piazza Venezia by car or accessible bus<\/strong>and from there move a few metres towards<a href=\"https:\/\/maps.apple.com\/?address=Piazza%20Santi%20Apostoli,%2000187%20Roma,%20Italia&amp;auid=14749013147826958395&amp;ll=41.897668,12.483063&amp;lsp=9902&amp;q=Piazza%20Santi%20Apostoli&amp;t=r\">\u00a0<strong>Piazza Santi Apostoli<\/strong><\/a>starting point of the procession.<\/p>\n\n\n\n<h3 class=\"wp-block-heading\" id=\"h-il-ruolo-di-mia-medical-italia-al-fianco-delle-persone-con-disabilita-ogni-giorno\"><strong><a href=\"https:\/\/www.miamedicalitalia.it\/en\/chi-siamo\/\">The role of Mia Medical Italia: alongside people with disabilities every day<\/a><\/strong><\/h3>\n\n\n\n<p>For <strong>Mia Medical Italy <\/strong>the <strong>Disability Pride<\/strong> is not just an annual appointment, but a reminder of our daily commitment:\u00a0<strong>Providing autonomy, serenity and well-being<\/strong>\u00a0to those who need it most. For years we have been working on the ground to offer mobility solutions that concretely improve the lives of people with disabilities.<\/p>\n\n\n\n<p><a href=\"https:\/\/www.miamedicalitalia.it\/en\/chi-siamo\/\">Find out who we are<\/a><\/p>\n\n\n\n<p>Participate in and support events such as the <strong>Disability Pride Rome<\/strong> means to reaffirm that\u00a0<strong>inclusion and rights are our mission<\/strong>\u00a0as much as the attention to detail in our services. <a href=\"https:\/\/www.miamedicalitalia.it\/en\/categoria\/affitto-e-noleggio-ausili\/\">Find out more about our sales and rental services for mobility aids and electro-medical equipment.\u00a0<\/a><\/p>\n\n\n\n<figure class=\"wp-block-gallery has-nested-images columns-default is-cropped wp-block-gallery-1 is-layout-flex wp-block-gallery-is-layout-flex\">\n<figure class=\"wp-block-image size-large\"><img loading=\"lazy\" decoding=\"async\" width=\"691\" height=\"733\" data-id=\"14351\" src=\"https:\/\/www.miamedicalitalia.it\/wp-content\/uploads\/2025\/08\/IMG_4352.jpeg\" alt=\"\" class=\"wp-image-14351\" srcset=\"https:\/\/www.miamedicalitalia.it\/wp-content\/uploads\/2025\/08\/IMG_4352.jpeg 691w, https:\/\/www.miamedicalitalia.it\/wp-content\/uploads\/2025\/08\/IMG_4352-11x12.jpeg 11w, https:\/\/www.miamedicalitalia.it\/wp-content\/uploads\/2025\/08\/IMG_4352-500x530.jpeg 500w\" sizes=\"auto, (max-width: 691px) 100vw, 691px\" \/><figcaption class=\"wp-element-caption\">I <a href=\"https:\/\/www.miamedicalitalia.it\/en\/categoria\/affitto-e-noleggio-ausili\/noleggio-e-affitto-carrozzina-elettrica-e-scooter\/\">our electric scooters <\/a><\/figcaption><\/figure>\n\n\n\n<figure class=\"wp-block-image size-large\"><img loading=\"lazy\" decoding=\"async\" width=\"1080\" height=\"1080\" data-id=\"14352\" src=\"https:\/\/www.miamedicalitalia.it\/wp-content\/uploads\/2025\/08\/IMG_4355.jpeg\" alt=\"\" class=\"wp-image-14352\" srcset=\"https:\/\/www.miamedicalitalia.it\/wp-content\/uploads\/2025\/08\/IMG_4355.jpeg 1080w, https:\/\/www.miamedicalitalia.it\/wp-content\/uploads\/2025\/08\/IMG_4355-150x150.jpeg 150w, https:\/\/www.miamedicalitalia.it\/wp-content\/uploads\/2025\/08\/IMG_4355-12x12.jpeg 12w, https:\/\/www.miamedicalitalia.it\/wp-content\/uploads\/2025\/08\/IMG_4355-500x500.jpeg 500w, https:\/\/www.miamedicalitalia.it\/wp-content\/uploads\/2025\/08\/IMG_4355-700x700.jpeg 700w, https:\/\/www.miamedicalitalia.it\/wp-content\/uploads\/2025\/08\/IMG_4355-100x100.jpeg 100w\" sizes=\"auto, (max-width: 1080px) 100vw, 1080px\" \/><figcaption class=\"wp-element-caption\">Le <a href=\"https:\/\/www.miamedicalitalia.it\/en\/categoria\/affitto-e-noleggio-ausili\/noleggio-e-affitto-carrozzina-elettrica-e-scooter\/\">our ultra-light folding electric wheelchairs<\/a><\/figcaption><\/figure>\n\n\n\n<figure class=\"wp-block-image size-large\"><img loading=\"lazy\" decoding=\"async\" width=\"1000\" height=\"1000\" data-id=\"14350\" src=\"https:\/\/www.miamedicalitalia.it\/wp-content\/uploads\/2025\/08\/IMG_2158.jpeg\" alt=\"\" class=\"wp-image-14350\" srcset=\"https:\/\/www.miamedicalitalia.it\/wp-content\/uploads\/2025\/08\/IMG_2158.jpeg 1000w, https:\/\/www.miamedicalitalia.it\/wp-content\/uploads\/2025\/08\/IMG_2158-150x150.jpeg 150w, https:\/\/www.miamedicalitalia.it\/wp-content\/uploads\/2025\/08\/IMG_2158-12x12.jpeg 12w, https:\/\/www.miamedicalitalia.it\/wp-content\/uploads\/2025\/08\/IMG_2158-500x500.jpeg 500w, https:\/\/www.miamedicalitalia.it\/wp-content\/uploads\/2025\/08\/IMG_2158-700x700.jpeg 700w, https:\/\/www.miamedicalitalia.it\/wp-content\/uploads\/2025\/08\/IMG_2158-100x100.jpeg 100w\" sizes=\"auto, (max-width: 1000px) 100vw, 1000px\" \/><figcaption class=\"wp-element-caption\"><a href=\"https:\/\/www.miamedicalitalia.it\/en\/categoria\/affitto-e-noleggio-ausili\/affitto-e-noleggio-carrozzina\/\">All our wheelchair models <\/a><\/figcaption><\/figure>\n<\/figure>\n\n\n\n<p><strong>Join Disability Pride Roma 2025<\/strong>Participate, share, make your voice heard. <strong><a href=\"https:\/\/wa.me\/393926509237\">Contact us<\/a><\/strong> now to rent an electric mobility scooter, a wheelchair and much more to take part in this unmissable event! <strong>Call +39 392 65 09 237<\/strong>.<\/p>\n\n\n\n<h3 class=\"wp-block-heading\" id=\"h-prossimo-appuntamento-disability-pride-firenze-2025\"><strong><a href=\"https:\/\/www.dptoscana.it\/\">Next event: Disability Pride Florence 2025<\/a><\/strong><\/h3>\n\n\n\n<p>After Rome, on 27 September it will be the turn of Florence, which will host its&nbsp;<strong>first edition of Disability Pride<\/strong>.<\/p>\n\n\n\n<p>This is news that we are proud to learn, and which we will be covering shortly on our blog, also because Mia Medical is based in Florence and will not miss this new stage!&nbsp;<\/p>\n\n\n\n<p>Subscribe to our <strong><a href=\"https:\/\/www.miamedicalitalia.it\/en\/contatti\/\">Newsletter<\/a><\/strong> not to miss any news on the <strong>accessible tourism in Rome and Florence, unmissable offers on mobility aids and electro-medical equipment, tips and much more!\u00a0<\/strong><\/p>","protected":false},"excerpt":{"rendered":"<p>Il 20 Settembre la Capitale celebra inclusione e diritti Il&nbsp;20 settembre 2025&nbsp;torna [&hellip;]<\/p>\n","protected":false},"author":809,"featured_media":14356,"comment_status":"open","ping_status":"open","sticky":false,"template":"","format":"standard","meta":{"_acf_changed":false,"footnotes":""},"categories":[183,186,176],"tags":[318,437,188,190,308,432,434,433,435,439,436,193,184],"class_list":["post-14338","post","type-post","status-publish","format-standard","has-post-thumbnail","hentry","category-articoli-anziani","category-articoli-disabili","category-news","tag-318","tag-accessibilita-mezzi-roma","tag-ausili-medicali","tag-benefici","tag-disabilita","tag-disability-pride","tag-disability-pride-parade-roma","tag-disability-pride-roma","tag-disability-village-roma","tag-inclusivita","tag-manifestazione-disabilita-roma","tag-noleggio","tag-turismo"],"acf":[],"yoast_head":"<!-- This site is optimized with the Yoast SEO Premium plugin v27.5 (Yoast SEO v27.5) - https:\/\/yoast.com\/product\/yoast-seo-premium-wordpress\/ -->\n<title>Disability Pride Roma 2025: tutto quello che c\u2019\u00e8 da sapere\u00a0 - Mia Medical<\/title>\n<meta name=\"description\" content=\"Il 20 settembre 2025 Roma torna ad ospitare il Disability Pride. Scopri tutto quello che c\u2019\u00e8 da sapere per partecipare alla manifestazione!\" \/>\n<meta name=\"robots\" content=\"index, follow, max-snippet:-1, max-image-preview:large, max-video-preview:-1\" \/>\n<link rel=\"canonical\" href=\"https:\/\/www.miamedicalitalia.it\/en\/disability-pride-roma-2025-tutto-quello-che-ce-da-sapere\/\" \/>\n<meta property=\"og:locale\" content=\"en_GB\" \/>\n<meta property=\"og:type\" content=\"article\" \/>\n<meta property=\"og:title\" content=\"Disability Pride Roma 2025: tutto quello che c\u2019\u00e8 da sapere\u00a0 - Mia Medical\" \/>\n<meta property=\"og:description\" content=\"Il 20 settembre 2025 Roma torna ad ospitare il Disability Pride. Scopri tutto quello che c\u2019\u00e8 da sapere per partecipare alla manifestazione!\" \/>\n<meta property=\"og:url\" content=\"https:\/\/www.miamedicalitalia.it\/en\/disability-pride-roma-2025-tutto-quello-che-ce-da-sapere\/\" \/>\n<meta property=\"og:site_name\" content=\"Mia Medical\" \/>\n<meta property=\"article:publisher\" content=\"https:\/\/www.facebook.com\/miamedicalitalia\" \/>\n<meta property=\"article:published_time\" content=\"2025-09-07T18:44:31+00:00\" \/>\n<meta property=\"article:modified_time\" content=\"2025-09-07T18:44:32+00:00\" \/>\n<meta property=\"og:image\" content=\"https:\/\/www.miamedicalitalia.it\/wp-content\/uploads\/2025\/08\/D3Rk4hVXHS7SAAAAAElFTkSuQmCC.png\" \/>\n\t<meta property=\"og:image:width\" content=\"1024\" \/>\n\t<meta property=\"og:image:height\" content=\"1024\" \/>\n\t<meta property=\"og:image:type\" content=\"image\/png\" \/>\n<meta name=\"author\" content=\"Anna Norante\" \/>\n<meta name=\"twitter:card\" content=\"summary_large_image\" \/>\n<meta name=\"twitter:label1\" content=\"Written by\" \/>\n\t<meta name=\"twitter:data1\" content=\"Anna Norante\" \/>\n\t<meta name=\"twitter:label2\" content=\"Estimated reading time\" \/>\n\t<meta name=\"twitter:data2\" content=\"4 minutes\" \/>\n<script type=\"application\/ld+json\" class=\"yoast-schema-graph\">{\"@context\":\"https:\\\/\\\/schema.org\",\"@graph\":[{\"@type\":\"Article\",\"@id\":\"https:\\\/\\\/www.miamedicalitalia.it\\\/disability-pride-roma-2025-tutto-quello-che-ce-da-sapere\\\/#article\",\"isPartOf\":{\"@id\":\"https:\\\/\\\/www.miamedicalitalia.it\\\/disability-pride-roma-2025-tutto-quello-che-ce-da-sapere\\\/\"},\"author\":{\"name\":\"Anna Norante\",\"@id\":\"https:\\\/\\\/www.miamedicalitalia.it\\\/#\\\/schema\\\/person\\\/04a65f5cdcc128d65095be90c183f35a\"},\"headline\":\"Disability Pride Roma 2025: tutto quello che c\u2019\u00e8 da sapere\u00a0\",\"datePublished\":\"2025-09-07T18:44:31+00:00\",\"dateModified\":\"2025-09-07T18:44:32+00:00\",\"mainEntityOfPage\":{\"@id\":\"https:\\\/\\\/www.miamedicalitalia.it\\\/disability-pride-roma-2025-tutto-quello-che-ce-da-sapere\\\/\"},\"wordCount\":822,\"commentCount\":0,\"publisher\":{\"@id\":\"https:\\\/\\\/www.miamedicalitalia.it\\\/#organization\"},\"image\":{\"@id\":\"https:\\\/\\\/www.miamedicalitalia.it\\\/disability-pride-roma-2025-tutto-quello-che-ce-da-sapere\\\/#primaryimage\"},\"thumbnailUrl\":\"https:\\\/\\\/www.miamedicalitalia.it\\\/wp-content\\\/uploads\\\/2025\\\/08\\\/D3Rk4hVXHS7SAAAAAElFTkSuQmCC.png\",\"keywords\":[\"2025\",\"accessibilit\u00e0 mezzi Roma\",\"ausili medicali\",\"benefici\",\"disabilit\u00e0\",\"Disability Pride\",\"Disability Pride Parade Roma\",\"Disability Pride Roma\",\"Disability Village Roma\",\"inclusivit\u00e0\",\"manifestazione disabilit\u00e0 Roma\",\"noleggio\",\"turismo\"],\"articleSection\":[\"Anziani\",\"Disabili\",\"News\"],\"inLanguage\":\"en-GB\",\"potentialAction\":[{\"@type\":\"CommentAction\",\"name\":\"Comment\",\"target\":[\"https:\\\/\\\/www.miamedicalitalia.it\\\/disability-pride-roma-2025-tutto-quello-che-ce-da-sapere\\\/#respond\"]}]},{\"@type\":\"WebPage\",\"@id\":\"https:\\\/\\\/www.miamedicalitalia.it\\\/disability-pride-roma-2025-tutto-quello-che-ce-da-sapere\\\/\",\"url\":\"https:\\\/\\\/www.miamedicalitalia.it\\\/disability-pride-roma-2025-tutto-quello-che-ce-da-sapere\\\/\",\"name\":\"Disability Pride Roma 2025: tutto quello che c\u2019\u00e8 da sapere\u00a0 - Mia Medical\",\"isPartOf\":{\"@id\":\"https:\\\/\\\/www.miamedicalitalia.it\\\/#website\"},\"primaryImageOfPage\":{\"@id\":\"https:\\\/\\\/www.miamedicalitalia.it\\\/disability-pride-roma-2025-tutto-quello-che-ce-da-sapere\\\/#primaryimage\"},\"image\":{\"@id\":\"https:\\\/\\\/www.miamedicalitalia.it\\\/disability-pride-roma-2025-tutto-quello-che-ce-da-sapere\\\/#primaryimage\"},\"thumbnailUrl\":\"https:\\\/\\\/www.miamedicalitalia.it\\\/wp-content\\\/uploads\\\/2025\\\/08\\\/D3Rk4hVXHS7SAAAAAElFTkSuQmCC.png\",\"datePublished\":\"2025-09-07T18:44:31+00:00\",\"dateModified\":\"2025-09-07T18:44:32+00:00\",\"description\":\"Il 20 settembre 2025 Roma torna ad ospitare il Disability Pride. Scopri tutto quello che c\u2019\u00e8 da sapere per partecipare alla manifestazione!\",\"breadcrumb\":{\"@id\":\"https:\\\/\\\/www.miamedicalitalia.it\\\/disability-pride-roma-2025-tutto-quello-che-ce-da-sapere\\\/#breadcrumb\"},\"inLanguage\":\"en-GB\",\"potentialAction\":[{\"@type\":\"ReadAction\",\"target\":[\"https:\\\/\\\/www.miamedicalitalia.it\\\/disability-pride-roma-2025-tutto-quello-che-ce-da-sapere\\\/\"]}]},{\"@type\":\"ImageObject\",\"inLanguage\":\"en-GB\",\"@id\":\"https:\\\/\\\/www.miamedicalitalia.it\\\/disability-pride-roma-2025-tutto-quello-che-ce-da-sapere\\\/#primaryimage\",\"url\":\"https:\\\/\\\/www.miamedicalitalia.it\\\/wp-content\\\/uploads\\\/2025\\\/08\\\/D3Rk4hVXHS7SAAAAAElFTkSuQmCC.png\",\"contentUrl\":\"https:\\\/\\\/www.miamedicalitalia.it\\\/wp-content\\\/uploads\\\/2025\\\/08\\\/D3Rk4hVXHS7SAAAAAElFTkSuQmCC.png\",\"width\":1024,\"height\":1024,\"caption\":\"DISABILITY PRIDE ROMA\"},{\"@type\":\"BreadcrumbList\",\"@id\":\"https:\\\/\\\/www.miamedicalitalia.it\\\/disability-pride-roma-2025-tutto-quello-che-ce-da-sapere\\\/#breadcrumb\",\"itemListElement\":[{\"@type\":\"ListItem\",\"position\":1,\"name\":\"Home\",\"item\":\"https:\\\/\\\/www.miamedicalitalia.it\\\/\"},{\"@type\":\"ListItem\",\"position\":2,\"name\":\"Disability Pride Roma 2025: tutto quello che c\u2019\u00e8 da sapere\u00a0\"}]},{\"@type\":\"WebSite\",\"@id\":\"https:\\\/\\\/www.miamedicalitalia.it\\\/#website\",\"url\":\"https:\\\/\\\/www.miamedicalitalia.it\\\/\",\"name\":\"www.miamedicalitalia.it\",\"description\":\"Noleggio e Vendita Attrezzatura Sanitarie\",\"publisher\":{\"@id\":\"https:\\\/\\\/www.miamedicalitalia.it\\\/#organization\"},\"potentialAction\":[{\"@type\":\"SearchAction\",\"target\":{\"@type\":\"EntryPoint\",\"urlTemplate\":\"https:\\\/\\\/www.miamedicalitalia.it\\\/?s={search_term_string}\"},\"query-input\":{\"@type\":\"PropertyValueSpecification\",\"valueRequired\":true,\"valueName\":\"search_term_string\"}}],\"inLanguage\":\"en-GB\"},{\"@type\":\"Organization\",\"@id\":\"https:\\\/\\\/www.miamedicalitalia.it\\\/#organization\",\"name\":\"OLG\",\"url\":\"https:\\\/\\\/www.miamedicalitalia.it\\\/\",\"logo\":{\"@type\":\"ImageObject\",\"inLanguage\":\"en-GB\",\"@id\":\"https:\\\/\\\/www.miamedicalitalia.it\\\/#\\\/schema\\\/logo\\\/image\\\/\",\"url\":\"https:\\\/\\\/www.miamedicalitalia.it\\\/wp-content\\\/uploads\\\/2023\\\/04\\\/mia-medical-logo-free.png\",\"contentUrl\":\"https:\\\/\\\/www.miamedicalitalia.it\\\/wp-content\\\/uploads\\\/2023\\\/04\\\/mia-medical-logo-free.png\",\"width\":700,\"height\":700,\"caption\":\"OLG\"},\"image\":{\"@id\":\"https:\\\/\\\/www.miamedicalitalia.it\\\/#\\\/schema\\\/logo\\\/image\\\/\"},\"sameAs\":[\"https:\\\/\\\/www.facebook.com\\\/miamedicalitalia\"]},{\"@type\":\"Person\",\"@id\":\"https:\\\/\\\/www.miamedicalitalia.it\\\/#\\\/schema\\\/person\\\/04a65f5cdcc128d65095be90c183f35a\",\"name\":\"Anna Norante\",\"image\":{\"@type\":\"ImageObject\",\"inLanguage\":\"en-GB\",\"@id\":\"https:\\\/\\\/secure.gravatar.com\\\/avatar\\\/f0be0e99d2a735522752a5fe34e6262c835130f0de176393ad559698341f2d55?s=96&d=mm&r=g\",\"url\":\"https:\\\/\\\/secure.gravatar.com\\\/avatar\\\/f0be0e99d2a735522752a5fe34e6262c835130f0de176393ad559698341f2d55?s=96&d=mm&r=g\",\"contentUrl\":\"https:\\\/\\\/secure.gravatar.com\\\/avatar\\\/f0be0e99d2a735522752a5fe34e6262c835130f0de176393ad559698341f2d55?s=96&d=mm&r=g\",\"caption\":\"Anna Norante\"}}]}<\/script>\n<!-- \/ Yoast SEO Premium plugin. -->","yoast_head_json":{"title":"Disability Pride Rome 2025: everything you need to know  - Mia Medical","description":"On 20 September 2025, Rome will once again host Disability Pride. Find out everything you need to know to take part in the event!","robots":{"index":"index","follow":"follow","max-snippet":"max-snippet:-1","max-image-preview":"max-image-preview:large","max-video-preview":"max-video-preview:-1"},"canonical":"https:\/\/www.miamedicalitalia.it\/en\/disability-pride-roma-2025-tutto-quello-che-ce-da-sapere\/","og_locale":"en_GB","og_type":"article","og_title":"Disability Pride Roma 2025: tutto quello che c\u2019\u00e8 da sapere\u00a0 - Mia Medical","og_description":"Il 20 settembre 2025 Roma torna ad ospitare il Disability Pride. Scopri tutto quello che c\u2019\u00e8 da sapere per partecipare alla manifestazione!","og_url":"https:\/\/www.miamedicalitalia.it\/en\/disability-pride-roma-2025-tutto-quello-che-ce-da-sapere\/","og_site_name":"Mia Medical","article_publisher":"https:\/\/www.facebook.com\/miamedicalitalia","article_published_time":"2025-09-07T18:44:31+00:00","article_modified_time":"2025-09-07T18:44:32+00:00","og_image":[{"url":"https:\/\/www.miamedicalitalia.it\/wp-content\/uploads\/2025\/08\/D3Rk4hVXHS7SAAAAAElFTkSuQmCC.png","width":1024,"height":1024,"type":"image\/png"}],"author":"Anna Norante","twitter_card":"summary_large_image","twitter_misc":{"Written by":"Anna Norante","Estimated reading time":"4 minutes"},"schema":{"@context":"https:\/\/schema.org","@graph":[{"@type":"Article","@id":"https:\/\/www.miamedicalitalia.it\/disability-pride-roma-2025-tutto-quello-che-ce-da-sapere\/#article","isPartOf":{"@id":"https:\/\/www.miamedicalitalia.it\/disability-pride-roma-2025-tutto-quello-che-ce-da-sapere\/"},"author":{"name":"Anna Norante","@id":"https:\/\/www.miamedicalitalia.it\/#\/schema\/person\/04a65f5cdcc128d65095be90c183f35a"},"headline":"Disability Pride Roma 2025: tutto quello che c\u2019\u00e8 da sapere\u00a0","datePublished":"2025-09-07T18:44:31+00:00","dateModified":"2025-09-07T18:44:32+00:00","mainEntityOfPage":{"@id":"https:\/\/www.miamedicalitalia.it\/disability-pride-roma-2025-tutto-quello-che-ce-da-sapere\/"},"wordCount":822,"commentCount":0,"publisher":{"@id":"https:\/\/www.miamedicalitalia.it\/#organization"},"image":{"@id":"https:\/\/www.miamedicalitalia.it\/disability-pride-roma-2025-tutto-quello-che-ce-da-sapere\/#primaryimage"},"thumbnailUrl":"https:\/\/www.miamedicalitalia.it\/wp-content\/uploads\/2025\/08\/D3Rk4hVXHS7SAAAAAElFTkSuQmCC.png","keywords":["2025","accessibilit\u00e0 mezzi Roma","ausili medicali","benefici","disabilit\u00e0","Disability Pride","Disability Pride Parade Roma","Disability Pride Roma","Disability Village Roma","inclusivit\u00e0","manifestazione disabilit\u00e0 Roma","noleggio","turismo"],"articleSection":["Anziani","Disabili","News"],"inLanguage":"en-GB","potentialAction":[{"@type":"CommentAction","name":"Comment","target":["https:\/\/www.miamedicalitalia.it\/disability-pride-roma-2025-tutto-quello-che-ce-da-sapere\/#respond"]}]},{"@type":"WebPage","@id":"https:\/\/www.miamedicalitalia.it\/disability-pride-roma-2025-tutto-quello-che-ce-da-sapere\/","url":"https:\/\/www.miamedicalitalia.it\/disability-pride-roma-2025-tutto-quello-che-ce-da-sapere\/","name":"Disability Pride Rome 2025: everything you need to know  - Mia Medical","isPartOf":{"@id":"https:\/\/www.miamedicalitalia.it\/#website"},"primaryImageOfPage":{"@id":"https:\/\/www.miamedicalitalia.it\/disability-pride-roma-2025-tutto-quello-che-ce-da-sapere\/#primaryimage"},"image":{"@id":"https:\/\/www.miamedicalitalia.it\/disability-pride-roma-2025-tutto-quello-che-ce-da-sapere\/#primaryimage"},"thumbnailUrl":"https:\/\/www.miamedicalitalia.it\/wp-content\/uploads\/2025\/08\/D3Rk4hVXHS7SAAAAAElFTkSuQmCC.png","datePublished":"2025-09-07T18:44:31+00:00","dateModified":"2025-09-07T18:44:32+00:00","description":"On 20 September 2025, Rome will once again host Disability Pride. Find out everything you need to know to take part in the event!","breadcrumb":{"@id":"https:\/\/www.miamedicalitalia.it\/disability-pride-roma-2025-tutto-quello-che-ce-da-sapere\/#breadcrumb"},"inLanguage":"en-GB","potentialAction":[{"@type":"ReadAction","target":["https:\/\/www.miamedicalitalia.it\/disability-pride-roma-2025-tutto-quello-che-ce-da-sapere\/"]}]},{"@type":"ImageObject","inLanguage":"en-GB","@id":"https:\/\/www.miamedicalitalia.it\/disability-pride-roma-2025-tutto-quello-che-ce-da-sapere\/#primaryimage","url":"https:\/\/www.miamedicalitalia.it\/wp-content\/uploads\/2025\/08\/D3Rk4hVXHS7SAAAAAElFTkSuQmCC.png","contentUrl":"https:\/\/www.miamedicalitalia.it\/wp-content\/uploads\/2025\/08\/D3Rk4hVXHS7SAAAAAElFTkSuQmCC.png","width":1024,"height":1024,"caption":"DISABILITY PRIDE ROMA"},{"@type":"BreadcrumbList","@id":"https:\/\/www.miamedicalitalia.it\/disability-pride-roma-2025-tutto-quello-che-ce-da-sapere\/#breadcrumb","itemListElement":[{"@type":"ListItem","position":1,"name":"Home","item":"https:\/\/www.miamedicalitalia.it\/"},{"@type":"ListItem","position":2,"name":"Disability Pride Roma 2025: tutto quello che c\u2019\u00e8 da sapere\u00a0"}]},{"@type":"WebSite","@id":"https:\/\/www.miamedicalitalia.it\/#website","url":"https:\/\/www.miamedicalitalia.it\/","name":"www.miamedicalitalia.it","description":"Rental and Sale of Sanitary Equipment","publisher":{"@id":"https:\/\/www.miamedicalitalia.it\/#organization"},"potentialAction":[{"@type":"SearchAction","target":{"@type":"EntryPoint","urlTemplate":"https:\/\/www.miamedicalitalia.it\/?s={search_term_string}"},"query-input":{"@type":"PropertyValueSpecification","valueRequired":true,"valueName":"search_term_string"}}],"inLanguage":"en-GB"},{"@type":"Organization","@id":"https:\/\/www.miamedicalitalia.it\/#organization","name":"OLG","url":"https:\/\/www.miamedicalitalia.it\/","logo":{"@type":"ImageObject","inLanguage":"en-GB","@id":"https:\/\/www.miamedicalitalia.it\/#\/schema\/logo\/image\/","url":"https:\/\/www.miamedicalitalia.it\/wp-content\/uploads\/2023\/04\/mia-medical-logo-free.png","contentUrl":"https:\/\/www.miamedicalitalia.it\/wp-content\/uploads\/2023\/04\/mia-medical-logo-free.png","width":700,"height":700,"caption":"OLG"},"image":{"@id":"https:\/\/www.miamedicalitalia.it\/#\/schema\/logo\/image\/"},"sameAs":["https:\/\/www.facebook.com\/miamedicalitalia"]},{"@type":"Person","@id":"https:\/\/www.miamedicalitalia.it\/#\/schema\/person\/04a65f5cdcc128d65095be90c183f35a","name":"Anna Norante","image":{"@type":"ImageObject","inLanguage":"en-GB","@id":"https:\/\/secure.gravatar.com\/avatar\/f0be0e99d2a735522752a5fe34e6262c835130f0de176393ad559698341f2d55?s=96&d=mm&r=g","url":"https:\/\/secure.gravatar.com\/avatar\/f0be0e99d2a735522752a5fe34e6262c835130f0de176393ad559698341f2d55?s=96&d=mm&r=g","contentUrl":"https:\/\/secure.gravatar.com\/avatar\/f0be0e99d2a735522752a5fe34e6262c835130f0de176393ad559698341f2d55?s=96&d=mm&r=g","caption":"Anna Norante"}}]}},"_links":{"self":[{"href":"https:\/\/www.miamedicalitalia.it\/en\/wp-json\/wp\/v2\/posts\/14338","targetHints":{"allow":["GET"]}}],"collection":[{"href":"https:\/\/www.miamedicalitalia.it\/en\/wp-json\/wp\/v2\/posts"}],"about":[{"href":"https:\/\/www.miamedicalitalia.it\/en\/wp-json\/wp\/v2\/types\/post"}],"author":[{"embeddable":true,"href":"https:\/\/www.miamedicalitalia.it\/en\/wp-json\/wp\/v2\/users\/809"}],"replies":[{"embeddable":true,"href":"https:\/\/www.miamedicalitalia.it\/en\/wp-json\/wp\/v2\/comments?post=14338"}],"version-history":[{"count":11,"href":"https:\/\/www.miamedicalitalia.it\/en\/wp-json\/wp\/v2\/posts\/14338\/revisions"}],"predecessor-version":[{"id":14355,"href":"https:\/\/www.miamedicalitalia.it\/en\/wp-json\/wp\/v2\/posts\/14338\/revisions\/14355"}],"wp:featuredmedia":[{"embeddable":true,"href":"https:\/\/www.miamedicalitalia.it\/en\/wp-json\/wp\/v2\/media\/14356"}],"wp:attachment":[{"href":"https:\/\/www.miamedicalitalia.it\/en\/wp-json\/wp\/v2\/media?parent=14338"}],"wp:term":[{"taxonomy":"category","embeddable":true,"href":"https:\/\/www.miamedicalitalia.it\/en\/wp-json\/wp\/v2\/categories?post=14338"},{"taxonomy":"post_tag","embeddable":true,"href":"https:\/\/www.miamedicalitalia.it\/en\/wp-json\/wp\/v2\/tags?post=14338"}],"curies":[{"name":"wp","href":"https:\/\/api.w.org\/{rel}","templated":true}]}}